    
{"id":24384,"date":"2019-03-14T10:59:00","date_gmt":"2019-03-14T09:59:00","guid":{"rendered":"https:\/\/www.praha7.cz\/?p=24384"},"modified":"2019-03-15T10:03:42","modified_gmt":"2019-03-15T09:03:42","slug":"zatezovaci-zkousky-hlavkova-mostu-o-vikendu-omezi-dopravu","status":"publish","type":"post","link":"https:\/\/www.praha7.cz\/zatezovaci-zkousky-hlavkova-mostu-o-vikendu-omezi-dopravu\/","title":{"rendered":"Zat\u011b\u017eovac\u00ed zkou\u0161ky Hl\u00e1vkova mostu o&nbsp;v\u00edkendu omez\u00ed dopravu"},"content":{"rendered":"<p>[perex]<\/p>\r\n<p>O v\u00edkendu 16.&nbsp;a&nbsp;17.&nbsp;b\u0159ezna se uskute\u010dn\u00ed dal\u0161\u00ed zat\u011b\u017eovac\u00ed zkou\u0161ky Hl\u00e1vkova mostu. Ty ov\u011b\u0159\u00ed stav a&nbsp;zat\u00ed\u017eitelnost jeho jednotliv\u00fdch \u010d\u00e1st\u00ed v\u00a0r\u00e1mci celkov\u00e9 diagnostiky a&nbsp;p\u0159\u00edpravy jeho opravy. M\u011b\u0159en\u00ed za\u010dne v&nbsp;sobotu v&nbsp;rann\u00edch hodin\u00e1ch a&nbsp;potrv\u00e1 a\u017e do ned\u011bln\u00ed noci.<\/p>\r\n<p>[\/perex]\u00a0\u00a0<\/p>\r\n<p>Po dynamick\u00fdch zkou\u0161k\u00e1ch na konci ledna TSK hl. m. Prahy pokra\u010duje ve zji\u0161\u0165ov\u00e1n\u00ed celkov\u00e9ho stavu soumost\u00ed Hl\u00e1vkova mostu. O&nbsp;v\u00edkendu boudou prob\u00edhat statick\u00e9 z\u00e1t\u011b\u017eov\u00e9 zkou\u0161ky nov\u011bj\u0161\u00edch most\u016f SO201 a&nbsp;SO202 a&nbsp;mostu SO203 (V-011). Na most\u011b SO203 (V-011) nav\u00edc prob\u011bhne je\u0161t\u011b dynamick\u00e1 z\u00e1t\u011b\u017eov\u00e1 zkou\u0161ka.<\/p>\r\n<p><em>\u201eNa jeden v\u00edkend je to program velice nabit\u00fd, ale cht\u011bli jsme minimalizovat dopravn\u00ed omezen\u00ed, a&nbsp;proto jsme se rozhodli jednotliv\u00e9 zkou\u0161ky slou\u010dit do pouh\u00fdch dvou dn\u00ed,\u201c<\/em> \u0159\u00edk\u00e1 <em><strong>Petr Smolka, gener\u00e1ln\u00ed \u0159editel TSK<\/strong><\/em>.<\/p>\r\n<p>&nbsp;<\/p>\r\n<h3>DOPRAVN\u00cd OMEZEN\u00cd<\/h3>\r\n<p><em>&#8222;Doprava bude vedena po star\u00e9m most\u011b. \u0158idi\u010di ve sm\u011bru od centra budou p\u0159ej\u00ed\u017ed\u011bt p\u0159es tramvajov\u00fd p\u00e1s do protism\u011bru. Bude zde jeden a&nbsp;jeden j\u00edzdn\u00ed pruh v&nbsp;ka\u017ed\u00e9m sm\u011bru. Ud\u011bl\u00e1me v\u0161e pro to, abychom pr\u00e1ce dokon\u010dili co nejd\u0159\u00edve tak, aby \u0159idi\u010di v\u00a0ned\u011bln\u00ed podve\u010der mohli op\u011bt jezdit v\u00a0obvykl\u00e9m re\u017eimu 2+2. V\u0161e ov\u0161em z\u00e1le\u017e\u00ed na pr\u016fb\u011bhu prac\u00ed i&nbsp;na po\u010das\u00ed,&#8220;<\/em> popisuje dopravn\u00ed opat\u0159en\u00ed Barbora Li\u0161kov\u00e1 z&nbsp;TSK.<\/p>\r\n<p><strong>Automobilov\u00e1 doprava<\/strong><\/p>\r\n<p>Ji\u017en\u00ed strana mostu (j\u00edzdn\u00ed p\u00e1s ve sm\u011bru z\u00a0centra do Hole\u0161ovic) bude po cel\u00fd v\u00edkend uzav\u0159ena a&nbsp;doprava bude p\u0159evedena do protism\u011bru na severn\u00ed stranu mostu, a&nbsp;to obousm\u011brn\u011b, tedy v&nbsp;re\u017eimu 1+1. Dopravn\u00ed opat\u0159en\u00ed je navr\u017eeno tak, \u017ee nebylo nutn\u00e9 uzav\u0159\u00edt \u017e\u00e1dn\u00fd ze sjezd\u016f nebo n\u00e1jezd\u016f na most.<\/p>\r\n<p><strong>M\u011bstsk\u00e1 hromadn\u00e1 doprava<\/strong><\/p>\r\n<p>V\u00a0souvislosti se\u00a0zat\u011b\u017eovac\u00edmi zkou\u0161kami dojde k\u00a0v\u00fdluce tramvajov\u00e9ho provozu na Hl\u00e1vkov\u011b mostu. Ta se dotkne tramvajov\u00e9 linky \u010d\u00edslo 14, kter\u00e1 bude mezi Vltavskou a&nbsp;Masarykov\u00fdm n\u00e1dra\u017e\u00ed odklon\u011bna po dobu zkou\u0161ek p\u0159es Strossmayerovo n\u00e1m\u011bst\u00ed, Dlouhou t\u0159\u00eddu a&nbsp;N\u00e1m\u011bst\u00ed Republiky.<\/p>\r\n<p>&nbsp;<\/p>\r\n<p><span style=\"color: #3366ff;\"><a href=\"https:\/\/www.youtube.com\/watch?v=N4ypJgtUIDQ\" style=\"color: #3366ff;\"><strong>VIDEO\u00a0O\u00a0VZNIKU\u00a0SOUMOST\u00cd\u00a0HL\u00c1VKOVA\u00a0MOSTU<\/strong><\/a><\/span><\/p>","protected":false},"excerpt":{"rendered":"[perex] O&nbsp;v\u00edkendu 16.&nbsp;a&nbsp;17.&nbsp;b\u0159ezna se uskute\u010dn\u00ed dal\u0161\u00ed zat\u011b\u017eovac\u00ed zkou\u0161ky Hl\u00e1vkova mostu. Ty ov\u011b\u0159\u00ed stav a&nbsp;zat\u00ed\u017eitelnost jeho jednotliv\u00fdch \u010d\u00e1st\u00ed v\u00a0r\u00e1mci celkov\u00e9 diagnostiky a&nbsp;p\u0159\u00edpravy jeho opravy. M\u011b\u0159en\u00ed za\u010dne v&nbsp;sobotu v&nbsp;rann\u00edch hodin\u00e1ch a&nbsp;potrv\u00e1 a\u017e do ned\u011bln\u00ed noci. [\/perex]\u00a0\u00a0 Po dynamick\u00fdch zkou\u0161k\u00e1ch na konci ledna TSK hl. m. Prahy pokra\u010duje ve zji\u0161\u0165ov\u00e1n\u00ed celkov\u00e9ho stavu soumost\u00ed Hl\u00e1vkova mostu. O&nbsp;v\u00edkendu boudou [&hellip;]","protected":false},"author":5,"featured_media":24385,"comment_status":"closed","ping_status":"open","sticky":false,"template":"","format":"standard","meta":[],"categories":[34],"tags":[],"_links":{"self":[{"href":"https:\/\/www.praha7.cz\/api\/wp\/v2\/posts\/24384"}],"collection":[{"href":"https:\/\/www.praha7.cz\/api\/wp\/v2\/posts"}],"about":[{"href":"https:\/\/www.praha7.cz\/api\/wp\/v2\/types\/post"}],"author":[{"embeddable":true,"href":"https:\/\/www.praha7.cz\/api\/wp\/v2\/users\/5"}],"replies":[{"embeddable":true,"href":"https:\/\/www.praha7.cz\/api\/wp\/v2\/comments?post=24384"}],"version-history":[{"count":5,"href":"https:\/\/www.praha7.cz\/api\/wp\/v2\/posts\/24384\/revisions"}],"predecessor-version":[{"id":24419,"href":"https:\/\/www.praha7.cz\/api\/wp\/v2\/posts\/24384\/revisions\/24419"}],"wp:featuredmedia":[{"embeddable":true,"href":"https:\/\/www.praha7.cz\/api\/wp\/v2\/media\/24385"}],"wp:attachment":[{"href":"https:\/\/www.praha7.cz\/api\/wp\/v2\/media?parent=24384"}],"wp:term":[{"taxonomy":"category","embeddable":true,"href":"https:\/\/www.praha7.cz\/api\/wp\/v2\/categories?post=24384"},{"taxonomy":"post_tag","embeddable":true,"href":"https:\/\/www.praha7.cz\/api\/wp\/v2\/tags?post=24384"}],"curies":[{"name":"wp","href":"https:\/\/api.w.org\/{rel}","templated":true}]}}