    
{"id":24324,"date":"2019-03-13T10:55:10","date_gmt":"2019-03-13T09:55:10","guid":{"rendered":"https:\/\/www.praha7.cz\/?p=24324"},"modified":"2019-03-13T11:17:23","modified_gmt":"2019-03-13T10:17:23","slug":"hlaseni-poruch-verejneho-osvetleni-pomoci-ciselnych-stitku-na-lampach","status":"publish","type":"post","link":"https:\/\/www.praha7.cz\/hlaseni-poruch-verejneho-osvetleni-pomoci-ciselnych-stitku-na-lampach\/","title":{"rendered":"Hl\u00e1\u0161en\u00ed poruch ve\u0159ejn\u00e9ho osv\u011btlen\u00ed pomoc\u00ed \u010d\u00edseln\u00fdch \u0161t\u00edtk\u016f na lamp\u00e1ch"},"content":{"rendered":"<p>[perex]<\/p>\r\n<p>\u0160estim\u00edstn\u00e1 \u010d\u00edsla na lamp\u00e1ch pom\u00e1haj\u00ed u\u017e mnoho let jak s\u00a0identifikac\u00ed m\u00edsta poruchy ve\u0159ejn\u00e9ho osv\u011btlen\u00ed, tak i&nbsp;p\u0159i z\u00e1chran\u011b lidsk\u00fdch \u017eivot\u016f v\u00a0krizov\u00fdch situac\u00edch.<\/p>\r\n<p>[\/perex]\u00a0\u00a0<\/p>\r\n<p>V\u00a0\u010dervnu lo\u0148sk\u00e9ho roku se spr\u00e1vcem ve\u0159ejn\u00e9ho osv\u011btlen\u00ed v\u00a0Praze stala spole\u010dnost\u00a0<a href=\"https:\/\/www.thmp.cz\">Technologie hlavn\u00edho m\u011bsta Prahy, a.s.<\/a>. Nyn\u00ed mohou Pra\u017ean\u00e9 oznamovat\u00a0ve\u0161ker\u00e9 probl\u00e9my s\u00a0ve\u0159ejn\u00fdm osv\u011btlen\u00edm na dispe\u010dinku t\u011bmito zp\u016fsoby:<\/p>\r\n<ul style=\"list-style-type: circle;\">\r\n\t<li><strong>pomoc\u00ed bezplatn\u00e9 telefonn\u00ed linky 800\u00a0404\u00a0060<\/strong><\/li>\r\n\t<li><strong>elektronicky na <a href=\"https:\/\/www.thmp.cz\/jak-si-zaridit\/hlaseni-poruch\">kontaktn\u00edm formul\u00e1\u0159i<\/a> na webu spole\u010dnosti<\/strong><\/li>\r\n<\/ul>\r\n<p>V\u017edy s&nbsp;popisem poruchy <strong>nahlaste \u010d\u00edslo lampy<\/strong> uveden\u00e9 na identifika\u010dn\u00edm \u0161t\u00edtku na sto\u017e\u00e1ru VO. V\u00fdrazn\u011b t\u00edm urychl\u00edte lokalizaci poruchy.<\/p>\r\n<p>Identifika\u010dn\u00ed \u0161t\u00edtky maj\u00ed podobu mal\u00e9 plechov\u00e9 desti\u010dky s\u00a0vyra\u017een\u00fdmi \u010d\u00edsly. Najdete je na sloupu lampy sm\u011brem do silnice, a\u00a0to zhruba ve v\u00fd\u0161ce 150 centimetr\u016f. Ka\u017ed\u00e1 lampa m\u00e1 p\u0159id\u011bleno jedine\u010dn\u00e9, nezam\u011bniteln\u00e9 \u010d\u00edslo, kter\u00e9 se v\u00a0p\u0159\u00edpad\u011b zru\u0161en\u00ed lampy ji\u017e d\u00e1le nepou\u017eije. O\u010d\u00edslovan\u00e9 jsou lampy v\u00a0Praze, ale nap\u0159\u00edklad i\u00a0v\u00a0\u00dast\u00ed nad Labem, Liberci, Teplic\u00edch nebo v\u00a0Podbo\u0159anech.<\/p>\r\n<p>Toto \u010d\u00edseln\u00e9 ozna\u010den\u00ed postupn\u011b p\u0159evzaly i&nbsp;<strong>slo\u017eky integrovan\u00e9ho z\u00e1chrann\u00e9ho syst\u00e9mu<\/strong>. Pokud se tedy ocitnete v\u00a0situaci ohro\u017euj\u00edc\u00ed \u017eivot nebo zdrav\u00ed, kdy je pot\u0159eba z\u00e1chran\u00e1\u0159\u016fm, policii nebo hasi\u010d\u016fm co nejl\u00e9pe popsat m\u00edsto, kde se moment\u00e1ln\u011b nach\u00e1z\u00edte, vyhledejte nejbli\u017e\u0161\u00ed lampu ve\u0159ejn\u00e9ho osv\u011btlen\u00ed.<\/p>\r\n<p>V\u00edce informac\u00ed na <a href=\"https:\/\/www.facebook.com\/prahasviti\">Facebooku THMP<\/a><\/p>","protected":false},"excerpt":{"rendered":"[perex] \u0160estim\u00edstn\u00e1 \u010d\u00edsla na lamp\u00e1ch pom\u00e1haj\u00ed u\u017e mnoho let jak s\u00a0identifikac\u00ed m\u00edsta poruchy ve\u0159ejn\u00e9ho osv\u011btlen\u00ed, tak i&nbsp;p\u0159i z\u00e1chran\u011b lidsk\u00fdch \u017eivot\u016f v\u00a0krizov\u00fdch situac\u00edch. [\/perex]\u00a0\u00a0 V\u00a0\u010dervnu lo\u0148sk\u00e9ho roku se spr\u00e1vcem ve\u0159ejn\u00e9ho osv\u011btlen\u00ed v\u00a0Praze stala spole\u010dnost\u00a0Technologie hlavn\u00edho m\u011bsta Prahy, a.s.. Nyn\u00ed mohou Pra\u017ean\u00e9 oznamovat\u00a0ve\u0161ker\u00e9 probl\u00e9my s\u00a0ve\u0159ejn\u00fdm osv\u011btlen\u00edm na dispe\u010dinku t\u011bmito zp\u016fsoby: pomoc\u00ed bezplatn\u00e9 telefonn\u00ed linky 800\u00a0404\u00a0060 elektronicky na [&hellip;]","protected":false},"author":97,"featured_media":24326,"comment_status":"closed","ping_status":"open","sticky":false,"template":"","format":"standard","meta":[],"categories":[34],"tags":[],"_links":{"self":[{"href":"https:\/\/www.praha7.cz\/api\/wp\/v2\/posts\/24324"}],"collection":[{"href":"https:\/\/www.praha7.cz\/api\/wp\/v2\/posts"}],"about":[{"href":"https:\/\/www.praha7.cz\/api\/wp\/v2\/types\/post"}],"author":[{"embeddable":true,"href":"https:\/\/www.praha7.cz\/api\/wp\/v2\/users\/97"}],"replies":[{"embeddable":true,"href":"https:\/\/www.praha7.cz\/api\/wp\/v2\/comments?post=24324"}],"version-history":[{"count":4,"href":"https:\/\/www.praha7.cz\/api\/wp\/v2\/posts\/24324\/revisions"}],"predecessor-version":[{"id":24331,"href":"https:\/\/www.praha7.cz\/api\/wp\/v2\/posts\/24324\/revisions\/24331"}],"wp:featuredmedia":[{"embeddable":true,"href":"https:\/\/www.praha7.cz\/api\/wp\/v2\/media\/24326"}],"wp:attachment":[{"href":"https:\/\/www.praha7.cz\/api\/wp\/v2\/media?parent=24324"}],"wp:term":[{"taxonomy":"category","embeddable":true,"href":"https:\/\/www.praha7.cz\/api\/wp\/v2\/categories?post=24324"},{"taxonomy":"post_tag","embeddable":true,"href":"https:\/\/www.praha7.cz\/api\/wp\/v2\/tags?post=24324"}],"curies":[{"name":"wp","href":"https:\/\/api.w.org\/{rel}","templated":true}]}}