    
{"id":24242,"date":"2019-03-08T15:48:02","date_gmt":"2019-03-08T14:48:02","guid":{"rendered":"https:\/\/www.praha7.cz\/?p=24242"},"modified":"2019-03-08T15:48:02","modified_gmt":"2019-03-08T14:48:02","slug":"hledate-zajimavou-praci-se-zamerenim-na-dopravu","status":"publish","type":"post","link":"https:\/\/www.praha7.cz\/hledate-zajimavou-praci-se-zamerenim-na-dopravu\/","title":{"rendered":"Hled\u00e1te zaj\u00edmavou pr\u00e1ci se zam\u011b\u0159en\u00edm na dopravu?"},"content":{"rendered":"<p>[perex]<\/p>\r\n<p>\u00da\u0159ad Prahy&nbsp;7 sh\u00e1n\u00ed do sv\u00e9ho t\u00fdmu kolegu\/kolegyni na pozici referent\/ka odd\u011blen\u00ed silni\u010dn\u00edho spr\u00e1vn\u00edho \u00fa\u0159adu na Odboru dopravy. Jste na silnic\u00edch jako doma a&nbsp;vyzn\u00e1te se v\u00a0pravidlech provozu na komunikac\u00edch? Cht\u011bli byste se starat o&nbsp;dopravu v\u00a0Praze 7? R\u00e1di byste pracovali v\u00a0dynamicky se rozv\u00edjej\u00edc\u00ed m\u011bstsk\u00e9 \u010d\u00e1sti pro \u00fa\u0159ad s\u00a0tak trochu jin\u00fdm p\u0159\u00edstupem? Nev\u00e1hejte a&nbsp;p\u0159ihlaste se do na\u0161eho v\u00fdb\u011brov\u00e9ho \u0159\u00edzen\u00ed.<\/p>\r\n<p>[\/perex]<\/p>\r\n<h3>Co u&nbsp;n\u00e1s budete d\u011blat?<\/h3>\r\n<p>Budete vykon\u00e1vat p\u016fsobnost silni\u010dn\u00edho spr\u00e1vn\u00edho \u00fa\u0159adu ve v\u011bcech m\u00edstn\u00edch komunikac\u00ed II.-IV. t\u0159\u00eddy. Povedete spr\u00e1vn\u00ed \u0159\u00edzen\u00ed, budete jednat s\u00a0klienty, \u0159e\u0161it z\u00e1le\u017eitosti zvl\u00e1\u0161tn\u00edho u\u017e\u00edv\u00e1n\u00ed komunikac\u00ed a&nbsp;\u00faprav dopravn\u00edho re\u017eimu a&nbsp;prov\u00e1d\u011bt kontroln\u00ed \u010dinnost v&nbsp;ter\u00e9nu.<\/p>\r\n<p>&nbsp;<\/p>\r\n<h3>Co od v\u00e1s o\u010dek\u00e1v\u00e1me?<\/h3>\r\n<p>&#8211;\u00a0\u00a0\u00a0\u00a0\u00a0\u00a0 vysoko\u0161kolsk\u00e9 vzd\u011bl\u00e1n\u00ed v&nbsp;bakal\u00e1\u0159sk\u00e9m studijn\u00edm programu<\/p>\r\n<p>&#8211;\u00a0\u00a0\u00a0\u00a0\u00a0\u00a0 p\u0159\u00edpadn\u011b vy\u0161\u0161\u00ed odborn\u00e9 vzd\u011bl\u00e1n\u00ed nebo st\u0159edn\u00ed vzd\u011bl\u00e1n\u00ed s&nbsp;maturitn\u00ed zkou\u0161kou (obor doprava)<\/p>\r\n<p>&#8211;\u00a0\u00a0\u00a0\u00a0\u00a0\u00a0 znalost:<\/p>\r\n<p>o\u00a0\u00a0 \u00a0z\u00e1kona \u010d. 13\/1997 Sb. o&nbsp;pozemn\u00edch komunikac\u00edch<\/p>\r\n<p>o\u00a0\u00a0 z\u00e1kona\u00a0 \u010d.361\/2000 Sb.o provozu na pozemn\u00edch komunikac\u00edch<\/p>\r\n<p>o\u00a0\u00a0 vyhl\u00e1\u0161ky 294\/2015 Sb. kterou se prov\u00e1d\u011bj\u00ed pravidla provozu na pozemn\u00edch komunikac\u00edch<\/p>\r\n<p>o\u00a0\u00a0 z\u00e1kona \u010d. 500\/2004 Sb., spr\u00e1vn\u00ed \u0159\u00e1d<\/p>\r\n<p>o\u00a0\u00a0 z\u00e1kona\u00a0 \u010d. 250\/2016 Sb.,\u00a0 o&nbsp;odpov\u011bdnosti za p\u0159estupky a&nbsp;\u0159\u00edzen\u00ed o&nbsp;nich<\/p>\r\n<p>\u2022\u00a0\u00a0\u00a0\u00a0\u00a0\u00a0\u00a0\u00a0\u00a0\u00a0 znalost PC MS Word, MS Excel, Internet<\/p>\r\n<p>\u2022\u00a0\u00a0\u00a0\u00a0\u00a0\u00a0\u00a0\u00a0\u00a0\u00a0 zkou\u0161ka zvl\u00e1\u0161tn\u00ed odborn\u00e9 zp\u016fsobilosti v\u00fdhodou<\/p>\r\n<p>\u2022\u00a0\u00a0\u00a0\u00a0\u00a0\u00a0\u00a0\u00a0\u00a0\u00a0 znalost sv\u011btov\u00e9ho jazyka v\u00fdhodou<\/p>\r\n<p>&nbsp;<\/p>\r\n<h3>Co v\u00e1m nab\u00edz\u00edme?<\/h3>\r\n<p>Pracovn\u00ed pom\u011br na dobu neur\u010ditou. N\u00e1stupn\u00ed plat v&nbsp;10.&nbsp;platov\u00e9 t\u0159\u00edd\u011b a\u017e do v\u00fd\u0161e 29&nbsp;740&nbsp;K\u010d podle d\u00e9lky odborn\u00e9 praxe. Po zku\u0161ebn\u00ed dob\u011b osobn\u00ed p\u0159\u00edplatek a\u017e do v\u00fd\u0161e 100 %\u00a0maxim\u00e1ln\u00edho n\u00e1stupn\u00edho platu.<\/p>\r\n<p>&nbsp;<\/p>\r\n<table width=\"1109\" height=\"217\" style=\"color: black !important; font-weight: normal !important;\">\r\n<tbody>\r\n<tr>\r\n<td style=\"height: 0px; text-align: center;\"><\/td>\r\n<td style=\"height: 0px; text-align: center;\"><\/td>\r\n<td style=\"height: 0px; text-align: center;\"><\/td>\r\n<\/tr>\r\n<tr>\r\n<td style=\"width: 361px; text-align: center;\">\r\n<p><img loading=\"lazy\" src=\"https:\/\/www.praha7.cz\/wp-content\/uploads\/2018\/11\/rust.jpg\" alt=\"\" width=\"99\" height=\"96\" class=\"alignnone size-full wp-image-21382\" \/><\/p>\r\n<span style=\"font-weight: normal !important; color: black !important;\">Platov\u00e9 ohodnocen\u00ed, kter\u00e9 roste spolu s&nbsp;v\u00e1mi.<\/span><\/td>\r\n<td style=\"width: 363px; text-align: center;\">\r\n<p><img loading=\"lazy\" src=\"https:\/\/www.praha7.cz\/wp-content\/uploads\/2018\/11\/benefit.jpg\" alt=\"\" width=\"99\" height=\"96\" class=\"alignnone size-full wp-image-21381\" \/><\/p>\r\n<span style=\"font-weight: normal !important; color: black !important;\">\u0160irokou \u0161k\u00e1lu benefit\u016f, kter\u00e9 p\u0159ich\u00e1zej\u00ed ve spr\u00e1vn\u00fd \u010das.<\/span><\/td>\r\n<td style=\"width: 363px; text-align: center;\">\r\n<p><img loading=\"lazy\" src=\"https:\/\/www.praha7.cz\/wp-content\/uploads\/2018\/11\/dovolena.jpg\" alt=\"\" width=\"99\" height=\"96\" class=\"alignnone size-full wp-image-21383\" \/><\/p>\r\n<span style=\"font-weight: normal !important; color: black !important;\">5 t\u00fddn\u016f dovolen\u00e9, na kterou\u00a0 nebudete cht\u00edt odjet.<\/span><\/td>\r\n<\/tr>\r\n<tr>\r\n<td style=\"width: 361px; text-align: center;\">\r\n<p><img loading=\"lazy\" src=\"https:\/\/www.praha7.cz\/wp-content\/uploads\/2018\/11\/vzdelavani.jpg\" alt=\"\" width=\"142\" height=\"96\" class=\"alignnone size-full wp-image-21384\" \/><\/p>\r\n<span style=\"font-weight: normal !important; color: black !important;\">Mo\u017enost dal\u0161\u00edho vzd\u011bl\u00e1van\u00ed, abyste se ve sv\u011bt\u011b neztratili.<\/span><\/td>\r\n<td style=\"width: 363px; text-align: center;\">\r\n<p><img loading=\"lazy\" src=\"https:\/\/www.praha7.cz\/wp-content\/uploads\/2018\/11\/inspirace.jpg\" alt=\"\" width=\"99\" height=\"96\" class=\"alignnone size-full wp-image-21385\" \/><\/p>\r\n<span style=\"font-weight: normal !important; color: black !important;\">Pr\u00e1ci v&nbsp;inspirativn\u00edm kolektivu, kde se p\u0159ed n\u00e1pady nezav\u00edraj\u00ed o\u010di.<\/span><\/td>\r\n<td style=\"width: 363px; text-align: center;\">\r\n<p><img loading=\"lazy\" src=\"https:\/\/www.praha7.cz\/wp-content\/uploads\/2018\/11\/perspektiva.jpg\" alt=\"\" width=\"99\" height=\"96\" class=\"alignnone size-full wp-image-21386\" \/><\/p>\r\n<span style=\"font-weight: normal !important; color: black !important;\">Perspektivn\u00ed zam\u011bstn\u00e1n\u00ed, kde pom\u00e1h\u00e1te m\u011bnit sv\u011bt kolem sebe.<\/span><\/td>\r\n<\/tr>\r\n<\/tbody>\r\n<\/table>\r\n<p>&nbsp;<\/p>\r\n<h3>Jak se k\u00a0n\u00e1m dostanete?<\/h3>\r\n<p>P\u0159ihl\u00e1\u0161ku a&nbsp;souhlas se zpracov\u00e1n\u00edm osobn\u00edch \u00fadaj\u016f (naleznete ve <a href=\"https:\/\/www.praha7.cz\/radnice\/povinne-zverejnovane-informace\/formulare\/\">Formul\u00e1\u0159\u00edch Odboru person\u00e1ln\u00edch \u010dinnost\u00ed<\/a>) v\u010detn\u011b strukturovan\u00e9ho \u017eivotopisu, v\u00fdpisu z\u00a0evidence Rejst\u0159\u00edku trest\u016f a\u00a0ov\u011b\u0159en\u00e9 kopie dokladu o\u00a0nejvy\u0161\u0161\u00edm dosa\u017een\u00e9m vzd\u011bl\u00e1n\u00ed je mo\u017en\u00e9 osobn\u011b doru\u010dit v\u00a0\u00fa\u0159edn\u00edch hodin\u00e1ch do podatelny \u00da\u0159adu M\u010c Praha\u00a07 nebo zaslat na n\u00ed\u017ee uvedenou adresu\u00a0<strong><span style=\"color: #ff0000;\">nejpozd\u011bji do 25.\u00a03.\u00a02019<\/span><\/strong>.<\/p>\r\n<p>&nbsp;<\/p>\r\n<p><strong>P\u0159edpokl\u00e1dan\u00fd vznik pracovn\u00edho pom\u011bru 1.&nbsp;4.&nbsp;2019.<\/strong><\/p>\r\n<p>&nbsp;<\/p>\r\n<p><em>M\u011bstsk\u00e1 \u010d\u00e1st Praha&nbsp;7<\/em><\/p>\r\n<p><em>\u00da\u0159ad m\u011bstsk\u00e9 \u010d\u00e1sti Praha&nbsp;7<\/em><\/p>\r\n<p><em>Odbor person\u00e1ln\u00edch \u010dinnost\u00ed<\/em><\/p>\r\n<p><em>n\u00e1b\u0159. Kpt. Jaro\u0161e 1000<\/em><\/p>\r\n<p><em>170&nbsp;00 Praha&nbsp;7<\/em><\/p>\r\n<p>&nbsp;<\/p>\r\n<p>Ve\u0161ker\u00e9 pot\u0159ebn\u00e9 informace pro p\u0159ihl\u00e1\u0161en\u00ed do v\u00fdb\u011brov\u00e9ho \u0159\u00edzen\u00ed naleznete <a href=\"https:\/\/www.praha7.cz\/wp-content\/uploads\/2019\/03\/ODO_referent_silnicniho_spr._uradu-1.pdf\">zde<\/a>.<\/p>","protected":false},"excerpt":{"rendered":"[perex] \u00da\u0159ad Prahy&nbsp;7 sh\u00e1n\u00ed do sv\u00e9ho t\u00fdmu kolegu\/kolegyni na pozici referent\/ka odd\u011blen\u00ed silni\u010dn\u00edho spr\u00e1vn\u00edho \u00fa\u0159adu na Odboru dopravy. Jste na silnic\u00edch jako doma a&nbsp;vyzn\u00e1te se v\u00a0pravidlech provozu na komunikac\u00edch? Cht\u011bli byste se starat o&nbsp;dopravu v\u00a0Praze 7? R\u00e1di byste pracovali v\u00a0dynamicky se rozv\u00edjej\u00edc\u00ed m\u011bstsk\u00e9 \u010d\u00e1sti pro \u00fa\u0159ad s\u00a0tak trochu jin\u00fdm p\u0159\u00edstupem? Nev\u00e1hejte a&nbsp;p\u0159ihlaste se do na\u0161eho [&hellip;]","protected":false},"author":5,"featured_media":24244,"comment_status":"closed","ping_status":"open","sticky":false,"template":"","format":"standard","meta":[],"categories":[34],"tags":[],"_links":{"self":[{"href":"https:\/\/www.praha7.cz\/api\/wp\/v2\/posts\/24242"}],"collection":[{"href":"https:\/\/www.praha7.cz\/api\/wp\/v2\/posts"}],"about":[{"href":"https:\/\/www.praha7.cz\/api\/wp\/v2\/types\/post"}],"author":[{"embeddable":true,"href":"https:\/\/www.praha7.cz\/api\/wp\/v2\/users\/5"}],"replies":[{"embeddable":true,"href":"https:\/\/www.praha7.cz\/api\/wp\/v2\/comments?post=24242"}],"version-history":[{"count":4,"href":"https:\/\/www.praha7.cz\/api\/wp\/v2\/posts\/24242\/revisions"}],"predecessor-version":[{"id":24248,"href":"https:\/\/www.praha7.cz\/api\/wp\/v2\/posts\/24242\/revisions\/24248"}],"wp:featuredmedia":[{"embeddable":true,"href":"https:\/\/www.praha7.cz\/api\/wp\/v2\/media\/24244"}],"wp:attachment":[{"href":"https:\/\/www.praha7.cz\/api\/wp\/v2\/media?parent=24242"}],"wp:term":[{"taxonomy":"category","embeddable":true,"href":"https:\/\/www.praha7.cz\/api\/wp\/v2\/categories?post=24242"},{"taxonomy":"post_tag","embeddable":true,"href":"https:\/\/www.praha7.cz\/api\/wp\/v2\/tags?post=24242"}],"curies":[{"name":"wp","href":"https:\/\/api.w.org\/{rel}","templated":true}]}}