    
{"id":24122,"date":"2019-03-06T12:21:18","date_gmt":"2019-03-06T11:21:18","guid":{"rendered":"https:\/\/www.praha7.cz\/?p=24122"},"modified":"2020-10-30T12:02:05","modified_gmt":"2020-10-30T11:02:05","slug":"sluzby-fokusu-praha-pro-lidi-s-dusevnim-onemocnenim-na-nove-adrese","status":"publish","type":"post","link":"https:\/\/www.praha7.cz\/sluzby-fokusu-praha-pro-lidi-s-dusevnim-onemocnenim-na-nove-adrese\/","title":{"rendered":"Slu\u017eby Fokusu Praha pro lidi s&nbsp;du\u0161evn\u00edm onemocn\u011bn\u00edm na nov\u00e9 adrese"},"content":{"rendered":"<p>[perex]<\/p>\r\n<p>Komunitn\u00ed t\u00fdm Karl\u00edn m\u00e1 nov\u00e9 z\u00e1zem\u00ed v&nbsp;Praze 7 na adrese Dukelsk\u00fdch hrdin\u016f 1. Soci\u00e1ln\u00ed pracovn\u00edci odtud vyj\u00ed\u017ed\u011bj\u00ed za sv\u00fdmi klienty na Prahu 3, 5 a&nbsp;7. Sou\u010d\u00e1st\u00ed tohoto t\u00fdmu je i&nbsp;poskytov\u00e1n\u00ed chr\u00e1n\u011bn\u00e9ho bydlen\u00ed. V\u0161echny slu\u017eby jsou ur\u010deny dosp\u011bl\u00fdm lidem se zku\u0161enost\u00ed s&nbsp;du\u0161evn\u00edm onemocn\u011bn\u00edm (nap\u0159. schizofrenie, schizoafektivn\u00ed poruchy apod). Ve \u010dtvrtek 7.&nbsp;3., 11:00 &#8211; 17:00 hod., prob\u00edh\u00e1 v&nbsp;nov\u00fdch prostor\u00e1ch den otev\u0159en\u00fdch dve\u0159\u00ed.\u00a0<\/p>\r\n<p>[\/perex]<\/p>\r\n<p>Slu\u017eby Komunitn\u00edho t\u00fdmu Karl\u00edn pom\u00e1haj\u00ed p\u0159edev\u0161\u00edm v&nbsp;t\u011bchto oblastech:\u00a0<\/p>\r\n<ul>\r\n\t<li>p\u0159i z\u00edsk\u00e1v\u00e1n\u00ed n\u00e1vyk\u016f samostatn\u00e9ho bydlen\u00ed (\u00fadr\u017eba dom\u00e1cnosti, komunikace se spoluobyvateli nebo s&nbsp;rodinn\u00fdmi p\u0159\u00edslu\u0161n\u00edky, finan\u010dn\u00ed hospoda\u0159en\u00ed),<\/li>\r\n\t<li>p\u0159i jedn\u00e1n\u00ed s&nbsp;\u00fa\u0159ady a&nbsp;dal\u0161\u00edmi institucemi,<\/li>\r\n\t<li>p\u0159i jedn\u00e1n\u00ed s\u00a0l\u00e9ka\u0159i,<\/li>\r\n\t<li>p\u0159i koordinaci dal\u0161\u00edch slu\u017eeb, kter\u00e9 klient pot\u0159ebuje,<\/li>\r\n\t<li>p\u0159i krizov\u00fdch situac\u00edch spojen\u00fdch se zhor\u0161en\u00fdm zdravotn\u00edm stavem,<\/li>\r\n\t<li>p\u0159i dodr\u017eov\u00e1n\u00ed l\u00e9\u010debn\u00e9ho re\u017eimu,<\/li>\r\n\t<li>p\u0159i zvl\u00e1d\u00e1n\u00ed pravideln\u00fdch denn\u00edch aktivit.<\/li>\r\n<\/ul>\r\n<p>Ve \u010dtvrtek 7.&nbsp;3., 11:00 &#8211; 17:00 hod., se v&nbsp;nov\u00fdch prostor\u00e1ch v&nbsp;ul. Dukelsk\u00fdch hrdin\u016f 1 kon\u00e1 den otev\u0159en\u00fdch dve\u0159\u00ed. V\u00edce informac\u00ed naleznete <a href=\"https:\/\/www.praha7.cz\/wp-content\/uploads\/2019\/03\/Fokus-den-otev\u0159en\u00fdch-dve\u0159\u00ed.jpg\">zde<\/a>.\u00a0<\/p>\r\n<p><br \/>\r\nFokus Praha ji\u017e od roku 1990 pom\u00e1h\u00e1 lidem s\u00a0probl\u00e9my v\u00a0oblasti du\u0161evn\u00edho zdrav\u00ed naj\u00edt cestu ke spokojen\u00e9mu, d\u016fstojn\u00e9mu a&nbsp;perspektivn\u00edmu \u017eivotu.\u00a0\u00a0Je pr\u016fvodcem v\u00a0\u0159e\u0161en\u00ed ot\u00e1zek bydlen\u00ed, pr\u00e1ce, terapie, soci\u00e1ln\u00edch vazeb i&nbsp;volno\u010dasov\u00fdch aktivit. Vzd\u011bl\u00e1v\u00e1 odbornou ve\u0159ejnost. Provozuje soci\u00e1ln\u00ed firmy, jejich\u017e smyslem je zam\u011bstn\u00e1v\u00e1n\u00ed lid\u00ed, kte\u0159\u00ed jsou znev\u00fdhodn\u011bn\u00ed na otev\u0159en\u00e9m trhu pr\u00e1ce. Zakl\u00e1d\u00e1 a&nbsp;provozuje centra du\u0161evn\u00edho zdrav\u00ed poskytuj\u00edc\u00ed komplexn\u00ed komunitn\u00ed p\u00e9\u010di. Bojuje s\u00a0p\u0159edsudky a&nbsp;m\u00fdty v\u00a0oblasti du\u0161evn\u00edho zdrav\u00ed, kter\u00e9 ve spole\u010dnosti panuj\u00ed.<\/p>\r\n<p>Fokus Praha se aktivn\u011b zasazuje o&nbsp;zm\u011bnu p\u0159\u00edstupu k\u00a0lidem se zku\u0161enost\u00ed s\u00a0du\u0161evn\u00edm onemocn\u011bn\u00edm a&nbsp;prosazuje nezbytnost reformy psychiatrick\u00e9 p\u00e9\u010de v\u00a0\u010cesk\u00e9 republice<\/p>\r\n<p>&nbsp;<\/p>\r\n<p><em>Kontakt:\u00a0<\/em><\/p>\r\n<p><em>Komunitn\u00ed t\u00fdm Karl\u00edn<\/em><\/p>\r\n<p><em>Dukelsk\u00fdch hrdin\u016f 1, 170&nbsp;00 Praha&nbsp;7<\/em><\/p>\r\n<p><em>tel.: 778&nbsp;764&nbsp;738<\/em><\/p>\r\n<p><em>kt.karlin@fokus-praha.cz<\/em><\/p>","protected":false},"excerpt":{"rendered":"[perex] Komunitn\u00ed t\u00fdm Karl\u00edn m\u00e1 nov\u00e9 z\u00e1zem\u00ed v&nbsp;Praze 7 na adrese Dukelsk\u00fdch hrdin\u016f 1. Soci\u00e1ln\u00ed pracovn\u00edci odtud vyj\u00ed\u017ed\u011bj\u00ed za sv\u00fdmi klienty na Prahu 3, 5 a&nbsp;7. Sou\u010d\u00e1st\u00ed tohoto t\u00fdmu je i&nbsp;poskytov\u00e1n\u00ed chr\u00e1n\u011bn\u00e9ho bydlen\u00ed. V\u0161echny slu\u017eby jsou ur\u010deny dosp\u011bl\u00fdm lidem se zku\u0161enost\u00ed s&nbsp;du\u0161evn\u00edm onemocn\u011bn\u00edm (nap\u0159. schizofrenie, schizoafektivn\u00ed poruchy apod). Ve \u010dtvrtek 7.&nbsp;3., 11:00 &#8211; 17:00 hod., [&hellip;]","protected":false},"author":5,"featured_media":24126,"comment_status":"closed","ping_status":"open","sticky":false,"template":"","format":"standard","meta":[],"categories":[34],"tags":[],"_links":{"self":[{"href":"https:\/\/www.praha7.cz\/api\/wp\/v2\/posts\/24122"}],"collection":[{"href":"https:\/\/www.praha7.cz\/api\/wp\/v2\/posts"}],"about":[{"href":"https:\/\/www.praha7.cz\/api\/wp\/v2\/types\/post"}],"author":[{"embeddable":true,"href":"https:\/\/www.praha7.cz\/api\/wp\/v2\/users\/5"}],"replies":[{"embeddable":true,"href":"https:\/\/www.praha7.cz\/api\/wp\/v2\/comments?post=24122"}],"version-history":[{"count":4,"href":"https:\/\/www.praha7.cz\/api\/wp\/v2\/posts\/24122\/revisions"}],"predecessor-version":[{"id":43152,"href":"https:\/\/www.praha7.cz\/api\/wp\/v2\/posts\/24122\/revisions\/43152"}],"wp:featuredmedia":[{"embeddable":true,"href":"https:\/\/www.praha7.cz\/api\/wp\/v2\/media\/24126"}],"wp:attachment":[{"href":"https:\/\/www.praha7.cz\/api\/wp\/v2\/media?parent=24122"}],"wp:term":[{"taxonomy":"category","embeddable":true,"href":"https:\/\/www.praha7.cz\/api\/wp\/v2\/categories?post=24122"},{"taxonomy":"post_tag","embeddable":true,"href":"https:\/\/www.praha7.cz\/api\/wp\/v2\/tags?post=24122"}],"curies":[{"name":"wp","href":"https:\/\/api.w.org\/{rel}","templated":true}]}}