    
{"id":24040,"date":"2019-03-01T14:25:09","date_gmt":"2019-03-01T13:25:09","guid":{"rendered":"https:\/\/www.praha7.cz\/?p=24040"},"modified":"2019-03-01T14:25:09","modified_gmt":"2019-03-01T13:25:09","slug":"prorez-stromu-v-parciku-u-kostela-sv-klimenta","status":"publish","type":"post","link":"https:\/\/www.praha7.cz\/prorez-stromu-v-parciku-u-kostela-sv-klimenta\/","title":{"rendered":"Pro\u0159ez strom\u016f v&nbsp;par\u010d\u00edku u&nbsp;kostela sv. Klimenta"},"content":{"rendered":"<p>[perex]<br \/>\r\nUpozor\u0148ujeme, \u017ee v\u00a0pond\u011bl\u00ed 4.&nbsp;3.&nbsp;bude od rann\u00edch hodin prob\u00edhat v\u00a0par\u010d\u00edku u&nbsp;kostela sv. Klimenta pro\u0159ez strom\u016f. Pros\u00edme \u0159idi\u010de, aby z\u00a0d\u016fvodu bezpe\u010dnosti respektovali z\u00e1kaz zastaven\u00ed pod\u00e9l zdi par\u010d\u00edku v\u00a0ulici Skaleck\u00e1 a&nbsp;sv\u00e1 vozidla v\u010das p\u0159em\u00edstili \u2013 hroz\u00ed nebezpe\u010d\u00ed p\u00e1du v\u011btv\u00ed. D\u011bkujeme. \u00a0<br \/>\r\n[\/perex]<\/p>","protected":false},"excerpt":{"rendered":"[perex] Upozor\u0148ujeme, \u017ee v\u00a0pond\u011bl\u00ed 4.&nbsp;3.&nbsp;bude od rann\u00edch hodin prob\u00edhat v\u00a0par\u010d\u00edku u&nbsp;kostela sv. Klimenta pro\u0159ez strom\u016f. Pros\u00edme \u0159idi\u010de, aby z\u00a0d\u016fvodu bezpe\u010dnosti respektovali z\u00e1kaz zastaven\u00ed pod\u00e9l zdi par\u010d\u00edku v\u00a0ulici Skaleck\u00e1 a&nbsp;sv\u00e1 vozidla v\u010das p\u0159em\u00edstili \u2013 hroz\u00ed nebezpe\u010d\u00ed p\u00e1du v\u011btv\u00ed. D\u011bkujeme. \u00a0 [\/perex]","protected":false},"author":5,"featured_media":17622,"comment_status":"closed","ping_status":"open","sticky":false,"template":"","format":"standard","meta":[],"categories":[34],"tags":[],"_links":{"self":[{"href":"https:\/\/www.praha7.cz\/api\/wp\/v2\/posts\/24040"}],"collection":[{"href":"https:\/\/www.praha7.cz\/api\/wp\/v2\/posts"}],"about":[{"href":"https:\/\/www.praha7.cz\/api\/wp\/v2\/types\/post"}],"author":[{"embeddable":true,"href":"https:\/\/www.praha7.cz\/api\/wp\/v2\/users\/5"}],"replies":[{"embeddable":true,"href":"https:\/\/www.praha7.cz\/api\/wp\/v2\/comments?post=24040"}],"version-history":[{"count":1,"href":"https:\/\/www.praha7.cz\/api\/wp\/v2\/posts\/24040\/revisions"}],"predecessor-version":[{"id":24041,"href":"https:\/\/www.praha7.cz\/api\/wp\/v2\/posts\/24040\/revisions\/24041"}],"wp:featuredmedia":[{"embeddable":true,"href":"https:\/\/www.praha7.cz\/api\/wp\/v2\/media\/17622"}],"wp:attachment":[{"href":"https:\/\/www.praha7.cz\/api\/wp\/v2\/media?parent=24040"}],"wp:term":[{"taxonomy":"category","embeddable":true,"href":"https:\/\/www.praha7.cz\/api\/wp\/v2\/categories?post=24040"},{"taxonomy":"post_tag","embeddable":true,"href":"https:\/\/www.praha7.cz\/api\/wp\/v2\/tags?post=24040"}],"curies":[{"name":"wp","href":"https:\/\/api.w.org\/{rel}","templated":true}]}}