    
{"id":24033,"date":"2019-03-01T14:00:10","date_gmt":"2019-03-01T13:00:10","guid":{"rendered":"https:\/\/www.praha7.cz\/?p=24033"},"modified":"2019-03-01T14:00:10","modified_gmt":"2019-03-01T13:00:10","slug":"vzpominka-na-biib","status":"publish","type":"post","link":"https:\/\/www.praha7.cz\/vzpominka-na-biib\/","title":{"rendered":"Vzpom\u00ednka na BIIb"},"content":{"rendered":"<p>[perex]<br \/>\r\nP\u0159ed 75 lety, v&nbsp;noci z&nbsp;8.&nbsp;na 9.&nbsp;b\u0159ezna 1944, byla sp\u00e1ch\u00e1na nejv\u011bt\u0161\u00ed hromadn\u00e1 vra\u017eda \u010desk\u00fdch ob\u010dan\u016f v&nbsp;historii. Vyhlazen\u00ed tzv.\u00a0 Terez\u00ednsk\u00e9ho rodinn\u00e9ho t\u00e1bora v&nbsp;Osv\u011btimi p\u0159ipravilo v&nbsp;plynov\u00fdch komor\u00e1ch o&nbsp;\u017eivot b\u011bhem jedin\u00e9 noci na 3700 \u017eidovsk\u00fdch \u017een, mu\u017e\u016f i\u00a0 d\u011bt\u00ed. Setk\u00e1n\u00ed ke vzpom\u00ednce na noc zma\u0159en\u00fdch nad\u011bj\u00ed se uskute\u010dn\u00ed 7.&nbsp;b\u0159ezna 2019 v&nbsp;18 hodin na n\u00e1dra\u017e\u00ed Bubny, Bubensk\u00e1 8b, Praha&nbsp;7.\u00a0 Vystoup\u00ed \u010desk\u00e1 sopranistka Irena Troupov\u00e1 s&nbsp;klav\u00edrn\u00edm doprovodem Jana Du\u0161ka. Orchestr Gymn\u00e1zia P\u0159\u00edrodn\u00ed \u0161kola\u00a0 vzpomene v\u00e1le\u010dn\u00e9 ud\u00e1losti p\u00edsn\u011bmi d\u011bt\u00ed z&nbsp;terez\u00ednsk\u00e9ho ghetta a&nbsp;motivy z&nbsp;text\u016f Hanu\u0161e Haachenburga. <br \/>\r\n[\/perex]<\/p>\r\n<p><em>obr\u00e1zek z&nbsp;\u010dasopisu Vedem, kter\u00fd vyd\u00e1vali chlapci v&nbsp;ghettu Terez\u00edn<\/em><\/p>\r\n<p>&nbsp;<\/p>\r\n<p>Po\u0159\u00e1d\u00e1 Pam\u00e1tn\u00edk \u0161oa Praha a&nbsp;Institut Terez\u00ednsk\u00fdch skladatel\u016f ve spolupr\u00e1ci s&nbsp;Terez\u00ednskou iniciativou a&nbsp;\u017didovsk\u00fdm muzeem v&nbsp;Praze pod z\u00e1\u0161titou radn\u00ed pro kulturu hlavn\u00edho\u00a0 m\u011bsta Prahy Hany\u00a0T\u0159e\u0161t\u00edkov\u00e9 a&nbsp;starosty Prahy&nbsp;7 Jana \u010ci\u017einsk\u00e9ho.<\/p>\r\n<p>&nbsp;<\/p>\r\n<p>V\u00edce informac\u00ed naleznete <a href=\"https:\/\/www.bubny.org\/cz\/home\/64-kulturni-programy\/kulturni-programy\/430-vzpominka-na-biib-7-brezna-18-00\">zde<\/a>.<\/p>\r\n<p>&nbsp;<\/p>\r\n<p><em>Terez\u00ednsk\u00fd rodinn\u00fd t\u00e1bor (BIIb) byla jedna ze sekc\u00ed koncentra\u010dn\u00edho a&nbsp;vyhlazovac\u00edho t\u00e1bora Auschwitz II \u2013 Birkenau, do n\u00ed\u017e bylo od z\u00e1\u0159\u00ed 1943 do kv\u011btna 1944 deportov\u00e1no celkem 17&nbsp;500 v\u011bz\u0148\u016f z&nbsp;terez\u00ednsk\u00e9ho ghetta.<\/em><\/p>","protected":false},"excerpt":{"rendered":"[perex] P\u0159ed 75 lety, v&nbsp;noci z&nbsp;8.&nbsp;na 9.&nbsp;b\u0159ezna 1944, byla sp\u00e1ch\u00e1na nejv\u011bt\u0161\u00ed hromadn\u00e1 vra\u017eda \u010desk\u00fdch ob\u010dan\u016f v&nbsp;historii. Vyhlazen\u00ed tzv.\u00a0 Terez\u00ednsk\u00e9ho rodinn\u00e9ho t\u00e1bora v&nbsp;Osv\u011btimi p\u0159ipravilo v&nbsp;plynov\u00fdch komor\u00e1ch o&nbsp;\u017eivot b\u011bhem jedin\u00e9 noci na 3700 \u017eidovsk\u00fdch \u017een, mu\u017e\u016f i\u00a0 d\u011bt\u00ed. Setk\u00e1n\u00ed ke vzpom\u00ednce na noc zma\u0159en\u00fdch nad\u011bj\u00ed se uskute\u010dn\u00ed 7.&nbsp;b\u0159ezna 2019 v&nbsp;18 hodin na n\u00e1dra\u017e\u00ed Bubny, Bubensk\u00e1 8b, Praha&nbsp;7.\u00a0 [&hellip;]","protected":false},"author":5,"featured_media":24034,"comment_status":"closed","ping_status":"open","sticky":false,"template":"","format":"standard","meta":[],"categories":[34],"tags":[],"_links":{"self":[{"href":"https:\/\/www.praha7.cz\/api\/wp\/v2\/posts\/24033"}],"collection":[{"href":"https:\/\/www.praha7.cz\/api\/wp\/v2\/posts"}],"about":[{"href":"https:\/\/www.praha7.cz\/api\/wp\/v2\/types\/post"}],"author":[{"embeddable":true,"href":"https:\/\/www.praha7.cz\/api\/wp\/v2\/users\/5"}],"replies":[{"embeddable":true,"href":"https:\/\/www.praha7.cz\/api\/wp\/v2\/comments?post=24033"}],"version-history":[{"count":5,"href":"https:\/\/www.praha7.cz\/api\/wp\/v2\/posts\/24033\/revisions"}],"predecessor-version":[{"id":24039,"href":"https:\/\/www.praha7.cz\/api\/wp\/v2\/posts\/24033\/revisions\/24039"}],"wp:featuredmedia":[{"embeddable":true,"href":"https:\/\/www.praha7.cz\/api\/wp\/v2\/media\/24034"}],"wp:attachment":[{"href":"https:\/\/www.praha7.cz\/api\/wp\/v2\/media?parent=24033"}],"wp:term":[{"taxonomy":"category","embeddable":true,"href":"https:\/\/www.praha7.cz\/api\/wp\/v2\/categories?post=24033"},{"taxonomy":"post_tag","embeddable":true,"href":"https:\/\/www.praha7.cz\/api\/wp\/v2\/tags?post=24033"}],"curies":[{"name":"wp","href":"https:\/\/api.w.org\/{rel}","templated":true}]}}