    
{"id":23904,"date":"2019-02-26T15:13:24","date_gmt":"2019-02-26T14:13:24","guid":{"rendered":"https:\/\/www.praha7.cz\/?p=23904"},"modified":"2021-11-12T13:50:06","modified_gmt":"2021-11-12T12:50:06","slug":"maluvky-kam-se-podivas","status":"publish","type":"post","link":"https:\/\/www.praha7.cz\/maluvky-kam-se-podivas\/","title":{"rendered":"Mal\u016fvky, kam se pod\u00edv\u00e1\u0161"},"content":{"rendered":"<p>[perex]<br \/>\r\nGraffiti je probl\u00e9m v\u0161ech m\u011bst. Pokud se pozorn\u011bji rozhl\u00e9dneme, na po\u010dm\u00e1ran\u00e9 fas\u00e1dy naraz\u00edme skoro v&nbsp;ka\u017ed\u00e9 ulici v&nbsp;jak\u00e9koliv m\u011bstsk\u00e9 \u010d\u00e1sti. Jde o&nbsp;nepochopen\u00fd um\u011bleck\u00fd projev, nebo \u010dir\u00e9 vandalstv\u00ed? A&nbsp;je mo\u017en\u00e9 proti n\u011bmu bojovat? <br \/>\r\n[\/perex]<\/p>\r\n<p>Pokud jste se ned\u00e1vno ocitli v\u00a0ulici Komunard\u016f, nemohli jste p\u0159ehl\u00e9dnout barevnou fas\u00e1du lemuj\u00edc\u00ed zat\u00e1\u010dku u&nbsp;Pra\u017esk\u00e9 tr\u017enice. A&nbsp;mo\u017en\u00e1 jste si i&nbsp;polo\u017eili ot\u00e1zku, co to vlastn\u011b je. Um\u011bleck\u00e9 d\u00edlo? Netypick\u00e9 graffiti? Sprejov\u00e1n\u00ed p\u0159es \u0161ablonu na n\u011b\u010d\u00ed zak\u00e1zku? Odpov\u011b\u010f je ano, ano a&nbsp;\u010d\u00e1ste\u010dn\u011b ano. Malba je d\u00edlem v\u00fdtvarn\u00edka Jana Kal\u00e1ba, vznikla v\u00a0r\u00e1mci jeho v\u00fdstavy v&nbsp;Trafo Gallery a&nbsp;je epitafem um\u011blce Filipa Crh\u00e1ka, kter\u00fd zde v\u00a0roce 2017 havaroval a&nbsp;sv\u00fdm zran\u011bn\u00edm pozd\u011bji podlehl. Dnes \u010dty\u0159icetilet\u00fd mal\u00ed\u0159 a&nbsp;socha\u0159 Jan Kal\u00e1b se graffiti v\u011bnoval v\u00a0po\u010d\u00e1tc\u00edch sv\u00e9 tvorby a&nbsp;po studi\u00edch na V\u0160UP a&nbsp;AVU p\u0159e\u0161el k\u00a0abstraktn\u00ed malb\u011b. Zm\u00edn\u011bn\u00e9 d\u00edlo je vlastn\u011b uk\u00e1zkou jednodu\u0161\u0161\u00edho muralu, tedy velkoform\u00e1tov\u00e9ho graffiti ve ve\u0159ejn\u00e9m prostoru. Nejde ale o&nbsp;\u017e\u00e1dn\u00e9 vandalstv\u00ed. St\u011bna v\u00a0ulici Komunard\u016f je toti\u017e jednou z&nbsp;leg\u00e1ln\u00edch ploch ur\u010den\u00fdch pro streetartov\u00e9 um\u011bn\u00ed a&nbsp;jej\u00edm z\u0159izovatelem je magistr\u00e1t hlavn\u00edho m\u011bsta.<\/p>\r\n<p>Pr\u00e1v\u011b leg\u00e1ln\u00ed plochy jsou jedn\u00edm z\u00a0mo\u017en\u00fdch zp\u016fsob\u016f, jak se m\u011bsto m\u016f\u017ee s\u00a0probl\u00e9mem sprejerstv\u00ed vypo\u0159\u00e1dat. M\u010c Praha&nbsp;7 v\u0161ak ofici\u00e1ln\u011b ve sv\u00e9 spr\u00e1v\u011b \u017e\u00e1dnou leg\u00e1ln\u00ed plochou nem\u00e1. \u201eV\u011bt\u0161ina majetku, kde by se na Sedmi\u010dce dalo uva\u017eovat o&nbsp;leg\u00e1ln\u00ed st\u011bn\u011b, je ve spr\u00e1v\u011b Magistr\u00e1tu hl. m\u011bsta Prahy, Dopravn\u00edho podniku hl. m\u011bsta Prahy, Technick\u00e9 spr\u00e1vy komunikac\u00ed \u010di Spr\u00e1vy \u017eelezni\u010dn\u00ed dopravn\u00ed cesty. V\u0161ichni jsou ale otev\u0159eni jedn\u00e1n\u00ed. D\u016fle\u017eit\u00e9 je proto naj\u00edt majitele a&nbsp;s\u00a0n\u00edm n\u00e1sledn\u011b komunikovat,\u201c \u0159\u00edk\u00e1 radn\u00ed pro kulturu, sport a&nbsp;sousedsk\u00e9 vztahy Prahy&nbsp;7 Hanka T\u0159e\u0161t\u00edkov\u00e1.<\/p>\r\n<p><strong>Spreje\u0159i \u2013 fraje\u0159i?<\/strong><br \/>\r\nLeg\u00e1ln\u00ed plocha ov\u0161em u&nbsp;graffiti komunity mnohdy nen\u00ed alternativou pro jej\u00ed po\u010d\u00edn\u00e1n\u00ed v\u00a0\u0161edi m\u011bsta. Ilegalita je l\u00e1kav\u00e1, m\u00e1 v&nbsp;sob\u011b projev vzdoru v\u016f\u010di spole\u010dnosti a&nbsp;v\u00a0ur\u010dit\u00e9m slova smyslu je i&nbsp;jedn\u00edm ze z\u00e1klad\u016f graffiti.<\/p>\r\n<p>Za jeho prapo\u010d\u00e1tky lze pova\u017eovat prav\u011bk\u00e9 petroglyfy\u00a0 \u2013 obrazy na skal\u00e1ch vytvo\u0159en\u00e9 opracov\u00e1n\u00edm povrchu kamene. Nej\u010dast\u011bji se jednalo o&nbsp;zobrazen\u00ed krajiny s&nbsp;v\u00fdrazn\u00fdmi body uleh\u010duj\u00edc\u00ed \u00a0ostatn\u00edm cestov\u00e1n\u00ed nebo o&nbsp;vyzna\u010den\u00ed kmenov\u00fdch hranic. Graffiti, jak ho zn\u00e1me dnes, se zrodilo v\u00a060.&nbsp;letech minul\u00e9ho stolet\u00ed v\u00a0USA a&nbsp;jeho p\u016fvodn\u00edm v\u00fdznamem bylo pouk\u00e1zat na ekonomick\u00e9 a&nbsp;soci\u00e1ln\u00ed probl\u00e9my. Jeho prost\u0159ednictv\u00edm si tak\u00e9 zlo\u010dineck\u00e9 gangy zna\u010dkovaly sv\u00e1 teritoria. S&nbsp;otev\u0159en\u00edm hranic po p\u00e1du komunistick\u00e9ho re\u017eimu za\u010dala vznikat graffiti sc\u00e9na i&nbsp;u&nbsp;n\u00e1s. Gangy americk\u00e9ho st\u0159ihu v&nbsp;\u010cesku nem\u00e1me, s&nbsp;graffiti se tu ale i&nbsp;tak potk\u00e1te t\u00e9m\u011b\u0159 na ka\u017ed\u00e9m kroku.<\/p>\r\n<p>Komplexn\u011b zpracovat fenom\u00e9n graffiti v\u00a0cel\u00e9 jeho \u0161\u00ed\u0159i nen\u00ed jednoduch\u00e9 a&nbsp;nen\u00ed to ani smyslem tohoto \u010dl\u00e1nku. \u00dahl\u016f pohledu je toti\u017e mnoho: od ot\u00e1zky subjektivn\u00edho pocitu l\u00edb\u00ed \u2013 nel\u00edb\u00ed p\u0159es n\u00e1zor, \u017ee graffiti do m\u011bstsk\u00e9ho koloritu jednodu\u0161e pat\u0159\u00ed a&nbsp;je jednou z\u00a0forem v\u00fdtvarn\u00e9ho um\u011bn\u00ed, a\u017e k\u00a0m\u00edn\u011bn\u00ed, \u017ee se jedn\u00e1 pouze o&nbsp;bezohledn\u00e9 ni\u010den\u00ed ve\u0159ejn\u00e9ho majetku. Jako ni\u010den\u00ed lze jednozna\u010dn\u011b ozna\u010dit nejroz\u0161\u00ed\u0159en\u011bj\u0161\u00ed formu graffiti ve form\u011b podpis\u016f sprejer\u016f, takzvan\u00fdch tag\u016f, je\u017e odsuzuje i&nbsp;velk\u00e1 \u010d\u00e1st sprejersk\u00e9 komunity.<\/p>\r\n<p>Existuje n\u011bjak\u00e9 vysv\u011btlen\u00ed? \u201eSou\u010dasn\u00e9 bezobsa\u017en\u00e9 graffiti, p\u0159edev\u0161\u00edm samostatn\u00e9 tagy, kter\u00e9 v\u00edd\u00e1me v\u0161ude, jsou podle m\u011b d\u016fsledkem komercializace ve\u0159ejn\u00e9ho prostoru. Je to pouze dopad toho, \u017ee samotn\u00e9 veden\u00ed m\u011bsta si sv\u00e9ho ve\u0159ejn\u00e9ho prostoru nev\u00e1\u017e\u00ed a&nbsp;nech\u00e1v\u00e1 ho kolonizovat reklamou. Ml\u00e1de\u017e na to pochopiteln\u011b reaguje. Tagy stejn\u011b jako reklama jsou zalo\u017een\u00e9 na namno\u017een\u00ed ur\u010dit\u00e9ho jm\u00e9na \u2013 zna\u010dky. Nediv\u00edm se, \u017ee write\u0159i nemaj\u00ed respekt k&nbsp;sd\u00edlen\u00e9mu prostoru, kdy\u017e k&nbsp;n\u011bmu nemaj\u00ed \u00factu ani jeho spr\u00e1vci,\u201c shrnuje mo\u017en\u00e9 d\u016fvody socha\u0159, pedagog a&nbsp;populariz\u00e1tor v\u00fdtvarn\u00e9ho um\u011bn\u00ed ve ve\u0159ejn\u00e9m prostoru Pavel Karous.<\/p>\r\n<p>A\u0165 u\u017e je p\u0159\u00ed\u010dinou cokoliv, jasn\u00e9 je, \u017ee ileg\u00e1ln\u00ed graffiti je trestn\u00fdm \u010dinem. Statistiky Policie \u010cR uv\u00e1d\u011bj\u00ed, \u017ee zhruba t\u0159etina dopaden\u00fdch pachatel\u016f je zadr\u017eena p\u0159\u00edmo p\u0159i \u010dinu. To byl i&nbsp;p\u0159\u00edpad trojice d\u00edvek, kter\u00e9 loni v\u00a0l\u00e9t\u011b v\u00a0bl\u00edzkosti ulice Janovsk\u00e9ho r\u016f\u017eov\u011b posprejovaly fas\u00e1du domu, odpadkov\u00fd ko\u0161 a&nbsp;plot. Za\u017eit\u00e1 p\u0159edstava sprejera je teenager s\u00a0kapuc\u00ed na hlav\u011b a&nbsp;batohem pln\u00fdm sprej\u016f, ale jak je vid\u011bt, m\u016f\u017ee j\u00edt i&nbsp;o&nbsp;d\u00edvky a&nbsp;z&nbsp;policejn\u00edch statistik nav\u00edc vypl\u00fdv\u00e1, \u017ee pachatel\u00e9 jsou nej\u010dast\u011bji ve v\u011bku dvaceti a\u017e \u010dty\u0159iceti let. Nejlep\u0161\u00ed prevenc\u00ed je dle vyj\u00e1d\u0159en\u00ed Policie \u010cR p\u0159\u00edtomnost policist\u016f v\u00a0ulic\u00edch \u010di pou\u017eit\u00ed speci\u00e1ln\u00edho n\u00e1t\u011bru fas\u00e1dy, kter\u00fd usnad\u0148uje odstran\u011bn\u00ed graffiti.\u00a0<\/p>\r\n<p>Rychlost odstran\u011bn\u00ed je obecn\u011b pova\u017eov\u00e1na za nej\u00fa\u010dinn\u011bj\u0161\u00ed opat\u0159en\u00ed v&nbsp;boji proti\u00a0graffiti. Neodstran\u011bn\u00e9 klikyh\u00e1ky toti\u017e na dal\u0161\u00ed sprejery funguj\u00ed jako spolehliv\u00fd magnet. V\u00a0t\u00e9to souvislosti se \u010dasto mluv\u00ed o&nbsp;teorii rozbit\u00e9ho okna. Ta ve zkratce \u0159\u00edk\u00e1, \u017ee pokud se ocitneme v\u00a0prost\u0159ed\u00ed, kter\u00e9 je poni\u010den\u00e9, a\u0165 u\u017e graffiti, nebo t\u0159eba pr\u00e1v\u011b rozbit\u00fdmi okny, upad\u00e1 na\u0161e po\u0159\u00e1dkumilovnost a&nbsp;n\u011bkter\u00e9 z\u00e1sady spole\u010densk\u00e9ho chov\u00e1n\u00ed a&nbsp;obecn\u011b jsme n\u00e1chyln\u011bj\u0161\u00ed ke krimin\u00e1ln\u00ed \u010dinnosti \u2013 kdy\u017e mohou ostatn\u00ed, m\u016f\u017eu i&nbsp;j\u00e1. \u201eLid\u00e9 se takov\u00fdmto m\u00edst\u016fm \u010dasto vyh\u00fdbaj\u00ed. Odstran\u011bn\u00edm graffiti d\u00e1v\u00e1 m\u011bsto viditeln\u011b najevo, \u017ee se sna\u017e\u00ed vytvo\u0159it bezpe\u010dn\u00e9 a&nbsp;p\u0159\u00edjemn\u00e9 m\u00edsto pro \u017eivot. Jejich likvidace d\u00e1v\u00e1 smysl i&nbsp;z&nbsp;ekonomick\u00e9ho hlediska. S&nbsp;postupn\u00fdm \u010di\u0161t\u011bn\u00edm ve\u0159ejn\u00fdch ploch se m\u011bstsk\u00e1 \u010d\u00e1st st\u00e1v\u00e1 atraktivn\u011bj\u0161\u00ed pro \u017eivot,\u201c \u0159\u00edk\u00e1 Pavel Riegger, vedouc\u00ed partner odd\u011blen\u00ed poradenstv\u00ed pro finan\u010dn\u00ed instituce ve spole\u010dnosti Ernst &amp; Young, kter\u00fd o&nbsp;ekonomick\u00e9m p\u0159\u00ednosu boje s\u00a0graffiti promluv\u00ed na semin\u00e1\u0159i ur\u010den\u00e9m pro z\u00e1stupce majitel\u016f dom\u016f z\u00a0Prahy&nbsp;7, kter\u00fd radnice p\u0159ipravuje.\u00a0\u00a0<br \/>\r\n<br \/>\r\n<img loading=\"lazy\" src=\"https:\/\/www.praha7.cz\/wp-content\/uploads\/2019\/02\/graff_2.jpg\" alt=\"\" width=\"796\" height=\"736\" class=\"alignnone wp-image-23906 size-full\" srcset=\"https:\/\/www.praha7.cz\/wp-content\/uploads\/2019\/02\/graff_2.jpg 796w, https:\/\/www.praha7.cz\/wp-content\/uploads\/2019\/02\/graff_2-433x400.jpg 433w, https:\/\/www.praha7.cz\/wp-content\/uploads\/2019\/02\/graff_2-768x710.jpg 768w\" sizes=\"(max-width: 796px) 100vw, 796px\" \/><br \/>\r\n\u00a0<\/p>\r\n<p><strong>Sedmi\u010dkov\u00fd boj<\/strong><br \/>\r\nFenom\u00e9n graffiti a&nbsp;tag\u016f se samoz\u0159ejm\u011b nevyh\u00fdb\u00e1 ani Sedmi\u010dce. Krom\u011b po\u010dm\u00e1ran\u00fdch fas\u00e1d odkryl ned\u00e1vno sv\u00e9 sprejersk\u00e9 \u201epoklady\u201c i&nbsp;svah Letensk\u00fdch sad\u016f. Boj s\u00a0graffiti nicm\u00e9n\u011b komplikuje skute\u010dnost, \u017ee se ve v\u011bt\u0161in\u011b p\u0159\u00edpad\u016f jedn\u00e1 o&nbsp;m\u00edsta, kter\u00e1 radnice nem\u00e1 ve spr\u00e1v\u011b. \u201eT\u00e9m\u011b\u0159 95 procent objekt\u016f a&nbsp;ve\u0159ejn\u00e9ho prostoru na\u0161\u00ed m\u011bstsk\u00e9 \u010d\u00e1sti nepat\u0159\u00ed. Vlastn\u00edkem je bu\u010f jin\u00e1 instituce, nebo soukrom\u00e1 osoba. Samospr\u00e1va nem\u016f\u017ee do jin\u00e9ho vlastnictv\u00ed investovat. Je ale nutn\u00e9 hledat cesty, jak se s\u00a0t\u00edmto probl\u00e9mem vypo\u0159\u00e1dat,\u201c dod\u00e1v\u00e1 radn\u00ed M\u010c Praha&nbsp;7 pro ve\u0159ejn\u00fd prostor a&nbsp;\u017eivotn\u00ed prost\u0159ed\u00ed Ji\u0159\u00ed Knitl. To je i&nbsp;p\u0159\u00edpad zm\u00edn\u011bn\u00fdch Letensk\u00fdch sad\u016f, je\u017e pat\u0159\u00ed pod spr\u00e1vu magistr\u00e1tu.<\/p>\r\n<p>Ze sv\u00e9ho nemovit\u00e9ho majetku m\u011bstsk\u00e1 \u010d\u00e1st Praha&nbsp;7 odstra\u0148uje graffiti prost\u0159ednictv\u00edm firmy 7U s.r.o. a&nbsp;jej\u00edch extern\u00edch dodavatel\u016f. Boj s\u00a0graffiti ale z\u00a0velk\u00e9 \u010d\u00e1sti le\u017e\u00ed na majitel\u00edch \u010di spr\u00e1vc\u00edch dom\u016f a&nbsp;jejich p\u0159\u00edstup se zna\u010dn\u011b li\u0161\u00ed. \u201eN\u011bkte\u0159\u00ed \u010dm\u00e1ranice v\u016fbec ne\u0159e\u0161\u00ed, n\u011bkte\u0159\u00ed je sv\u00e9pomoc\u00ed okam\u017eit\u011b p\u0159et\u00edraj\u00ed. N\u011bkte\u0159\u00ed jsou poji\u0161t\u011bn\u00ed a&nbsp;\u0159e\u0161\u00ed v\u0161e zdlouhav\u00fdm procesem od policie p\u0159es poji\u0161\u0165ovnu a\u017e k\u00a0realiza\u010dn\u00ed firm\u011b, kter\u00e1 graffiti odstran\u00ed,\u201c dopl\u0148uje m\u00edstostarosta Prahy&nbsp;7 Kamil Vav\u0159inec Mare\u0161.<\/p>\r\n<p>Firem, kter\u00e9 tuto slu\u017ebu zprost\u0159edkov\u00e1vaj\u00ed, existuje n\u011bkolik des\u00edtek. Ve sv\u00e9m sortimentu nab\u00edzej\u00ed odstra\u0148ova\u010de pro r\u016fzn\u00e9 druhy om\u00edtek, jednor\u00e1zov\u00e9 vlh\u010den\u00e9 ubrousky, revitaliza\u010dn\u00ed n\u00e1t\u011bry pro ochranu um\u011bleck\u00fdch streetartov\u00fdch maleb a&nbsp;p\u0159edev\u0161\u00edm ochrann\u00e9 antigraffiti n\u00e1t\u011bry, d\u00edky kter\u00fdm sta\u010d\u00ed k\u00a0odstran\u011bn\u00ed graffiti pouh\u00e1 voda. Od pou\u017e\u00edv\u00e1n\u00ed t\u011bchto n\u00e1t\u011br\u016f ale majitele odrazuje jejich finan\u010dn\u00ed n\u00e1kladnost \u2013 nav\u00edc \u010d\u00edm \u010dast\u011bji nov\u00e9 p\u0159\u00edr\u016fstky ma\u017eete, t\u00edm v\u00edc odstra\u0148ujete pr\u00e1v\u011b i&nbsp;ochrann\u00fd n\u00e1t\u011br. Je t\u0159eba tak\u00e9 zm\u00ednit, \u017ee zna\u010dn\u00e1 \u010d\u00e1st Sedmi\u010dky se nach\u00e1z\u00ed v\u00a0pam\u00e1tkov\u00e9 z\u00f3n\u011b a&nbsp;jak\u00fdkoliv z\u00e1sah nejen do fas\u00e1dy \u2013 v\u010detn\u011b antigraffiti n\u00e1t\u011bru \u2013 by m\u011bl b\u00fdt schv\u00e1len Odborem pam\u00e1tkov\u00e9 p\u00e9\u010de Magistr\u00e1tu hl. m\u011bsta Prahy.<\/p>\r\n<p>Tagy a&nbsp;graffiti z\u00a0m\u00edstn\u00edch dom\u016f \u010dasto zmiz\u00ed i&nbsp;d\u00edky z\u00e1jmu filmov\u00fdch \u0161t\u00e1b\u016f, kte\u0159\u00ed maj\u00ed na\u0161i \u010dtvr\u0165 v\u00a0oblib\u011b. Ne v\u017edy se toti\u017e posprejovan\u00e9 fas\u00e1dy hod\u00ed do sc\u00e9n\u00e1\u0159e, a&nbsp;tak je \u0161t\u00e1b na vlastn\u00ed n\u00e1klady odstran\u00ed. K\u00a0pravideln\u00e9mu boji s\u00a0graffiti se ale radnice sna\u017e\u00ed motivovat i&nbsp;dal\u0161\u00ed spr\u00e1vce zdej\u0161\u00edch budov. \u201eNap\u0159\u00edklad \u0159editel\u00e9 \u0161kol na \u00fazem\u00ed M\u010c Praha&nbsp;7 maj\u00ed rychl\u00e9 odstra\u0148ov\u00e1n\u00ed graffiti a&nbsp;tag\u016f ze \u0161koln\u00edch budov jako jeden z&nbsp;mnoha d\u00edl\u010d\u00edch parametr\u016f hodnocen\u00ed jejich \u010dinnosti,\u201c dopl\u0148uje Mare\u0161. Veden\u00ed radnice obecn\u011b z\u00e1le\u017e\u00ed na tom, jak to v\u00a0na\u0161\u00ed \u010dtvrti vypad\u00e1, o&nbsp;\u010dem\u017e sv\u011bd\u010d\u00ed krom\u011b jin\u00e9ho i&nbsp;ned\u00e1vno p\u0159ijat\u00fd manu\u00e1l reklamy, o&nbsp;kter\u00e9m se v\u00edce do\u010dtete na stran\u011b 24 v&nbsp;<a href=\"https:\/\/www.praha7.cz\/hobulet\/archiv-hobuletu\/detail\/?id=47\">b\u0159eznov\u00e9m \u010d\u00edsle Hobuletu<\/a>.<\/p>\r\n<p><strong>Jak to \u0159e\u0161\u00ed jinde?<\/strong><br \/>\r\nN\u011bkter\u00e1 \u010desk\u00e1 m\u011bsta bojuj\u00ed s&nbsp;graffiti d\u016frazn\u011bji. Kup\u0159\u00edkladu veden\u00ed B\u0159eclavi \u010di Vala\u0161sk\u00e9ho Mezi\u0159\u00ed\u010d\u00ed za\u010dalo vyu\u017e\u00edvat slu\u017eeb firmy Tagbust. Ta p\u0159i\u0161la na trh s&nbsp;po\u010d\u00edta\u010dov\u00fdm syst\u00e9mem, kter\u00fd dok\u00e1\u017ee hledat podobnost mezi jednotliv\u00fdmi graffiti tagy na z\u00e1klad\u011b spole\u010dn\u00fdch rukopisn\u00fdch prvk\u016f a&nbsp;autory graffiti identifikovat. D\u00edky \u00fadaj\u016fm v\u00a0datab\u00e1zi umo\u017e\u0148uje vyhledat m\u00edsta s&nbsp;nejv\u011bt\u0161\u00edm po\u010dtem tag\u016f a&nbsp;odhalovat i&nbsp;rizikov\u00e9 \u010dasy, co\u017e se pak vyu\u017e\u00edv\u00e1 k&nbsp;prevenci. Tagbust v&nbsp;sou\u010dasn\u00e9 dob\u011b umo\u017e\u0148uje sb\u00edrat fotky tag\u016f p\u0159es formul\u00e1\u0159 na sv\u00fdch webov\u00fdch str\u00e1nk\u00e1ch \u010di v&nbsp;mobiln\u00ed aplikaci.<\/p>\r\n<p>I n\u011bkter\u00e9 pra\u017esk\u00e9 m\u011bstsk\u00e9 \u010d\u00e1sti se rozhodly b\u00fdt v\u00edce proaktivn\u00ed. Nap\u0159\u00edklad m\u011bstsk\u00e1 \u010d\u00e1st Praha 3 spustila v\u00a0roce 2016 antigraffiti program. Objekty, kter\u00e9 se cht\u011bly do programu zapojit, z\u00edskaly antigraffiti n\u00e1t\u011br a&nbsp;m\u011bstsk\u00e1 \u010d\u00e1st jim v\u00a0sou\u010dasn\u00e9 dob\u011b odstra\u0148uje graffiti na sv\u00e9 n\u00e1klady. \u00a0Odstran\u011bn\u00ed graffiti m\u016f\u017ee b\u00fdt z\u00e1rove\u0148 p\u0159\u00edle\u017eitost pro vytvo\u0159en\u00ed podpo\u0159en\u00fdch pracovn\u00edch m\u00edst. Pr\u00e1v\u011b to je jedna z\u00a0aktivit organizace Rubikon, kter\u00e1 se zam\u011b\u0159uje na integraci osob po v\u00fdkonu trestu. Radnice Prahy&nbsp;7, kter\u00e1 vytvo\u0159ila u\u017e \u0159adu pracovn\u00edch m\u00edst v\u00a0r\u00e1mci venkovn\u00edho \u00faklidu, aktu\u00e1ln\u011b prov\u011b\u0159uje mo\u017enost kombinovat vytvo\u0159en\u00ed pracovn\u00edch m\u00edst a&nbsp;boj s\u00a0graffiti. \u201eSpolupracujeme s\u00a0projektem, kter\u00fd se zab\u00fdv\u00e1 vytvo\u0159en\u00edm pracovn\u00edch m\u00edst pro osoby v\u00a0nouzi. R\u00e1di bychom nab\u00edzeli nad r\u00e1mec \u00faklidov\u00fdch prac\u00ed dal\u0161\u00ed mo\u017enosti uplatn\u011bn\u00ed. Pr\u00e1v\u011b odstra\u0148ov\u00e1n\u00ed graffiti je jedna z\u00a0mo\u017enost\u00ed, o&nbsp;kter\u00fdch p\u0159em\u00fd\u0161l\u00edme,\u201c \u0159\u00edk\u00e1 radn\u00ed pro soci\u00e1ln\u00ed a&nbsp;zdravotn\u00ed politiku a&nbsp;n\u00e1rodnostn\u00ed men\u0161iny Jakob Hurrle.<\/p>\r\n<p>Dal\u0161\u00ed antigraffiti program m\u011bl vzniknout i&nbsp;v&nbsp;Praze 11. M\u011bstsk\u00e1 \u010d\u00e1st oslovila vlastn\u00edky spole\u010denstv\u00ed vlastn\u00edk\u016f jednotek (SVJ) s&nbsp;n\u00e1vrhem, \u017ee na n\u00e1kladech na ochrann\u00e9 n\u00e1t\u011bry se s\u00a0nimi bude pod\u00edlet v&nbsp;pom\u011bru 50:50. Z\u00e1jem byl v\u0161ak minim\u00e1ln\u00ed a&nbsp;projekt zanikl. Tak\u00e9 se zde rozhodli posprejovat velkokapacitn\u00ed kontejnery. \u201eKontejnery jednak vypadaj\u00ed l\u00e9pe ne\u017e ty klasick\u00e9 \u0161ed\u00e9, a&nbsp;nav\u00edc kdy\u017e jsou n\u011bkde postaven\u00e9, nel\u00e1kaj\u00ed tolik k&nbsp;nevkusn\u00e9mu posprejov\u00e1n\u00ed jako ty \u010dist\u00e9,\u201c dod\u00e1v\u00e1 Petra V\u00edznerov\u00e1 z&nbsp;Odd\u011blen\u00ed krizov\u00e9ho \u0159\u00edzen\u00ed a&nbsp;koordinace prevence kriminality M\u010c Praha 11.<\/p>\r\n<p>I tohle opat\u0159en\u00ed je mo\u017en\u00e9 vn\u00edmat jako preventivn\u00ed. Realizace graffiti na objedn\u00e1vku je \u00fadajn\u011b vyhled\u00e1vanou slu\u017ebou. Malbou na objedn\u00e1vku m\u016f\u017eete zabr\u00e1nit vzniku ne\u017e\u00e1douc\u00edho um\u011bn\u00ed pochybn\u00e9 kvality, by\u0165 jde de facto o&nbsp;\u00fastupek. \u201eJe to v\u00a0podstat\u011b syst\u00e9m v\u00fdpaln\u00e9ho, praktiky mafie. Sami si zaplat\u00edme ochranu sv\u00e9ho majetku t\u00edm, \u017ee ho za sv\u00e9 pen\u00edze nab\u00eddneme t\u011bm, kdo sprejuj\u00ed,\u201c shrnuje Pavel Karous. Ka\u017edop\u00e1dn\u011b v\u00a0p\u0159\u00edpad\u011b secesn\u00edch dom\u016f a&nbsp;\u010din\u017e\u00e1k\u016f v\u00a0pam\u00e1tkov\u00e9 z\u00f3n\u011b Prahy&nbsp;7 jde o&nbsp;\u0159e\u0161en\u00ed naprosto nepou\u017eiteln\u00e9.<\/p>\r\n<p><img loading=\"lazy\" src=\"https:\/\/www.praha7.cz\/wp-content\/uploads\/2019\/02\/graff_3.jpg\" alt=\"\" width=\"1194\" height=\"912\" class=\"alignnone wp-image-23907 size-full\" srcset=\"https:\/\/www.praha7.cz\/wp-content\/uploads\/2019\/02\/graff_3.jpg 1194w, https:\/\/www.praha7.cz\/wp-content\/uploads\/2019\/02\/graff_3-524x400.jpg 524w, https:\/\/www.praha7.cz\/wp-content\/uploads\/2019\/02\/graff_3-768x587.jpg 768w\" sizes=\"(max-width: 1194px) 100vw, 1194px\" \/><\/p>\r\n<hr \/>\r\n<p><strong>Semin\u00e1\u0159 SVJ<\/strong><br \/>\r\nOd roku 2017 radnice po\u0159\u00e1d\u00e1 tematicky zam\u011b\u0159en\u00e9 p\u0159edn\u00e1\u0161ky pro spole\u010denstv\u00ed vlastn\u00edk\u016f nebo bytov\u00e1 dru\u017estva. Po pr\u00e1vn\u00edm a&nbsp;technick\u00e9m poradenstv\u00ed nyn\u00ed p\u0159ich\u00e1z\u00ed pr\u00e1v\u011b s\u00a0t\u00e9matem graffiti. <strong>Semin\u00e1\u0159 se kon\u00e1 dne 11.&nbsp;b\u0159ezna 2019 v\u00a0budov\u011b \u00da\u0159adu M\u010c Praha\u00a07<\/strong> (n\u00e1b\u0159. Kpt. Jaro\u0161e 1000, 2.\u00a0patro, zasedac\u00ed m\u00edstnosti \u010d. 225) od 17 hodin. Na semin\u00e1\u0159i se vyst\u0159\u00eddaj\u00ed p\u0159edn\u00e1\u0161ej\u00edc\u00ed z\u00a0r\u016fzn\u00fdch obor\u016f (prevence, odstra\u0148ov\u00e1n\u00ed graffiti apod.), v\u00a0kr\u00e1tk\u00fdch 30 min. bloc\u00edch. Maxim\u00e1ln\u00ed d\u00e9lka semin\u00e1\u0159e je 2 hodiny. Pokud bude velk\u00fd z\u00e1jem, semin\u00e1\u0159 bude v&nbsp;budoucnu roz\u0161\u00ed\u0159en. P\u0159edn\u00e1\u0161ky jsou ur\u010deny p\u0159edev\u0161\u00edm pro statut\u00e1rn\u00ed z\u00e1stupce spole\u010denstv\u00ed vlastn\u00edk\u016f a\u00a0bytov\u00fdch dru\u017estev z\u00a0Prahy\u00a07.&nbsp;\u00da\u010dast na semin\u00e1\u0159\u00edch je zdarma. Z\u00fa\u010dastnit se mohou dv\u011b osoby za spole\u010denstv\u00ed vlastn\u00edk\u016f nebo bytov\u00e9 dru\u017estvo. Z\u00a0d\u016fvodu omezen\u00e9 kapacity je t\u0159eba p\u0159edem zajistit rezervaci na emailu: <a href=\"mailto:gregorovaj@praha7.cz\">gregorovaj@praha7.cz<\/a><\/p>\r\n<hr \/>\r\n<p><strong>Sundan\u00e9 kapuce<\/strong><br \/>\r\nKrom\u011b Jana Kal\u00e1ba se na \u010desk\u00e9 um\u011bleck\u00e9 sc\u00e9n\u011b pohybuje n\u011bkolik dal\u0161\u00edch autor\u016f, kte\u0159\u00ed p\u0159esunuli svoji tvorbu z\u00a0ulice do galeri\u00ed: za v\u0161echny jmenujme alespo\u0148 Michala \u0160kapu, kter\u00fd ned\u00e1vno vystavoval v\u00a0nedalek\u00e9 Ville Pell\u00e9, Pastu Onera, Vladimira 518, Eposa 257 aj.<\/p>\r\n<hr \/>\r\n<p><strong>Sprejerstv\u00ed v&nbsp;\u010d\u00edslech<\/strong><br \/>\r\nZ&nbsp;50\u00a0726 trestn\u00fdch \u010din\u016f sp\u00e1chan\u00fdch v\u00a0Praze v\u00a0roce 2017 bylo 1113 p\u0159\u00edpad\u016f sprejerstv\u00ed<br \/>\r\n16&nbsp;839&nbsp;718,50&nbsp;K\u010d vynalo\u017eil Dopravn\u00ed podnik hl. m\u011bsta Prahy v\u00a0roce 2017 na odstran\u011bn\u00ed graffiti z\u00a0voz\u016f metra, 1\u00a0915\u00a0797,10&nbsp;K\u010d z\u00a0autobus\u016f a&nbsp;3,3 mil. K\u010d z\u00a0tramvaj\u00ed<\/p>\r\n<hr \/>\r\n<p><strong>Slovn\u00edk<\/strong><br \/>\r\nWriter \u2013 osoba maluj\u00edc\u00ed graffiti<br \/>\r\nTag \u2013 podpis writera<br \/>\r\nMural \u2013 velkoplo\u0161n\u00e1 malba na zak\u00e1zku<br \/>\r\nStreet art \u2013 druh tvorby vych\u00e1zej\u00edc\u00ed z\u00a0graffiti, kter\u00fd krom\u011b spreje vyu\u017e\u00edv\u00e1 nap\u0159\u00edklad i&nbsp;v\u00e1le\u010dky, n\u00e1lepky, \u0161ablony \u010di plak\u00e1ty<\/p>\r\n<hr \/>\r\n<p><strong>Leg\u00e1ln\u00ed plochy na Sedmi\u010dce<\/strong><br \/>\r\nKrom\u011b v\u00a0textu zm\u00edn\u011bn\u00e9 st\u011bny u&nbsp;hole\u0161ovick\u00e9 tr\u017enice je dal\u0161\u00ed z\u00a0leg\u00e1ln\u00edch ploch i&nbsp;Z\u00f3na Bubny \u2013 st\u011bna pod \u017eelezni\u010dn\u00edm mostem v\u00a0ulici U&nbsp;Pap\u00edrny, kde naposledy v\u00a0srpnu minul\u00e9ho roku prob\u011bhl ji\u017e tradi\u010dn\u00ed jam, tedy setk\u00e1n\u00ed sprejer\u016f, na kter\u00e9m spole\u010dn\u011b tvo\u0159\u00ed. Dal\u0161\u00ed leg\u00e1ln\u00ed plochou je prostranstv\u00ed u\u00a0zast\u00e1vky MHD Vltavsk\u00e1. V\u00a0r\u00e1mci prvn\u00edho mezin\u00e1rodn\u00edho street art a&nbsp;graffiti festivalu, kter\u00fd se uskute\u010dnil v\u00a0roce 2008, zde vznikla malba britsk\u00e9ho um\u011blce Mode 2, je\u017e v\u0161ak musela ned\u00e1vno ustoupit revitalizaci cel\u00e9ho prostoru. Dopravn\u00ed podnik hl. m\u011bsta Prahy ve spolupr\u00e1ci s&nbsp;radnic\u00ed se v\u0161ak chyst\u00e1 tyto plochy\u00a0pouli\u010dn\u00edmu um\u011bn\u00ed znovu nab\u00eddnout. Zda se tak stane v\u00a0r\u00e1mci sout\u011b\u017ee, festivalu, nebo p\u0159\u00edm\u00e9ho osloven\u00ed graffiti komunity, zat\u00edm nen\u00ed jasn\u00e9.<\/p>","protected":false},"excerpt":{"rendered":"[perex] Graffiti je probl\u00e9m v\u0161ech m\u011bst. Pokud se pozorn\u011bji rozhl\u00e9dneme, na po\u010dm\u00e1ran\u00e9 fas\u00e1dy naraz\u00edme skoro v&nbsp;ka\u017ed\u00e9 ulici v&nbsp;jak\u00e9koliv m\u011bstsk\u00e9 \u010d\u00e1sti. Jde o&nbsp;nepochopen\u00fd um\u011bleck\u00fd projev, nebo \u010dir\u00e9 vandalstv\u00ed? A&nbsp;je mo\u017en\u00e9 proti n\u011bmu bojovat? [\/perex] Pokud jste se ned\u00e1vno ocitli v\u00a0ulici Komunard\u016f, nemohli jste p\u0159ehl\u00e9dnout barevnou fas\u00e1du lemuj\u00edc\u00ed zat\u00e1\u010dku u&nbsp;Pra\u017esk\u00e9 tr\u017enice. A&nbsp;mo\u017en\u00e1 jste si i&nbsp;polo\u017eili ot\u00e1zku, co [&hellip;]","protected":false},"author":76,"featured_media":23905,"comment_status":"closed","ping_status":"open","sticky":false,"template":"","format":"standard","meta":[],"categories":[37],"tags":[],"_links":{"self":[{"href":"https:\/\/www.praha7.cz\/api\/wp\/v2\/posts\/23904"}],"collection":[{"href":"https:\/\/www.praha7.cz\/api\/wp\/v2\/posts"}],"about":[{"href":"https:\/\/www.praha7.cz\/api\/wp\/v2\/types\/post"}],"author":[{"embeddable":true,"href":"https:\/\/www.praha7.cz\/api\/wp\/v2\/users\/76"}],"replies":[{"embeddable":true,"href":"https:\/\/www.praha7.cz\/api\/wp\/v2\/comments?post=23904"}],"version-history":[{"count":4,"href":"https:\/\/www.praha7.cz\/api\/wp\/v2\/posts\/23904\/revisions"}],"predecessor-version":[{"id":52370,"href":"https:\/\/www.praha7.cz\/api\/wp\/v2\/posts\/23904\/revisions\/52370"}],"wp:featuredmedia":[{"embeddable":true,"href":"https:\/\/www.praha7.cz\/api\/wp\/v2\/media\/23905"}],"wp:attachment":[{"href":"https:\/\/www.praha7.cz\/api\/wp\/v2\/media?parent=23904"}],"wp:term":[{"taxonomy":"category","embeddable":true,"href":"https:\/\/www.praha7.cz\/api\/wp\/v2\/categories?post=23904"},{"taxonomy":"post_tag","embeddable":true,"href":"https:\/\/www.praha7.cz\/api\/wp\/v2\/tags?post=23904"}],"curies":[{"name":"wp","href":"https:\/\/api.w.org\/{rel}","templated":true}]}}