    
{"id":23890,"date":"2019-02-26T13:33:25","date_gmt":"2019-02-26T12:33:25","guid":{"rendered":"https:\/\/www.praha7.cz\/?p=23890"},"modified":"2019-02-26T13:37:13","modified_gmt":"2019-02-26T12:37:13","slug":"culture-march","status":"publish","type":"post","link":"https:\/\/www.praha7.cz\/culture-march\/","title":{"rendered":"Culture \u2013 March"},"content":{"rendered":"<p>The National Gallery\u2019s Trade Fair Palace is presenting a&nbsp;new exhibit of documentary photographs by the group 400 ASA, the project Introducing Viktor Dedek: The Place of the Family and an exhibit on post-truth Based on Real Events. <a href=\"http:\/\/www.ngprague.cz\">www.ngprague.cz<\/a> <br \/>\r\n<br \/>\r\nPetr Van\u010dura\u2019s PopUpShow will take place 24 March at 8pm in the shop window of Tom\u00e1\u0161 Veselka\u2019s hairdresser\u2019s at Franti\u0161ka K\u0159\u00ed\u017eka 12.<br \/>\r\n<br \/>\r\nIn the bookshop Trigon (Bubensk\u00e1 13) Ladislav S\u00fdkora will exhibit his linocuts called Images from Travels; the opening is 7 March starting at 6pm. <a href=\"http:\/\/www.trigon-knihy.cz\">www.trigon-knihy.cz\u00a0<\/a><br \/>\r\n<br \/>\r\nFrom 14 to 18 March, the theatre and dance festival Bazaar will be presenting current performances from central and eastern Europe and now also from the Middle East on the topic of threats to human freedom. <a href=\"http:\/\/www.bazaarfestival.cz\">www.bazaarfestival.cz<\/a> <br \/>\r\n<br \/>\r\nThe festival Czech Dance Platform has been presenting contemporary Czech dance and movement theatre for twenty-five years now and will take place 1 to 4 April in Prague 7 at Studio ALTA, Alfred ve dvo\u0159e, DOX Contemporary Art Centre, National Gallery Trade Fair Palace, La Fabrika and Studio Hrdin\u016f. <a href=\"http:\/\/www.tanecniplatforma.cz\">www.tanecniplatforma.cz<\/a><\/p>\r\n<hr \/>\r\n<p><em>For more information \u2013 Department of Integration of Foreigners and Ethnic Minorities, Tom\u00e1\u0161 Taich, taicht@praha7.cz, 220&nbsp;144&nbsp;190 \/ 603&nbsp;372&nbsp;148.<\/em><\/p>","protected":false},"excerpt":{"rendered":"The National Gallery\u2019s Trade Fair Palace is presenting a&nbsp;new exhibit of documentary photographs by the group 400 ASA, the project Introducing Viktor Dedek: The Place of the Family and an exhibit on post-truth Based on Real Events. www.ngprague.cz Petr Van\u010dura\u2019s PopUpShow will take place 24 March at 8pm in the shop window of Tom\u00e1\u0161 Veselka\u2019s [&hellip;]","protected":false},"author":76,"featured_media":23891,"comment_status":"closed","ping_status":"open","sticky":false,"template":"","format":"standard","meta":[],"categories":[35],"tags":[],"_links":{"self":[{"href":"https:\/\/www.praha7.cz\/api\/wp\/v2\/posts\/23890"}],"collection":[{"href":"https:\/\/www.praha7.cz\/api\/wp\/v2\/posts"}],"about":[{"href":"https:\/\/www.praha7.cz\/api\/wp\/v2\/types\/post"}],"author":[{"embeddable":true,"href":"https:\/\/www.praha7.cz\/api\/wp\/v2\/users\/76"}],"replies":[{"embeddable":true,"href":"https:\/\/www.praha7.cz\/api\/wp\/v2\/comments?post=23890"}],"version-history":[{"count":3,"href":"https:\/\/www.praha7.cz\/api\/wp\/v2\/posts\/23890\/revisions"}],"predecessor-version":[{"id":23896,"href":"https:\/\/www.praha7.cz\/api\/wp\/v2\/posts\/23890\/revisions\/23896"}],"wp:featuredmedia":[{"embeddable":true,"href":"https:\/\/www.praha7.cz\/api\/wp\/v2\/media\/23891"}],"wp:attachment":[{"href":"https:\/\/www.praha7.cz\/api\/wp\/v2\/media?parent=23890"}],"wp:term":[{"taxonomy":"category","embeddable":true,"href":"https:\/\/www.praha7.cz\/api\/wp\/v2\/categories?post=23890"},{"taxonomy":"post_tag","embeddable":true,"href":"https:\/\/www.praha7.cz\/api\/wp\/v2\/tags?post=23890"}],"curies":[{"name":"wp","href":"https:\/\/api.w.org\/{rel}","templated":true}]}}