    
{"id":23857,"date":"2019-02-25T17:34:10","date_gmt":"2019-02-25T16:34:10","guid":{"rendered":"https:\/\/www.praha7.cz\/?p=23857"},"modified":"2019-02-25T17:34:21","modified_gmt":"2019-02-25T16:34:21","slug":"prorezani-zelene-u-tramvajovych-trati","status":"publish","type":"post","link":"https:\/\/www.praha7.cz\/prorezani-zelene-u-tramvajovych-trati\/","title":{"rendered":"Pro\u0159ez\u00e1n\u00ed zelen\u011b u&nbsp;tramvajov\u00fdch trat\u00ed"},"content":{"rendered":"<p>[perex]<\/p>\r\n<p>Informujeme ob\u010dany, \u017ee v\u00a0term\u00ednu od od 25.&nbsp;2.&nbsp;do 8.&nbsp;3.&nbsp;bude na \u00fazem\u00ed Prahy&nbsp;7 prov\u00e1d\u011bn b\u011b\u017en\u00fd pro\u0159ez zelen\u011b zasahuj\u00edc\u00ed do ochrann\u00e9ho p\u00e1sma tramvajov\u00fdch trat\u00ed. Pro\u0159ezy realizuje Dopravn\u00ed podnik hl. m. Prahy ve spolupr\u00e1ci s\u00a0odbornou firmou \u00a0v\u00a0rozsahu nutn\u00e9m pro zaji\u0161t\u011bn\u00ed plynul\u00e9ho provozu a&nbsp;s\u00a0p\u0159ihl\u00e9dnut\u00edm ke st\u00e1vaj\u00edc\u00edmu stavu zelen\u011b.<\/p>\r\n<p>[\/perex]<\/p>","protected":false},"excerpt":{"rendered":"[perex] Informujeme ob\u010dany, \u017ee v\u00a0term\u00ednu od od 25.&nbsp;2.&nbsp;do 8.&nbsp;3.&nbsp;bude na \u00fazem\u00ed Prahy&nbsp;7 prov\u00e1d\u011bn b\u011b\u017en\u00fd pro\u0159ez zelen\u011b zasahuj\u00edc\u00ed do ochrann\u00e9ho p\u00e1sma tramvajov\u00fdch trat\u00ed. Pro\u0159ezy realizuje Dopravn\u00ed podnik hl. m. Prahy ve spolupr\u00e1ci s\u00a0odbornou firmou \u00a0v\u00a0rozsahu nutn\u00e9m pro zaji\u0161t\u011bn\u00ed plynul\u00e9ho provozu a&nbsp;s\u00a0p\u0159ihl\u00e9dnut\u00edm ke st\u00e1vaj\u00edc\u00edmu stavu zelen\u011b. [\/perex]","protected":false},"author":5,"featured_media":17622,"comment_status":"closed","ping_status":"open","sticky":false,"template":"","format":"standard","meta":[],"categories":[34],"tags":[],"_links":{"self":[{"href":"https:\/\/www.praha7.cz\/api\/wp\/v2\/posts\/23857"}],"collection":[{"href":"https:\/\/www.praha7.cz\/api\/wp\/v2\/posts"}],"about":[{"href":"https:\/\/www.praha7.cz\/api\/wp\/v2\/types\/post"}],"author":[{"embeddable":true,"href":"https:\/\/www.praha7.cz\/api\/wp\/v2\/users\/5"}],"replies":[{"embeddable":true,"href":"https:\/\/www.praha7.cz\/api\/wp\/v2\/comments?post=23857"}],"version-history":[{"count":1,"href":"https:\/\/www.praha7.cz\/api\/wp\/v2\/posts\/23857\/revisions"}],"predecessor-version":[{"id":23858,"href":"https:\/\/www.praha7.cz\/api\/wp\/v2\/posts\/23857\/revisions\/23858"}],"wp:featuredmedia":[{"embeddable":true,"href":"https:\/\/www.praha7.cz\/api\/wp\/v2\/media\/17622"}],"wp:attachment":[{"href":"https:\/\/www.praha7.cz\/api\/wp\/v2\/media?parent=23857"}],"wp:term":[{"taxonomy":"category","embeddable":true,"href":"https:\/\/www.praha7.cz\/api\/wp\/v2\/categories?post=23857"},{"taxonomy":"post_tag","embeddable":true,"href":"https:\/\/www.praha7.cz\/api\/wp\/v2\/tags?post=23857"}],"curies":[{"name":"wp","href":"https:\/\/api.w.org\/{rel}","templated":true}]}}