    
{"id":23849,"date":"2019-02-25T14:19:38","date_gmt":"2019-02-25T13:19:38","guid":{"rendered":"https:\/\/www.praha7.cz\/?p=23849"},"modified":"2019-02-26T10:51:12","modified_gmt":"2019-02-26T09:51:12","slug":"vzpominka-na-jana-zajice","status":"publish","type":"post","link":"https:\/\/www.praha7.cz\/vzpominka-na-jana-zajice\/","title":{"rendered":"Vzpom\u00ednka na Jana Zaj\u00edce"},"content":{"rendered":"<p>[perex]<\/p>\r\n<p>V\u00a0Praze 7 na Letn\u00e9 prob\u011bhla v\u00a0pond\u011bl\u00ed 25.&nbsp;2.&nbsp;od\u00a011:30 hodin vzpom\u00ednkov\u00e1 akce v\u011bnovan\u00e1 50.&nbsp;v\u00fdro\u010d\u00ed sebeup\u00e1len\u00ed studenta Jana Zaj\u00edce.<\/p>\r\n<p>[\/perex]<\/p>\r\n<p>U\u00a0pam\u011btn\u00edho m\u00edsta v\u00a0ulici nesouc\u00ed jm\u00e9no Jana Zaj\u00edce promluvil starosta Prahy&nbsp;7 Jan \u010ci\u017einsk\u00fd, sen\u00e1tor V\u00e1clav Hampl, pra\u017esk\u00fd zastupitel Ji\u0159\u00ed Posp\u00ed\u0161il a&nbsp;Petr Bla\u017eek, historik z&nbsp;\u00dastavu pro v\u00fdzkum totalitn\u00edch re\u017eim\u016f. V&nbsp;z\u00e1v\u011bru zazn\u011bla i&nbsp;modlitba z&nbsp;\u00fast far\u00e1\u0159\u016f C\u00edrkve \u010deskoslovensk\u00e9 husitsk\u00e9 a&nbsp;Farnosti p\u0159i kostele sv. Anton\u00edna.\u00a0Sv\u00ed\u010dky za Jana Zaj\u00edce se v\u00a0ulici rozsv\u011bcovaly a\u017e do ve\u010dern\u00edch hodin.\u00a0<\/p>\r\n<p>Velk\u00e9 pod\u011bkov\u00e1n\u00ed pat\u0159\u00ed sourozenc\u016fm Jana Zaj\u00edce \u2013 Mart\u011b Janasov\u00e9 a&nbsp;Jaroslavu Zaj\u00edcovi, kte\u0159\u00ed v\u00e1\u017eili dlouhou cestu, aby na vzpom\u00ednkov\u00e9 akci nechyb\u011bli.<\/p>\r\n<p>D\u00e1le d\u011bkujeme Konfederaci politick\u00fdch v\u011bz\u0148\u016f, \u010cesk\u00e9 obci sokolsk\u00e9, z\u00e1stupc\u016fm Skaut\u016f, \u017e\u00e1k\u016fm ze Z\u0160 Korunova\u010dn\u00ed a\u00a0v\u0161em, kte\u0159\u00ed se zapojili a&nbsp;pomohli n\u00e1m uct\u00edt pam\u00e1tku Jana Zaj\u00edce! \u00a0<\/p>\r\n<p><img loading=\"lazy\" src=\"https:\/\/www.praha7.cz\/wp-content\/uploads\/2019\/02\/zaj\u00edc-1-1500x1000.jpg\" alt=\"\" width=\"640\" height=\"427\" class=\"alignnone size-large wp-image-23850\" srcset=\"https:\/\/www.praha7.cz\/wp-content\/uploads\/2019\/02\/zaj\u00edc-1-1500x1000.jpg 1500w, https:\/\/www.praha7.cz\/wp-content\/uploads\/2019\/02\/zaj\u00edc-1-600x400.jpg 600w, https:\/\/www.praha7.cz\/wp-content\/uploads\/2019\/02\/zaj\u00edc-1-768x512.jpg 768w\" sizes=\"(max-width: 640px) 100vw, 640px\" \/><img loading=\"lazy\" src=\"https:\/\/www.praha7.cz\/wp-content\/uploads\/2019\/02\/zaj\u00edc-2-1500x1000.jpg\" alt=\"\" width=\"640\" height=\"427\" class=\"alignnone size-large wp-image-23851\" srcset=\"https:\/\/www.praha7.cz\/wp-content\/uploads\/2019\/02\/zaj\u00edc-2-1500x1000.jpg 1500w, https:\/\/www.praha7.cz\/wp-content\/uploads\/2019\/02\/zaj\u00edc-2-600x400.jpg 600w, https:\/\/www.praha7.cz\/wp-content\/uploads\/2019\/02\/zaj\u00edc-2-768x512.jpg 768w\" sizes=\"(max-width: 640px) 100vw, 640px\" \/><img loading=\"lazy\" src=\"https:\/\/www.praha7.cz\/wp-content\/uploads\/2019\/02\/zaj\u00edc-3-1500x1000.jpg\" alt=\"\" width=\"640\" height=\"427\" class=\"alignnone size-large wp-image-23852\" srcset=\"https:\/\/www.praha7.cz\/wp-content\/uploads\/2019\/02\/zaj\u00edc-3-1500x1000.jpg 1500w, https:\/\/www.praha7.cz\/wp-content\/uploads\/2019\/02\/zaj\u00edc-3-600x400.jpg 600w, https:\/\/www.praha7.cz\/wp-content\/uploads\/2019\/02\/zaj\u00edc-3-768x512.jpg 768w\" sizes=\"(max-width: 640px) 100vw, 640px\" \/><img loading=\"lazy\" src=\"https:\/\/www.praha7.cz\/wp-content\/uploads\/2019\/02\/zaj\u00edc-5-1500x1000.jpg\" alt=\"\" width=\"640\" height=\"427\" class=\"alignnone size-large wp-image-23854\" srcset=\"https:\/\/www.praha7.cz\/wp-content\/uploads\/2019\/02\/zaj\u00edc-5-1500x1000.jpg 1500w, https:\/\/www.praha7.cz\/wp-content\/uploads\/2019\/02\/zaj\u00edc-5-600x400.jpg 600w, https:\/\/www.praha7.cz\/wp-content\/uploads\/2019\/02\/zaj\u00edc-5-768x512.jpg 768w\" sizes=\"(max-width: 640px) 100vw, 640px\" \/><img loading=\"lazy\" src=\"https:\/\/www.praha7.cz\/wp-content\/uploads\/2019\/02\/zaj\u00edc-4-1500x1000.jpg\" alt=\"\" width=\"640\" height=\"427\" class=\"alignnone size-large wp-image-23853\" srcset=\"https:\/\/www.praha7.cz\/wp-content\/uploads\/2019\/02\/zaj\u00edc-4-1500x1000.jpg 1500w, https:\/\/www.praha7.cz\/wp-content\/uploads\/2019\/02\/zaj\u00edc-4-600x400.jpg 600w, https:\/\/www.praha7.cz\/wp-content\/uploads\/2019\/02\/zaj\u00edc-4-768x512.jpg 768w\" sizes=\"(max-width: 640px) 100vw, 640px\" \/><\/p>","protected":false},"excerpt":{"rendered":"[perex] V\u00a0Praze 7 na Letn\u00e9 prob\u011bhla v\u00a0pond\u011bl\u00ed 25.&nbsp;2.&nbsp;od\u00a011:30 hodin vzpom\u00ednkov\u00e1 akce v\u011bnovan\u00e1 50.&nbsp;v\u00fdro\u010d\u00ed sebeup\u00e1len\u00ed studenta Jana Zaj\u00edce. [\/perex] U\u00a0pam\u011btn\u00edho m\u00edsta v\u00a0ulici nesouc\u00ed jm\u00e9no Jana Zaj\u00edce promluvil starosta Prahy&nbsp;7 Jan \u010ci\u017einsk\u00fd, sen\u00e1tor V\u00e1clav Hampl, pra\u017esk\u00fd zastupitel Ji\u0159\u00ed Posp\u00ed\u0161il a&nbsp;Petr Bla\u017eek, historik z&nbsp;\u00dastavu pro v\u00fdzkum totalitn\u00edch re\u017eim\u016f. V&nbsp;z\u00e1v\u011bru zazn\u011bla i&nbsp;modlitba z&nbsp;\u00fast far\u00e1\u0159\u016f C\u00edrkve \u010deskoslovensk\u00e9 husitsk\u00e9 a&nbsp;Farnosti p\u0159i [&hellip;]","protected":false},"author":5,"featured_media":23868,"comment_status":"closed","ping_status":"open","sticky":false,"template":"","format":"standard","meta":[],"categories":[34],"tags":[],"_links":{"self":[{"href":"https:\/\/www.praha7.cz\/api\/wp\/v2\/posts\/23849"}],"collection":[{"href":"https:\/\/www.praha7.cz\/api\/wp\/v2\/posts"}],"about":[{"href":"https:\/\/www.praha7.cz\/api\/wp\/v2\/types\/post"}],"author":[{"embeddable":true,"href":"https:\/\/www.praha7.cz\/api\/wp\/v2\/users\/5"}],"replies":[{"embeddable":true,"href":"https:\/\/www.praha7.cz\/api\/wp\/v2\/comments?post=23849"}],"version-history":[{"count":4,"href":"https:\/\/www.praha7.cz\/api\/wp\/v2\/posts\/23849\/revisions"}],"predecessor-version":[{"id":23870,"href":"https:\/\/www.praha7.cz\/api\/wp\/v2\/posts\/23849\/revisions\/23870"}],"wp:featuredmedia":[{"embeddable":true,"href":"https:\/\/www.praha7.cz\/api\/wp\/v2\/media\/23868"}],"wp:attachment":[{"href":"https:\/\/www.praha7.cz\/api\/wp\/v2\/media?parent=23849"}],"wp:term":[{"taxonomy":"category","embeddable":true,"href":"https:\/\/www.praha7.cz\/api\/wp\/v2\/categories?post=23849"},{"taxonomy":"post_tag","embeddable":true,"href":"https:\/\/www.praha7.cz\/api\/wp\/v2\/tags?post=23849"}],"curies":[{"name":"wp","href":"https:\/\/api.w.org\/{rel}","templated":true}]}}