    
{"id":23757,"date":"2019-02-21T11:36:28","date_gmt":"2019-02-21T10:36:28","guid":{"rendered":"https:\/\/www.praha7.cz\/?p=23757"},"modified":"2019-02-25T17:09:02","modified_gmt":"2019-02-25T16:09:02","slug":"mosty-na-vltavske-cekaji-zatezovaci-zkousky-o-vikendu-prinesou-zaverecna-dopravni-omezeni","status":"publish","type":"post","link":"https:\/\/www.praha7.cz\/mosty-na-vltavske-cekaji-zatezovaci-zkousky-o-vikendu-prinesou-zaverecna-dopravni-omezeni\/","title":{"rendered":"Mosty na Vltavsk\u00e9 \u010dekaj\u00ed zat\u011b\u017eovac\u00ed zkou\u0161ky, o&nbsp;v\u00edkendu p\u0159inesou z\u00e1v\u011bre\u010dn\u00e1 dopravn\u00ed omezen\u00ed"},"content":{"rendered":"<p>[perex]<\/p>\r\n<p>O v\u00edkendu 23.&nbsp;a&nbsp;24.&nbsp;\u00fanora \u010dek\u00e1 Pra\u017eany do\u010dasn\u00e1 uzav\u00edrka na mostech u&nbsp;stanice metra C Vltavsk\u00e1. Nejprve se v\u00a0sobotu uzav\u0159e \u00fasek na most\u011b X021 v&nbsp;Bubensk\u00e9, aby na n\u011bm TSK mohla prov\u00e9st statick\u00e9 zat\u011b\u017eovac\u00ed zkou\u0161ky. V&nbsp;ned\u011bli se sem doprava vr\u00e1t\u00ed v\u010detn\u011b tramvaj\u00ed, kter\u00e9 by m\u011bly b\u00fdt v\u00a0provozu ji\u017e v\u00a0ned\u011bli odpoledne. Z\u00e1rove\u0148 se uzav\u0159e most X023, vedouc\u00ed p\u0159es n\u00e1b\u0159e\u017e\u00ed Kapit\u00e1na Jaro\u0161e, a&nbsp;jeden j\u00edzdn\u00ed pruh pod mostem. Zde prob\u011bhnou statick\u00e9 i&nbsp;dynamick\u00e9 zat\u011b\u017eovac\u00ed zkou\u0161ky. Obj\u00edzdn\u00e9 trasy budou vyzna\u010deny p\u0159enosn\u00fdm dopravn\u00edm zna\u010den\u00edm.<\/p>\r\n<p>[\/perex]<\/p>\r\n<p>Technick\u00e1 spr\u00e1va komunikac\u00ed pl\u00e1nuje na sobotu 23.&nbsp;a&nbsp;ned\u011bli 24.&nbsp;\u00fanora zat\u011b\u017eovac\u00ed zkou\u0161ky hned dvou most\u016f z\u00e1rove\u0148. Vyu\u017eije tak rozs\u00e1hl\u00e9 v\u00fdluky tramvaj\u00ed, kter\u00e1 je m\u011bs\u00edc pl\u00e1nov\u00e1na pr\u00e1v\u011b na tento v\u00edkend na jednom z\u00a0most\u016f v\u00a0Bubensk\u00e9 ulici, kde se dokon\u010duj\u00ed pr\u00e1ce souvisej\u00edc\u00ed s&nbsp;havarijn\u00edm podep\u0159en\u00edm.<\/p>\r\n<p>V\u00a0sobotu za\u010dnou statick\u00e9 zkou\u0161ky na most\u011b X021, kter\u00fd soused\u00ed s\u00a0mostem, jen\u017e je od \u00fanora 2019 podep\u0159en. <em>\u201eNa most\u011b X021 v\u00a0Bubensk\u00e9 zm\u011b\u0159\u00edme jeho pr\u016fhyb pot\u00e9, co na n\u011bj najedou pln\u011b nalo\u017een\u00e1 n\u00e1kladn\u00ed auta. Z\u00e1rove\u0148 budeme sledovat, jak se most vrac\u00ed do p\u016fvodn\u00ed \u00farovn\u011b a&nbsp;jak se konstrukce chov\u00e1, kdy\u017e se po n\u00ed jezd\u00ed r\u016fzn\u00fdmi rychlostmi a&nbsp;po r\u016fzn\u00fdch drah\u00e1ch,\u201c<\/em> vysv\u011btluje Petr Smolka, gener\u00e1ln\u00ed \u0159editel TSK hl. m. Prahy. Tyto pr\u00e1ce si p\u0159es den vy\u017e\u00e1daj\u00ed kompletn\u00ed uzav\u00edrku.<\/p>\r\n<p>Na most\u011b X023, kter\u00fd vede p\u0159es n\u00e1b\u0159e\u017e\u00ed Kapit\u00e1na Jaro\u0161e, se v&nbsp;ned\u011bli r\u00e1no za\u010dne dynamickou zkou\u0161kou. D\u00edky n\u00ed je mo\u017en\u00e9 sledovat kmit\u00e1n\u00ed mostn\u00ed konstrukce vyvolan\u00e9 budi\u010dem kmit\u016f. Na z\u00e1klad\u011b tvar\u016f a&nbsp;frekvence konstrukce pak technici prov\u00e1d\u011bj\u00ed statick\u00e9 v\u00fdpo\u010dty. V\u00a0podve\u010dern\u00edch hodin\u00e1ch se TSK zam\u011b\u0159\u00ed na zkou\u0161ky statick\u00e9. Aby v\u0161ak mohla nainstalovat sn\u00edma\u010de, mus\u00ed se ve 12 hodin omezit provoz v&nbsp;jednom j\u00edzdn\u00edm pruhu pod mostem. \u201e<em>Rozhodli jsme se slou\u010dit v\u0161echny tyto pr\u00e1ce do jednoho v\u00edkendu, abychom dan\u00fd \u00fasek nemuseli uzav\u00edrat dvakr\u00e1t. Bude to kapacitn\u011b i&nbsp;logisticky n\u00e1ro\u010dn\u00e9, ale pro Pra\u017eany i&nbsp;proj\u00ed\u017ed\u011bj\u00edc\u00ed to bude p\u0159\u00edjemn\u011bj\u0161\u00ed,\u201c<\/em> \u0159\u00edk\u00e1 Adam Scheinherr, n\u00e1m\u011bstek prim\u00e1tora a&nbsp;radn\u00ed pro dopravu.<\/p>\r\n<h3>Obj\u00edzdn\u00e1 trasa sm\u011brem do centra:<\/h3>\r\n<p>&#8211;\u00a0\u00a0\u00a0\u00a0\u00a0\u00a0\u00a0\u00a0\u00a0 z\u00a0Bubensk\u00e9 ulice p\u0159es ulice Veletr\u017en\u00ed \u2013 Dukelsk\u00fdch hrdin\u016f \u2013 n\u00e1b\u0159e\u017e\u00ed Kapit\u00e1na Jaro\u0161e \u2013 \u0160tef\u00e1nik\u016fv most \u2013 n\u00e1b\u0159e\u017e\u00ed Ludv\u00edka Svobody \u2013 Holbova \u2013 Klimentsk\u00e1<\/p>\r\n<p>Obj\u00edzdn\u00e1 trasa sm\u011brem z&nbsp;centra:<\/p>\r\n<p>&#8211;\u00a0\u00a0\u00a0\u00a0\u00a0\u00a0\u00a0\u00a0\u00a0 z\u00a0Mal\u00e9 Strany p\u0159es Bubensk\u00e9 n\u00e1b\u0159e\u017e\u00ed \u2013 Argentinsk\u00e1 \u2013 U&nbsp;Top\u00edren \u2013 Za Viaduktem a&nbsp;po n\u00e1b\u0159e\u017e\u00ed Kapit\u00e1na Jaro\u0161e<\/p>\r\n<p>Sjezd do Argentinsk\u00e9 ulice z\u00a0Hl\u00e1vkova mostu bude zachov\u00e1n. Pros\u00edme \u0159idi\u010de, aby sledovali p\u0159enosn\u00e9 dopravn\u00ed zna\u010den\u00ed, kter\u00e9 budeme v\u00a0pr\u016fb\u011bhu m\u011b\u0159en\u00ed up\u0159es\u0148ovat, tak jak budou jednotliv\u00e9 pr\u00e1ce hotovy. Dopravn\u00ed omezen\u00ed za\u010dne platit v\u00a0sobotu vpodve\u010der a&nbsp;m\u011blo by b\u00fdt ukon\u010deno na most\u011b u&nbsp;metra Vltavsk\u00e1 X021 v\u00a0noci ze soboty na ned\u011bli. Omezen\u00ed na druh\u00e9m most\u011b p\u0159es n\u00e1b\u0159e\u017e\u00ed Kapit\u00e1na Jaro\u0161e bude pouze v\u00a0ned\u011bli v\u00a0\u010dase od sedmi hodin ve\u010der do p\u016flnoci.<\/p>\r\n<h3><\/h3>\r\n<h3>Tramvajov\u00e1 doprava<\/h3>\r\n<p>23.\u00a0a\u017e 24.\u00a0\u00fanora bude \u00fapln\u011b p\u0159eru\u0161en tramvajov\u00fd provoz v\u00a0\u00faseku Strossmayerovo n\u00e1m\u011bst\u00ed \u2013 Vltavsk\u00e1 \u2013 Pra\u017esk\u00e1 tr\u017enice \u2013 D\u011blnick\u00e1.<\/p>\r\n<p>\u00b7\u00a0\u00a0\u00a0\u00a0\u00a0\u00a0\u00a0\u00a0 Linky 1 a\u00a025 pojedou ze Strossmayerova n\u00e1m\u011bst\u00ed mimo\u0159\u00e1dn\u011b odklonem p\u0159es V\u00fdstavi\u0161t\u011b, N\u00e1dra\u017e\u00ed Hole\u0161ovice a\u00a0Ortenovo n\u00e1m\u011bst\u00ed na Maniny.<\/p>\r\n<p>\u00b7\u00a0\u00a0\u00a0\u00a0\u00a0\u00a0\u00a0\u00a0 Linka \u010d\u00edslo 12 pojede ze Strossmayerova n\u00e1m\u011bst\u00ed p\u0159es zast\u00e1vku Veletr\u017en\u00ed pal\u00e1c na V\u00fdstavi\u0161t\u011b, kde bude kon\u010dit.<\/p>","protected":false},"excerpt":{"rendered":"[perex] O&nbsp;v\u00edkendu 23.&nbsp;a&nbsp;24.&nbsp;\u00fanora \u010dek\u00e1 Pra\u017eany do\u010dasn\u00e1 uzav\u00edrka na mostech u&nbsp;stanice metra C Vltavsk\u00e1. Nejprve se v\u00a0sobotu uzav\u0159e \u00fasek na most\u011b X021 v&nbsp;Bubensk\u00e9, aby na n\u011bm TSK mohla prov\u00e9st statick\u00e9 zat\u011b\u017eovac\u00ed zkou\u0161ky. V&nbsp;ned\u011bli se sem doprava vr\u00e1t\u00ed v\u010detn\u011b tramvaj\u00ed, kter\u00e9 by m\u011bly b\u00fdt v\u00a0provozu ji\u017e v\u00a0ned\u011bli odpoledne. Z\u00e1rove\u0148 se uzav\u0159e most X023, vedouc\u00ed p\u0159es n\u00e1b\u0159e\u017e\u00ed [&hellip;]","protected":false},"author":5,"featured_media":23760,"comment_status":"closed","ping_status":"open","sticky":false,"template":"","format":"standard","meta":[],"categories":[34],"tags":[],"_links":{"self":[{"href":"https:\/\/www.praha7.cz\/api\/wp\/v2\/posts\/23757"}],"collection":[{"href":"https:\/\/www.praha7.cz\/api\/wp\/v2\/posts"}],"about":[{"href":"https:\/\/www.praha7.cz\/api\/wp\/v2\/types\/post"}],"author":[{"embeddable":true,"href":"https:\/\/www.praha7.cz\/api\/wp\/v2\/users\/5"}],"replies":[{"embeddable":true,"href":"https:\/\/www.praha7.cz\/api\/wp\/v2\/comments?post=23757"}],"version-history":[{"count":1,"href":"https:\/\/www.praha7.cz\/api\/wp\/v2\/posts\/23757\/revisions"}],"predecessor-version":[{"id":23761,"href":"https:\/\/www.praha7.cz\/api\/wp\/v2\/posts\/23757\/revisions\/23761"}],"wp:featuredmedia":[{"embeddable":true,"href":"https:\/\/www.praha7.cz\/api\/wp\/v2\/media\/23760"}],"wp:attachment":[{"href":"https:\/\/www.praha7.cz\/api\/wp\/v2\/media?parent=23757"}],"wp:term":[{"taxonomy":"category","embeddable":true,"href":"https:\/\/www.praha7.cz\/api\/wp\/v2\/categories?post=23757"},{"taxonomy":"post_tag","embeddable":true,"href":"https:\/\/www.praha7.cz\/api\/wp\/v2\/tags?post=23757"}],"curies":[{"name":"wp","href":"https:\/\/api.w.org\/{rel}","templated":true}]}}