    
{"id":23671,"date":"2019-02-19T10:55:20","date_gmt":"2019-02-19T09:55:20","guid":{"rendered":"https:\/\/www.praha7.cz\/?p=23671"},"modified":"2019-02-26T10:51:36","modified_gmt":"2019-02-26T09:51:36","slug":"praha-7-rozsviti-svetla-pro-jana-zajice","status":"publish","type":"post","link":"https:\/\/www.praha7.cz\/praha-7-rozsviti-svetla-pro-jana-zajice\/","title":{"rendered":"Praha&nbsp;7 rozsv\u00edt\u00ed sv\u011btla pro Jana Zaj\u00edce"},"content":{"rendered":"<p>[perex]<br \/>\r\nSedm\u00e1 m\u011bstsk\u00e1 \u010d\u00e1st p\u0159ipravuje vzpom\u00ednkovou akci u&nbsp;p\u0159\u00edle\u017eitosti pades\u00e1ti let od sebeup\u00e1len\u00ed Jana Zaj\u00edce. V\u00a0pond\u011bl\u00ed 25.&nbsp;\u00fanora se z\u00e1stupci radnice, studenti, host\u00e9 a&nbsp;dal\u0161\u00ed\u00a0 \u00fa\u010dastn\u00edci sejdou v\u00a011:30 hodin na rohu ulic Jana Zaj\u00edce a&nbsp;Nad Kr\u00e1lovskou oborou, kde zap\u00e1l\u00ed prvn\u00ed sv\u00ed\u010dky. Se sv\u00fdm sv\u011btlem pro Jana Zaj\u00edce se mohou lid\u00e9 zapojit v\u00a0pr\u016fb\u011bhu cel\u00e9ho dne. <br \/>\r\n[\/perex]<\/p>\r\n<p>Student ze \u0160umperka Jan Zaj\u00edc se zap\u00e1lil na V\u00e1clavsk\u00e9m n\u00e1m\u011bst\u00ed 25.&nbsp;\u00fanora 1969, p\u0159esn\u011b m\u011bs\u00edc po poh\u0159bu Jana Palacha. S\u00e1m se ozna\u010dil za \u201epochode\u0148 \u010d\u00edslo 2\u201c, tedy pokra\u010dovatele Palachova posl\u00e1n\u00ed v\u00a0odporu proti okupaci, nesvobod\u011b a&nbsp;lhostejnosti v\u016f\u010di \u00fatlaku.\u00a0\u00a0<\/p>\r\n<p><em>\u201eOd ob\u011bti Jana Zaj\u00edce uplyne pades\u00e1t let. Praha&nbsp;7 m\u00e1 tu \u010dest m\u00edt na sv\u00e9m \u00fazem\u00ed ulici, kter\u00e1 nese jeho jm\u00e9no. Chceme si Jana Zaj\u00edce a&nbsp;jeho sebeob\u011btov\u00e1n\u00ed za na\u0161i svobodu p\u0159ipomenout v\u00a0den 50.&nbsp;v\u00fdro\u010d\u00ed jeho smrti,\u201c<\/em> uvedl <em><strong>starosta Prahy&nbsp;7 Jan \u010ci\u017einsk\u00fd<\/strong><\/em>.<\/p>\r\n<p>Vzpom\u00ednka na Jana Zaj\u00edce se uskute\u010dn\u00ed na rohu ulic Jana Zaj\u00edce a&nbsp;Nad Kr\u00e1lovskou oborou (p\u0159ed domem Nad Kr\u00e1lovskou oborou 23) v\u00a0pond\u011bl\u00ed 25.&nbsp;\u00fanora v\u00a011:30 hodin. Na m\u00edst\u011b promluv\u00ed starosta Prahy&nbsp;7 Jan \u010ci\u017einsk\u00fd, m\u00edstostarostka Hana T\u0159e\u0161t\u00edkov\u00e1, historik Petr Bla\u017eek a&nbsp;dal\u0161\u00ed host\u00e9. Svou \u00fa\u010dast p\u0159isl\u00edbili tak\u00e9 sourozenci Jana Zaj\u00edce. Zapoj\u00ed se i&nbsp;star\u0161\u00ed \u017e\u00e1ci z&nbsp;nedalek\u00e9 \u0161koly Z\u0160 Korunova\u010dn\u00ed.<\/p>\r\n<p><em>\u201eLid\u00e9 maj\u00ed mo\u017enost spole\u010dn\u011b s&nbsp;n\u00e1mi ulici Jana Zaj\u00edce rozsv\u00edtit. B\u011bhem cel\u00e9ho dne sem mohou p\u0159in\u00e1\u0161et zap\u00e1len\u00e9 sv\u00ed\u010dky nebo, ti kte\u0159\u00ed v\u00a0ulici bydl\u00ed, rozsv\u00edtit sv\u011btlo ve sv\u00e9m okn\u011b. Ka\u017ed\u00fd se tak m\u016f\u017ee p\u0159ipojit ke vzpom\u00ednce na studenta, kter\u00fd cht\u011bl sv\u00fdm sv\u011btlem zburcovat n\u00e1rod,\u201c <\/em>\u0159ekla <em><strong>m\u00edstostarostka Hana T\u0159e\u0161t\u00edkov\u00e1<\/strong><\/em>.<\/p>\r\n<p>Ulice v\u00a0Praze 7 byla po Janu Zaj\u00edcovi pojmenov\u00e1na v\u00a0roce 1990. Do t\u00e9 doby se od roku 1951 jmenovala Komsomolsk\u00e1.<\/p>","protected":false},"excerpt":{"rendered":"[perex] Sedm\u00e1 m\u011bstsk\u00e1 \u010d\u00e1st p\u0159ipravuje vzpom\u00ednkovou akci u&nbsp;p\u0159\u00edle\u017eitosti pades\u00e1ti let od sebeup\u00e1len\u00ed Jana Zaj\u00edce. V\u00a0pond\u011bl\u00ed 25.&nbsp;\u00fanora se z\u00e1stupci radnice, studenti, host\u00e9 a&nbsp;dal\u0161\u00ed\u00a0 \u00fa\u010dastn\u00edci sejdou v\u00a011:30 hodin na rohu ulic Jana Zaj\u00edce a&nbsp;Nad Kr\u00e1lovskou oborou, kde zap\u00e1l\u00ed prvn\u00ed sv\u00ed\u010dky. Se sv\u00fdm sv\u011btlem pro Jana Zaj\u00edce se mohou lid\u00e9 zapojit v\u00a0pr\u016fb\u011bhu cel\u00e9ho dne. [\/perex] Student ze \u0160umperka [&hellip;]","protected":false},"author":5,"featured_media":23675,"comment_status":"closed","ping_status":"open","sticky":false,"template":"","format":"standard","meta":[],"categories":[34],"tags":[],"_links":{"self":[{"href":"https:\/\/www.praha7.cz\/api\/wp\/v2\/posts\/23671"}],"collection":[{"href":"https:\/\/www.praha7.cz\/api\/wp\/v2\/posts"}],"about":[{"href":"https:\/\/www.praha7.cz\/api\/wp\/v2\/types\/post"}],"author":[{"embeddable":true,"href":"https:\/\/www.praha7.cz\/api\/wp\/v2\/users\/5"}],"replies":[{"embeddable":true,"href":"https:\/\/www.praha7.cz\/api\/wp\/v2\/comments?post=23671"}],"version-history":[{"count":1,"href":"https:\/\/www.praha7.cz\/api\/wp\/v2\/posts\/23671\/revisions"}],"predecessor-version":[{"id":23673,"href":"https:\/\/www.praha7.cz\/api\/wp\/v2\/posts\/23671\/revisions\/23673"}],"wp:featuredmedia":[{"embeddable":true,"href":"https:\/\/www.praha7.cz\/api\/wp\/v2\/media\/23675"}],"wp:attachment":[{"href":"https:\/\/www.praha7.cz\/api\/wp\/v2\/media?parent=23671"}],"wp:term":[{"taxonomy":"category","embeddable":true,"href":"https:\/\/www.praha7.cz\/api\/wp\/v2\/categories?post=23671"},{"taxonomy":"post_tag","embeddable":true,"href":"https:\/\/www.praha7.cz\/api\/wp\/v2\/tags?post=23671"}],"curies":[{"name":"wp","href":"https:\/\/api.w.org\/{rel}","templated":true}]}}