    
{"id":23616,"date":"2019-02-18T12:42:48","date_gmt":"2019-02-18T11:42:48","guid":{"rendered":"https:\/\/www.praha7.cz\/?p=23616"},"modified":"2020-01-07T14:51:00","modified_gmt":"2020-01-07T13:51:00","slug":"do-mobilniho-svozu-nebezpecnych-odpadu-bude-nove-mozne-odevzdavat-i-oleje-a-tuky","status":"publish","type":"post","link":"https:\/\/www.praha7.cz\/do-mobilniho-svozu-nebezpecnych-odpadu-bude-nove-mozne-odevzdavat-i-oleje-a-tuky\/","title":{"rendered":"Do mobiln\u00edho svozu nebezpe\u010dn\u00fdch odpad\u016f bude nov\u011b mo\u017en\u00e9 odevzd\u00e1vat i&nbsp;oleje a&nbsp;tuky"},"content":{"rendered":"<p>[perex]<br \/>\r\nPraha op\u011bt spou\u0161t\u00ed mobiln\u00ed svoz nebezpe\u010dn\u00e9ho odpadu od ob\u010dan\u016f. Za\u010dne v\u00a0polovin\u011b \u00fanora a&nbsp;celkem bude provedeno t\u0159i sta dva svoz\u016f po osmi zast\u00e1vk\u00e1ch. Nov\u011b budou moci lid\u00e9 od 16.&nbsp;\u00fanora 2019 odevzd\u00e1vat do p\u0159istaven\u00fdch aut v\u00a0r\u00e1mci svoz\u016f tak\u00e9 pou\u017eit\u00e9 jedl\u00e9 oleje a&nbsp;tuky.<br \/>\r\n[\/perex]<\/p>\r\n<p><br \/>\r\nMezi nebezpe\u010dn\u00e9 odpady pat\u0159\u00ed nap\u0159\u00edklad <strong>rozpou\u0161t\u011bdla<\/strong>, <strong>kyseliny<\/strong>, <strong>z\u00e1sady<\/strong>, <strong>fotochemik\u00e1lie<\/strong>, <strong>pesticidy<\/strong>, <strong>z\u00e1\u0159ivky<\/strong> a&nbsp;jin\u00fd odpad s\u00a0obsahem <strong>rtuti<\/strong>, <strong>barvy<\/strong>, <strong>lepidla<\/strong>, <strong>prysky\u0159ice<\/strong>, <strong>pesticidy<\/strong>, <strong>\u010distic\u00ed<\/strong> <strong>prost\u0159edky<\/strong>, <strong>rozpou\u0161t\u011bdla<\/strong>, <strong>l\u00e9\u010diva<\/strong>, <strong>motorov\u00e9 oleje<\/strong>, <strong>baterie<\/strong> \u010di <strong>akumul\u00e1tory<\/strong>. Nov\u011b bude mo\u017en\u00e9 v\u00a0r\u00e1mci mobiln\u00edho sb\u011bru odevzd\u00e1vat tak\u00e9 pou\u017eit\u00e9 <strong>jedl\u00e9 oleje<\/strong> a&nbsp;<strong>tuky<\/strong>, a&nbsp;to v\u00a0uzav\u0159en\u00fdch <strong>PET lahv\u00edch<\/strong>. Nez\u00e1le\u017e\u00ed p\u0159itom na tom, zda je olej olivov\u00fd, \u0159epkov\u00fd, slune\u010dnicov\u00fd a&nbsp;podobn\u011b. Jedl\u00e9 tuky a&nbsp;oleje jsou po vysb\u00edr\u00e1n\u00ed p\u0159ed\u00e1v\u00e1ny zpracovateli, kter\u00fdm je v&nbsp;Praze spole\u010dnost Viking group, s.r.o.<\/p>\r\n<p>Sebran\u00fd olej a&nbsp;tuk je po vyt\u0159\u00edd\u011bn\u00ed a&nbsp;vy\u010di\u0161t\u011bn\u00ed vyu\u017e\u00edv\u00e1n jako <strong>druhotn\u00e1 surovina v&nbsp;chemick\u00e9m pr\u016fmyslu<\/strong>. Jeho aplikace je mo\u017en\u00e1 p\u0159i v\u00fdrob\u011b n\u011bkter\u00fdch hmot nahrazuj\u00edc\u00edch ropn\u00e9 produkty, d\u00e1le ve stavebnictv\u00ed jako slo\u017eky pro n\u00e1hra\u017eku ropn\u00fdch maziv a&nbsp;v&nbsp;d\u0159eva\u0159sk\u00e9m pr\u016fmyslu pro podobn\u00fd \u00fa\u010del zvl\u00e1\u0161t\u011b tam, kde je vy\u017eadov\u00e1n vysoce ekologicky \u0161etrn\u00fd v\u00fdrobek. D\u016fle\u017eit\u00e9 je vyu\u017eit\u00ed tohoto materi\u00e1lu jako jedn\u00e9 ze slo\u017eek pro v\u00fdrobu ekologick\u00fdch paliv a&nbsp;p\u0159\u00eddavk\u016f do paliv. Nov\u011b se olej za\u010d\u00edn\u00e1 vyu\u017e\u00edvat tak\u00e9 pro v\u00fdrobu elektrick\u00e9 energie. Sb\u00edr\u00e1n\u00ed tohoto odpadu v\u00a0neposledn\u00ed \u0159ad\u011b \u0161et\u0159\u00ed kanaliza\u010dn\u00ed s\u00ed\u0165, nebo\u0165 tuk v&nbsp;potrub\u00ed ztuhne a&nbsp;zan\u00e1\u0161\u00ed ho. Hroz\u00ed tak ni\u017e\u0161\u00ed pr\u016fto\u010dnost a&nbsp;v&nbsp;krajn\u00edm p\u0159\u00edpad\u011b i&nbsp;ucp\u00e1n\u00ed kanalizace. Praha tak\u00e9 p\u0159ipravuje informa\u010dn\u00ed kampa\u0148, kter\u00e1 by m\u011bla ob\u010dany p\u0159esv\u011bd\u010dit ke sb\u011bru olej\u016f a&nbsp;tuk\u016f nam\u00edsto jejich vyl\u00e9v\u00e1n\u00ed do odpadu.<\/p>\r\n<p>Slu\u017ebu mobiln\u00edho svozu nebezpe\u010dn\u00fdch odpad\u016f organizuje pro sv\u00e9 ob\u010dany hlavn\u00ed m\u011bsto Praha od roku 1999. Informace <a href=\"http:\/\/portalzp.praha.eu\/file\/3078122\/Harmonogram_2020.pdf\">o term\u00ednech a&nbsp;tras\u00e1ch<\/a> p\u0159istaven\u00ed vozidel jsou k\u00a0dispozici na <a href=\"http:\/\/portalzp.praha.eu\/jnp\/cz\/odpady\/pro_obcany\/mobilni_sber_nebezpecnych_odpadu_a.html\">webov\u00e9 adrese<\/a>.\u00a0<\/p>\r\n<p>V\u0161echny uveden\u00e9 druhy nebezpe\u010dn\u00e9ho odpadu v\u010detn\u011b olej\u016f a&nbsp;tuk\u016f mohou lid\u00e9 samoz\u0159ejm\u011b odevzd\u00e1vat tak\u00e9 ve <strong>sb\u011brn\u00fdch dvorech<\/strong> hlavn\u00edho m\u011bsta Prahy, jejich\u017e seznam a&nbsp;provozn\u00ed dobu naleznou tak\u00e9 na str\u00e1nce <a href=\"http:\/\/portalzp.praha.eu\/jnp\/cz\/odpady\/index.html\">odpady.praha.eu<\/a>.<\/p>\r\n<h3>Harmonogram mobiln\u00edho sb\u011bru nebezpe\u010dn\u00fdch odpad\u016f a&nbsp;jedl\u00fdch olej\u016f v&nbsp;roce 2020 v&nbsp;Praze 7<\/h3>\r\n<p><img loading=\"lazy\" src=\"https:\/\/www.praha7.cz\/wp-content\/uploads\/2019\/02\/svoz_oleje_2020.png\" alt=\"\" width=\"619\" height=\"698\" class=\"alignnone wp-image-32456 size-full\" srcset=\"https:\/\/www.praha7.cz\/wp-content\/uploads\/2019\/02\/svoz_oleje_2020.png 619w, https:\/\/www.praha7.cz\/wp-content\/uploads\/2019\/02\/svoz_oleje_2020-355x400.png 355w\" sizes=\"(max-width: 619px) 100vw, 619px\" \/><\/p>","protected":false},"excerpt":{"rendered":"[perex] Praha op\u011bt spou\u0161t\u00ed mobiln\u00ed svoz nebezpe\u010dn\u00e9ho odpadu od ob\u010dan\u016f. Za\u010dne v\u00a0polovin\u011b \u00fanora a&nbsp;celkem bude provedeno t\u0159i sta dva svoz\u016f po osmi zast\u00e1vk\u00e1ch. Nov\u011b budou moci lid\u00e9 od 16.&nbsp;\u00fanora 2019 odevzd\u00e1vat do p\u0159istaven\u00fdch aut v\u00a0r\u00e1mci svoz\u016f tak\u00e9 pou\u017eit\u00e9 jedl\u00e9 oleje a&nbsp;tuky. [\/perex] Mezi nebezpe\u010dn\u00e9 odpady pat\u0159\u00ed nap\u0159\u00edklad rozpou\u0161t\u011bdla, kyseliny, z\u00e1sady, fotochemik\u00e1lie, pesticidy, z\u00e1\u0159ivky a&nbsp;jin\u00fd odpad [&hellip;]","protected":false},"author":76,"featured_media":23617,"comment_status":"closed","ping_status":"open","sticky":false,"template":"","format":"standard","meta":[],"categories":[34],"tags":[],"_links":{"self":[{"href":"https:\/\/www.praha7.cz\/api\/wp\/v2\/posts\/23616"}],"collection":[{"href":"https:\/\/www.praha7.cz\/api\/wp\/v2\/posts"}],"about":[{"href":"https:\/\/www.praha7.cz\/api\/wp\/v2\/types\/post"}],"author":[{"embeddable":true,"href":"https:\/\/www.praha7.cz\/api\/wp\/v2\/users\/76"}],"replies":[{"embeddable":true,"href":"https:\/\/www.praha7.cz\/api\/wp\/v2\/comments?post=23616"}],"version-history":[{"count":7,"href":"https:\/\/www.praha7.cz\/api\/wp\/v2\/posts\/23616\/revisions"}],"predecessor-version":[{"id":32459,"href":"https:\/\/www.praha7.cz\/api\/wp\/v2\/posts\/23616\/revisions\/32459"}],"wp:featuredmedia":[{"embeddable":true,"href":"https:\/\/www.praha7.cz\/api\/wp\/v2\/media\/23617"}],"wp:attachment":[{"href":"https:\/\/www.praha7.cz\/api\/wp\/v2\/media?parent=23616"}],"wp:term":[{"taxonomy":"category","embeddable":true,"href":"https:\/\/www.praha7.cz\/api\/wp\/v2\/categories?post=23616"},{"taxonomy":"post_tag","embeddable":true,"href":"https:\/\/www.praha7.cz\/api\/wp\/v2\/tags?post=23616"}],"curies":[{"name":"wp","href":"https:\/\/api.w.org\/{rel}","templated":true}]}}