    
{"id":23327,"date":"2019-02-02T16:08:32","date_gmt":"2019-02-02T15:08:32","guid":{"rendered":"https:\/\/www.praha7.cz\/?p=23327"},"modified":"2019-02-02T16:08:32","modified_gmt":"2019-02-02T15:08:32","slug":"vystraha-pred-silnym-snezenim","status":"publish","type":"post","link":"https:\/\/www.praha7.cz\/vystraha-pred-silnym-snezenim\/","title":{"rendered":"V\u00fdstraha p\u0159ed siln\u00fdm sn\u011b\u017een\u00edm"},"content":{"rendered":"<p>[perex]<br \/>\r\nMeteorologov\u00e9 vydali na ned\u011bli 3.&nbsp;2.&nbsp;v\u00fdstrahu p\u0159ed siln\u00fdm sn\u011b\u017een\u00edm. V\u00fdstraha plat\u00ed od 6:00 do 19:00 hodin. A\u017e do p\u016flnoci t\u00e9ho\u017e dne plat\u00ed varov\u00e1n\u00ed p\u0159ed novou sn\u011bhovou pokr\u00fdvkou.<br \/>\r\n[\/perex]<\/p>\r\n<p>O\u010dek\u00e1vejte zt\u00ed\u017een\u00e9 podm\u00ednky p\u0159i pohybu na komunikac\u00edch a&nbsp;sledujte p\u0159edpov\u011b\u010f po\u010das\u00ed a&nbsp;dopravn\u00ed zpravodajstv\u00ed.<\/p>","protected":false},"excerpt":{"rendered":"[perex] Meteorologov\u00e9 vydali na ned\u011bli 3.&nbsp;2.&nbsp;v\u00fdstrahu p\u0159ed siln\u00fdm sn\u011b\u017een\u00edm. V\u00fdstraha plat\u00ed od 6:00 do 19:00 hodin. A\u017e do p\u016flnoci t\u00e9ho\u017e dne plat\u00ed varov\u00e1n\u00ed p\u0159ed novou sn\u011bhovou pokr\u00fdvkou. [\/perex] O\u010dek\u00e1vejte zt\u00ed\u017een\u00e9 podm\u00ednky p\u0159i pohybu na komunikac\u00edch a&nbsp;sledujte p\u0159edpov\u011b\u010f po\u010das\u00ed a&nbsp;dopravn\u00ed zpravodajstv\u00ed.","protected":false},"author":5,"featured_media":23329,"comment_status":"closed","ping_status":"open","sticky":false,"template":"","format":"standard","meta":[],"categories":[34],"tags":[],"_links":{"self":[{"href":"https:\/\/www.praha7.cz\/api\/wp\/v2\/posts\/23327"}],"collection":[{"href":"https:\/\/www.praha7.cz\/api\/wp\/v2\/posts"}],"about":[{"href":"https:\/\/www.praha7.cz\/api\/wp\/v2\/types\/post"}],"author":[{"embeddable":true,"href":"https:\/\/www.praha7.cz\/api\/wp\/v2\/users\/5"}],"replies":[{"embeddable":true,"href":"https:\/\/www.praha7.cz\/api\/wp\/v2\/comments?post=23327"}],"version-history":[{"count":1,"href":"https:\/\/www.praha7.cz\/api\/wp\/v2\/posts\/23327\/revisions"}],"predecessor-version":[{"id":23330,"href":"https:\/\/www.praha7.cz\/api\/wp\/v2\/posts\/23327\/revisions\/23330"}],"wp:featuredmedia":[{"embeddable":true,"href":"https:\/\/www.praha7.cz\/api\/wp\/v2\/media\/23329"}],"wp:attachment":[{"href":"https:\/\/www.praha7.cz\/api\/wp\/v2\/media?parent=23327"}],"wp:term":[{"taxonomy":"category","embeddable":true,"href":"https:\/\/www.praha7.cz\/api\/wp\/v2\/categories?post=23327"},{"taxonomy":"post_tag","embeddable":true,"href":"https:\/\/www.praha7.cz\/api\/wp\/v2\/tags?post=23327"}],"curies":[{"name":"wp","href":"https:\/\/api.w.org\/{rel}","templated":true}]}}