    
{"id":23162,"date":"2019-01-30T13:20:27","date_gmt":"2019-01-30T12:20:27","guid":{"rendered":"https:\/\/www.praha7.cz\/?p=23162"},"modified":"2019-01-30T13:21:49","modified_gmt":"2019-01-30T12:21:49","slug":"vyberove-rizeni-ekonom-rozpoctar-oddeleni-skolstvi-mc-praha-1","status":"publish","type":"post","link":"https:\/\/www.praha7.cz\/vyberove-rizeni-ekonom-rozpoctar-oddeleni-skolstvi-mc-praha-1\/","title":{"rendered":"V\u00fdb\u011brov\u00e9 \u0159\u00edzen\u00ed &#8211; ekonom &#8211; rozpo\u010dt\u00e1\u0159 odd\u011blen\u00ed \u0161kolstv\u00ed M\u010c Praha 1"},"content":{"rendered":"<p>[perex]<br \/>\r\nV\u00fdb\u011brov\u00e9 \u0159\u00edzen\u00ed na druh\u00e9ho ekonoma do odd\u011blen\u00ed \u0161kolstv\u00ed na \u00daM\u010c Praha 1.\u00a0Podrobn\u011bj\u0161\u00ed podm\u00ednky naleznete na webu <a href=\"https:\/\/www.praha1.cz\/cps\/uredni-deska-detail.html?ID=1471876\">M\u010c P1<\/a> nebo <a href=\"https:\/\/www.praha7.cz\/wp-content\/uploads\/2019\/01\/12-19_ekonom-ka_-_rozpoctar-ka_oddeleni_skolstvi.pdf\">zde.\u00a0<\/a><br \/>\r\n[\/perex]<\/p>","protected":false},"excerpt":{"rendered":"[perex] V\u00fdb\u011brov\u00e9 \u0159\u00edzen\u00ed na druh\u00e9ho ekonoma do odd\u011blen\u00ed \u0161kolstv\u00ed na \u00daM\u010c Praha 1.\u00a0Podrobn\u011bj\u0161\u00ed podm\u00ednky naleznete na webu M\u010c P1 nebo zde.\u00a0 [\/perex]","protected":false},"author":76,"featured_media":19458,"comment_status":"closed","ping_status":"open","sticky":false,"template":"","format":"standard","meta":[],"categories":[1],"tags":[],"_links":{"self":[{"href":"https:\/\/www.praha7.cz\/api\/wp\/v2\/posts\/23162"}],"collection":[{"href":"https:\/\/www.praha7.cz\/api\/wp\/v2\/posts"}],"about":[{"href":"https:\/\/www.praha7.cz\/api\/wp\/v2\/types\/post"}],"author":[{"embeddable":true,"href":"https:\/\/www.praha7.cz\/api\/wp\/v2\/users\/76"}],"replies":[{"embeddable":true,"href":"https:\/\/www.praha7.cz\/api\/wp\/v2\/comments?post=23162"}],"version-history":[{"count":3,"href":"https:\/\/www.praha7.cz\/api\/wp\/v2\/posts\/23162\/revisions"}],"predecessor-version":[{"id":23166,"href":"https:\/\/www.praha7.cz\/api\/wp\/v2\/posts\/23162\/revisions\/23166"}],"wp:featuredmedia":[{"embeddable":true,"href":"https:\/\/www.praha7.cz\/api\/wp\/v2\/media\/19458"}],"wp:attachment":[{"href":"https:\/\/www.praha7.cz\/api\/wp\/v2\/media?parent=23162"}],"wp:term":[{"taxonomy":"category","embeddable":true,"href":"https:\/\/www.praha7.cz\/api\/wp\/v2\/categories?post=23162"},{"taxonomy":"post_tag","embeddable":true,"href":"https:\/\/www.praha7.cz\/api\/wp\/v2\/tags?post=23162"}],"curies":[{"name":"wp","href":"https:\/\/api.w.org\/{rel}","templated":true}]}}