    
{"id":22558,"date":"2019-01-10T16:52:39","date_gmt":"2019-01-10T15:52:39","guid":{"rendered":"https:\/\/www.praha7.cz\/?p=22558"},"modified":"2019-01-10T17:02:16","modified_gmt":"2019-01-10T16:02:16","slug":"skolaci-z-prahy-7-o-svatcich-pomahali","status":"publish","type":"post","link":"https:\/\/www.praha7.cz\/skolaci-z-prahy-7-o-svatcich-pomahali\/","title":{"rendered":"\u0160kol\u00e1ci z&nbsp;Prahy&nbsp;7 o&nbsp;sv\u00e1tc\u00edch pom\u00e1hali"},"content":{"rendered":"<p>[perex]<br \/>\r\n V\u00a0obdob\u00ed v\u00e1no\u010dn\u00edch sv\u00e1tk\u016f se tradi\u010dn\u011b po\u0159\u00e1d\u00e1 \u0159ada charitativn\u00edch projekt\u016f. Pozadu nez\u016fstali ani \u0161kol\u00e1ci z\u00a0Prahy&nbsp;7, kte\u0159\u00ed pomohli pro\u017e\u00edt p\u0159\u00edjemn\u00e9 v\u00e1no\u010dn\u00ed sv\u00e1tky i&nbsp;t\u011bm m\u00e9n\u011b \u0161\u0165astn\u00fdm, nemocn\u00fdm nebo osam\u011bl\u00fdm. A&nbsp;nezapomn\u011bli ani na n\u011bm\u00e9 tv\u00e1\u0159e. Pomocn\u00fdch rukou bylo mnoho. R\u00e1di bychom pod\u011bkovali v\u0161em, kte\u0159\u00ed se zapojili, a&nbsp;p\u0159ipom\u00edn\u00e1me alespo\u0148 n\u011bkter\u00e9 zaj\u00edmav\u00e9 charitativn\u00ed projekty na\u0161ich \u0161kol\u00e1k\u016f. <br \/>\r\n [\/perex]<\/p>\r\n<p>D\u011bti z\u00a03.&nbsp;waldorfsk\u00e9 t\u0159\u00eddy ze <strong>\u0161koly v\u00a0Letohradsk\u00e9<\/strong> uspo\u0159\u00e1daly v\u00a0r\u00e1mci projektu Zkoleduj se s\u00a0t\u00fdmem herc\u016f a&nbsp;hudebn\u00edk\u016f dva \u00fasp\u011b\u0161n\u00e9 adventn\u00ed koncerty a&nbsp;vykoledovaly tak\u0159ka 90 tis\u00edc korun pro Z\u00e1chrannou stanici hl. m. Prahy pro voln\u011b \u017eij\u00edc\u00ed \u017eivo\u010dichy.<\/p>\r\n<p>\u017d\u00e1ci ze <strong>Z\u0160 Strossmayerovo n\u00e1m\u011bst\u00ed<\/strong> se zapojili do projektu d\u00e1rk\u016f d\u011btem z\u00a0chud\u0161\u00edch rodin V\u00e1no\u010dn\u00ed krabice od bot, d\u00e1re\u010dky nosili tak\u00e9 pro d\u011btsk\u00e9 centrum p\u0159i Thomayerov\u011b nemocnici a&nbsp;uspo\u0159\u00e1dali i&nbsp;v\u00e1no\u010dn\u00ed sb\u00edrku pro psy a&nbsp;ko\u010dky v\u00a0do\u010dasn\u00e9 p\u00e9\u010di. \u00a0<\/p>\r\n<p>D\u011bti z&nbsp;3.&nbsp;montessori t\u0159\u00eddy <strong>Z\u0160 Korunova\u010dn\u00ed vybraly<\/strong>\u00a0doma s\u00a0rodi\u010di ve sv\u00fdch vlastn\u00edch sk\u0159\u00edn\u00edch, knihovn\u00e1ch a&nbsp;\u0161atn\u00edc\u00edch d\u00e1rky pro d\u011bti z\u00a0azylov\u00e9ho domu. \u0160kola se a&nbsp;zapojila tak\u00e9 do projektu Je\u017e\u00ed\u0161kova vnou\u010d\u00e1tka, kdy \u017e\u00e1ci vyr\u00e1b\u011bli kr\u00e1sn\u00e1 v\u00e1no\u010dn\u00ed p\u0159\u00e1n\u00ed pro osam\u011bl\u00e9 seniory, stejn\u011b jako \u017e\u00e1ci ze <strong>Z\u0160 Franti\u0161ky Plam\u00ednkov\u00e9<\/strong>.<\/p>\r\n<p><strong>Z\u0160 a&nbsp;M\u0160 Tusarova<\/strong> v\u011bnovala \u010d\u00e1st v\u00fdt\u011b\u017eku z\u00a0tradi\u010dn\u00edho jarmarku d\u011btsk\u00fdch v\u00fdrobk\u016f nada\u010dn\u00edmu Fondu Sidius pro nemocn\u00e9 d\u011bti.<\/p>\r\n<p><strong>D\u011bti z\u00a0FZ\u0160 Um\u011bleck\u00e1<\/strong> vyr\u00e1b\u011bly adventn\u00ed v\u011bnce spole\u010dn\u011b se seniory a&nbsp;p\u0159ipravily v\u00e1no\u010dn\u00ed vystoupen\u00ed v\u00a0Pe\u010dovatelsk\u00e9m centru.<\/p>\r\n<p>&nbsp;<\/p>\r\n<p>Projev\u016f \u0161t\u011bdrosti a&nbsp;solidarity bylo v\u0161ak mnohem v\u00edce a&nbsp;nejen o&nbsp;sv\u00e1tc\u00edch. D\u011bkujeme v\u0161em, kte\u0159\u00ed jste pomohli a&nbsp;st\u00e1le pom\u00e1h\u00e1te.<\/p>","protected":false},"excerpt":{"rendered":"[perex] V\u00a0obdob\u00ed v\u00e1no\u010dn\u00edch sv\u00e1tk\u016f se tradi\u010dn\u011b po\u0159\u00e1d\u00e1 \u0159ada charitativn\u00edch projekt\u016f. Pozadu nez\u016fstali ani \u0161kol\u00e1ci z\u00a0Prahy&nbsp;7, kte\u0159\u00ed pomohli pro\u017e\u00edt p\u0159\u00edjemn\u00e9 v\u00e1no\u010dn\u00ed sv\u00e1tky i&nbsp;t\u011bm m\u00e9n\u011b \u0161\u0165astn\u00fdm, nemocn\u00fdm nebo osam\u011bl\u00fdm. A&nbsp;nezapomn\u011bli ani na n\u011bm\u00e9 tv\u00e1\u0159e. Pomocn\u00fdch rukou bylo mnoho. R\u00e1di bychom pod\u011bkovali v\u0161em, kte\u0159\u00ed se zapojili, a&nbsp;p\u0159ipom\u00edn\u00e1me alespo\u0148 n\u011bkter\u00e9 zaj\u00edmav\u00e9 charitativn\u00ed projekty na\u0161ich \u0161kol\u00e1k\u016f. [\/perex] D\u011bti z\u00a03.&nbsp;waldorfsk\u00e9 t\u0159\u00eddy [&hellip;]","protected":false},"author":5,"featured_media":22563,"comment_status":"closed","ping_status":"open","sticky":false,"template":"","format":"standard","meta":[],"categories":[34],"tags":[],"_links":{"self":[{"href":"https:\/\/www.praha7.cz\/api\/wp\/v2\/posts\/22558"}],"collection":[{"href":"https:\/\/www.praha7.cz\/api\/wp\/v2\/posts"}],"about":[{"href":"https:\/\/www.praha7.cz\/api\/wp\/v2\/types\/post"}],"author":[{"embeddable":true,"href":"https:\/\/www.praha7.cz\/api\/wp\/v2\/users\/5"}],"replies":[{"embeddable":true,"href":"https:\/\/www.praha7.cz\/api\/wp\/v2\/comments?post=22558"}],"version-history":[{"count":9,"href":"https:\/\/www.praha7.cz\/api\/wp\/v2\/posts\/22558\/revisions"}],"predecessor-version":[{"id":22569,"href":"https:\/\/www.praha7.cz\/api\/wp\/v2\/posts\/22558\/revisions\/22569"}],"wp:featuredmedia":[{"embeddable":true,"href":"https:\/\/www.praha7.cz\/api\/wp\/v2\/media\/22563"}],"wp:attachment":[{"href":"https:\/\/www.praha7.cz\/api\/wp\/v2\/media?parent=22558"}],"wp:term":[{"taxonomy":"category","embeddable":true,"href":"https:\/\/www.praha7.cz\/api\/wp\/v2\/categories?post=22558"},{"taxonomy":"post_tag","embeddable":true,"href":"https:\/\/www.praha7.cz\/api\/wp\/v2\/tags?post=22558"}],"curies":[{"name":"wp","href":"https:\/\/api.w.org\/{rel}","templated":true}]}}