    
{"id":22222,"date":"2018-12-21T11:15:40","date_gmt":"2018-12-21T10:15:40","guid":{"rendered":"https:\/\/www.praha7.cz\/?p=22222"},"modified":"2019-01-03T08:45:37","modified_gmt":"2019-01-03T07:45:37","slug":"cviceni-pro-seniory-v-1-pololeti-2019","status":"publish","type":"post","link":"https:\/\/www.praha7.cz\/cviceni-pro-seniory-v-1-pololeti-2019\/","title":{"rendered":"Cvi\u010den\u00ed pro seniory v&nbsp;1.&nbsp;pololet\u00ed 2019"},"content":{"rendered":"<p>[perex]<br \/>\r\n V\u00a0roce 2019 bude pokra\u010dovat tak\u00e9 cvi\u010den\u00ed pro seniory v\u00a0TJ Sokol Praha VII. Zdravotn\u00ed, pohybov\u00e9 a&nbsp;relaxa\u010dn\u00ed aktivity povede op\u011bt doktor Miroslav \u0160tilec. Rezervaci \u00fatern\u00edch nebo p\u00e1te\u010dn\u00edch term\u00edn\u016f je nutn\u00e9 prov\u00e9st osobn\u011b. Rezervace budou p\u0159ij\u00edm\u00e1ny v\u00a0pond\u011bl\u00ed 14.&nbsp;ledna od 8:00 do 11:00 na \u00fa\u0159ad\u011b Prahy&nbsp;7 (2.&nbsp;patro, zasedac\u00ed m\u00edstnost \u010d. dv. 225). Pozd\u011bji je mo\u017en\u00e9 term\u00edny rezervovat na Odboru kultury a&nbsp;sportu, nicm\u00e9n\u011b upozor\u0148ujeme, \u017ee kapacita je omezen\u00e1 a&nbsp;o&nbsp;kurzy b\u00fdv\u00e1 velk\u00fd z\u00e1jem.\u00a0\u00a0 <br \/>\r\n [\/perex]<\/p>\r\n<p>M\u00edsto kon\u00e1n\u00ed: TJ Sokol Praha VII, U&nbsp;Stud\u00e1nky 852\/2.<\/p>\r\n<p>Term\u00edny: v\u017edy v&nbsp;\u00fater\u00fd a&nbsp;v&nbsp;p\u00e1tek od 9:00 do 10:00 hod.<\/p>\r\n<p>Cvi\u010den\u00ed je ur\u010deno pro seniory z\u00a0Prahy&nbsp;7 a&nbsp;je po\u0159\u00e1d\u00e1no zdarma. P\u0159ihl\u00e1sit se lze na v\u0161echny \u00fatern\u00ed nebo p\u00e1te\u010dn\u00ed term\u00edny. Pros\u00edme \u010dleny klubu M\u010c Praha&nbsp;7, aby p\u0159i registraci p\u0159edlo\u017eili svou \u010dlenskou kartu. Registrace je mo\u017en\u00e1 pouze osobn\u011b.<\/p>","protected":false},"excerpt":{"rendered":"[perex] V\u00a0roce 2019 bude pokra\u010dovat tak\u00e9 cvi\u010den\u00ed pro seniory v\u00a0TJ Sokol Praha VII. Zdravotn\u00ed, pohybov\u00e9 a&nbsp;relaxa\u010dn\u00ed aktivity povede op\u011bt doktor Miroslav \u0160tilec. Rezervaci \u00fatern\u00edch nebo p\u00e1te\u010dn\u00edch term\u00edn\u016f je nutn\u00e9 prov\u00e9st osobn\u011b. Rezervace budou p\u0159ij\u00edm\u00e1ny v\u00a0pond\u011bl\u00ed 14.&nbsp;ledna od 8:00 do 11:00 na \u00fa\u0159ad\u011b Prahy&nbsp;7 (2.&nbsp;patro, zasedac\u00ed m\u00edstnost \u010d. dv. 225). Pozd\u011bji je mo\u017en\u00e9 term\u00edny rezervovat na [&hellip;]","protected":false},"author":5,"featured_media":22224,"comment_status":"closed","ping_status":"open","sticky":false,"template":"","format":"standard","meta":[],"categories":[34],"tags":[],"_links":{"self":[{"href":"https:\/\/www.praha7.cz\/api\/wp\/v2\/posts\/22222"}],"collection":[{"href":"https:\/\/www.praha7.cz\/api\/wp\/v2\/posts"}],"about":[{"href":"https:\/\/www.praha7.cz\/api\/wp\/v2\/types\/post"}],"author":[{"embeddable":true,"href":"https:\/\/www.praha7.cz\/api\/wp\/v2\/users\/5"}],"replies":[{"embeddable":true,"href":"https:\/\/www.praha7.cz\/api\/wp\/v2\/comments?post=22222"}],"version-history":[{"count":3,"href":"https:\/\/www.praha7.cz\/api\/wp\/v2\/posts\/22222\/revisions"}],"predecessor-version":[{"id":28976,"href":"https:\/\/www.praha7.cz\/api\/wp\/v2\/posts\/22222\/revisions\/28976"}],"wp:featuredmedia":[{"embeddable":true,"href":"https:\/\/www.praha7.cz\/api\/wp\/v2\/media\/22224"}],"wp:attachment":[{"href":"https:\/\/www.praha7.cz\/api\/wp\/v2\/media?parent=22222"}],"wp:term":[{"taxonomy":"category","embeddable":true,"href":"https:\/\/www.praha7.cz\/api\/wp\/v2\/categories?post=22222"},{"taxonomy":"post_tag","embeddable":true,"href":"https:\/\/www.praha7.cz\/api\/wp\/v2\/tags?post=22222"}],"curies":[{"name":"wp","href":"https:\/\/api.w.org\/{rel}","templated":true}]}}