    
{"id":22214,"date":"2018-12-21T10:41:04","date_gmt":"2018-12-21T09:41:04","guid":{"rendered":"https:\/\/www.praha7.cz\/?p=22214"},"modified":"2018-12-21T10:41:04","modified_gmt":"2018-12-21T09:41:04","slug":"plavani-pro-seniory-v-1-pololeti-2019","status":"publish","type":"post","link":"https:\/\/www.praha7.cz\/plavani-pro-seniory-v-1-pololeti-2019\/","title":{"rendered":"Plav\u00e1n\u00ed pro seniory v&nbsp;1.&nbsp;pololet\u00ed 2019"},"content":{"rendered":"<p>[perex]<br \/>\r\nM\u011bstsk\u00e1 \u010d\u00e1st Praha&nbsp;7 pokra\u010duje tak\u00e9 v\u00a0roce 2019 v&nbsp;po\u0159\u00e1d\u00e1n\u00ed rehabilita\u010dn\u00edch kurz\u016f plav\u00e1n\u00ed pro seniory. Kurzy budou prob\u00edhat v\u00a0baz\u00e9nu na V\u00fdstavi\u0161ti od ledna do kv\u011btna. Rezervaci p\u011bti vybran\u00fdch term\u00edn\u016f je nutn\u00e9 prov\u00e9st osobn\u011b. Rezervace budou p\u0159ij\u00edm\u00e1ny ve st\u0159edu 16.&nbsp;ledna od 8:00 do 11:00 na \u00fa\u0159ad\u011b Prahy&nbsp;7 (2.&nbsp;patro, zasedac\u00ed m\u00edstnost \u010d. dv. 225). Pozd\u011bji je mo\u017en\u00e9 term\u00edny rezervovat na Odboru kultury a&nbsp;sportu, nicm\u00e9n\u011b upozor\u0148ujeme, \u017ee kapacita je omezen\u00e1 a&nbsp;o&nbsp;kurzy b\u00fdv\u00e1 velk\u00fd z\u00e1jem. \u00a0\u00a0<br \/>\r\n [\/perex]<\/p>\r\n<p>Kurzy jsou po\u0159\u00e1d\u00e1ny v\u00a0n\u00e1sleduj\u00edc\u00edch term\u00ednech:<\/p>\r\n<p>leden\u00a0\u00a0\u00a0\u00a0 21., 25., 28.<\/p>\r\n<p>\u00fanor\u00a0\u00a0\u00a0\u00a0\u00a0 1., 4., 08., 11., 22., 25.<\/p>\r\n<p>b\u0159ezen\u00a0\u00a0 1., 4., 08., 11., 15., 18., 22., 25., 29.<\/p>\r\n<p>duben\u00a0\u00a0\u00a0 1., 5., 08., 12., 15., 26., 29.<\/p>\r\n<p>kv\u011bten\u00a0\u00a0 3., 6., 10., 13., 17., 20., 24.<\/p>\r\n<p>&nbsp;<\/p>\r\n<p>\u010cas: 13.00\u201314.00 hodin<\/p>\r\n<p>M\u00edsto: Plaveck\u00fd baz\u00e9n na V\u00fdstavi\u0161ti<\/p>\r\n<p>&nbsp;<\/p>\r\n<p>Pros\u00edm \u010dleny klubu M\u010c Praha&nbsp;7, aby p\u0159i registraci p\u0159edlo\u017eili svou \u010dlenskou kartu.<\/p>\r\n<p>Kurzy jsou pouze pro seniory z&nbsp;Prahy&nbsp;7. Rezervovat lze max. 5 libovoln\u00fdch term\u00edn\u016f. Lekce jsou vedeny profesion\u00e1ln\u00edmi lektory. Vstupn\u00e9 10&nbsp;K\u010d se hrad\u00ed v\u017edy v&nbsp;pokladn\u011b baz\u00e9nu.<\/p>","protected":false},"excerpt":{"rendered":"[perex] M\u011bstsk\u00e1 \u010d\u00e1st Praha&nbsp;7 pokra\u010duje tak\u00e9 v\u00a0roce 2019 v&nbsp;po\u0159\u00e1d\u00e1n\u00ed rehabilita\u010dn\u00edch kurz\u016f plav\u00e1n\u00ed pro seniory. Kurzy budou prob\u00edhat v\u00a0baz\u00e9nu na V\u00fdstavi\u0161ti od ledna do kv\u011btna. Rezervaci p\u011bti vybran\u00fdch term\u00edn\u016f je nutn\u00e9 prov\u00e9st osobn\u011b. Rezervace budou p\u0159ij\u00edm\u00e1ny ve st\u0159edu 16.&nbsp;ledna od 8:00 do 11:00 na \u00fa\u0159ad\u011b Prahy&nbsp;7 (2.&nbsp;patro, zasedac\u00ed m\u00edstnost \u010d. dv. 225). Pozd\u011bji je mo\u017en\u00e9 term\u00edny [&hellip;]","protected":false},"author":5,"featured_media":22217,"comment_status":"closed","ping_status":"open","sticky":false,"template":"","format":"standard","meta":[],"categories":[34],"tags":[],"_links":{"self":[{"href":"https:\/\/www.praha7.cz\/api\/wp\/v2\/posts\/22214"}],"collection":[{"href":"https:\/\/www.praha7.cz\/api\/wp\/v2\/posts"}],"about":[{"href":"https:\/\/www.praha7.cz\/api\/wp\/v2\/types\/post"}],"author":[{"embeddable":true,"href":"https:\/\/www.praha7.cz\/api\/wp\/v2\/users\/5"}],"replies":[{"embeddable":true,"href":"https:\/\/www.praha7.cz\/api\/wp\/v2\/comments?post=22214"}],"version-history":[{"count":1,"href":"https:\/\/www.praha7.cz\/api\/wp\/v2\/posts\/22214\/revisions"}],"predecessor-version":[{"id":22219,"href":"https:\/\/www.praha7.cz\/api\/wp\/v2\/posts\/22214\/revisions\/22219"}],"wp:featuredmedia":[{"embeddable":true,"href":"https:\/\/www.praha7.cz\/api\/wp\/v2\/media\/22217"}],"wp:attachment":[{"href":"https:\/\/www.praha7.cz\/api\/wp\/v2\/media?parent=22214"}],"wp:term":[{"taxonomy":"category","embeddable":true,"href":"https:\/\/www.praha7.cz\/api\/wp\/v2\/categories?post=22214"},{"taxonomy":"post_tag","embeddable":true,"href":"https:\/\/www.praha7.cz\/api\/wp\/v2\/tags?post=22214"}],"curies":[{"name":"wp","href":"https:\/\/api.w.org\/{rel}","templated":true}]}}