    
{"id":22185,"date":"2018-12-20T11:58:06","date_gmt":"2018-12-20T10:58:06","guid":{"rendered":"https:\/\/www.praha7.cz\/?p=22185"},"modified":"2018-12-20T11:58:06","modified_gmt":"2018-12-20T10:58:06","slug":"novorocni-ohnostroj-na-letne","status":"publish","type":"post","link":"https:\/\/www.praha7.cz\/novorocni-ohnostroj-na-letne\/","title":{"rendered":"Novoro\u010dn\u00ed oh\u0148ostroj na Letn\u00e9"},"content":{"rendered":"<p>[perex]<\/p>\r\n<p>V\u00a0\u00fater\u00fd 1.&nbsp;ledna se op\u011bt uskute\u010dn\u00ed novoro\u010dn\u00ed oh\u0148ostroj na Letn\u00e9. Odp\u00e1len bude z\u00a0Letensk\u00fdch sad\u016f v\u00a0prostoru Pra\u017esk\u00e9ho metronomu. Zah\u00e1jen bude v\u00a018:00 hodin a&nbsp;potrv\u00e1 10 minut a&nbsp;52 vte\u0159in. Nejl\u00e9pe jej bude mo\u017en\u00e9 pozorovat z&nbsp;Dvo\u0159\u00e1kova n\u00e1b\u0159e\u017e\u00ed, Pa\u0159\u00ed\u017esk\u00e9 ulice a&nbsp;M\u00e1nesova, \u010cechova a&nbsp;\u0160tef\u00e1nikova mostu. V\u00a0dob\u011b p\u0159\u00edpravy a&nbsp;realizace oh\u0148ostroje budou v\u00a0platnosti lok\u00e1ln\u00ed uzav\u00edrky pro automobilovou dopravu, zejm\u00e9na v\u00a0oblasti n\u00e1b\u0159e\u017e\u00ed a&nbsp;most\u016f. V\u00a017:30 hodin bude rovn\u011b\u017e p\u0159eru\u0161en provoz tramvaj\u00ed v\u00a0oblasti M\u00e1nesova a&nbsp;\u010cechova mostu a&nbsp;pravob\u0159e\u017en\u00ed komunikace od N\u00e1rodn\u00edho divadla po n\u00e1m\u011bst\u00ed Curieov\u00fdch. \u00a0<\/p>\r\n<p>[\/perex]<\/p>\r\n<p>Leto\u0161n\u00ed oh\u0148ostroj je pojmenov\u00e1n Praha svobodn\u00e1 aneb 30 let od Sametov\u00e9 revoluce. Bude jej tvo\u0159it p\u011bt tematick\u00fdch obraz\u016f (Modlitba, Hol\u00e9 ruce, Jednota, Zak\u00e1zan\u00e9 ovoce, Svoboda), z\u00a0nich\u017e ka\u017ed\u00fd symbolizuje jednu etapu revoluce v\u00a0roce 1989. V\u0161echny obrazy i&nbsp;zvukov\u00fd doprovod jsou postaveny tak, aby div\u00e1kovi evokovaly vzpom\u00ednky a&nbsp;emoce spjat\u00e9 s\u00a0touto dobou. Cel\u00e1 p\u0159\u00edb\u011bhov\u00e1 linie je koncipov\u00e1na jako retrospektivn\u00ed vypr\u00e1v\u011bn\u00ed, kdy postava otce sd\u011bluje svoje osobn\u00ed z\u00e1\u017eitky a&nbsp;zku\u0161enosti z\u00a0t\u00e9 doby sv\u00e9 desetilet\u00e9 dce\u0159i.<\/p>\r\n<p>Zvukov\u00fd doprovod oh\u0148ostroje bude k\u00a0dispozici d\u00edky ozvu\u010den\u00ed na za\u010d\u00e1tku \u010cechova mostu, p\u0159\u00edpadn\u011b na frekvenci 93,7 FM Radia City. Pro lep\u0161\u00ed sv\u011bteln\u00fd efekt bude tak\u00e9 zhasnuto ve\u0159ejn\u00e9 osv\u011btlen\u00ed a&nbsp;semafory na Dvo\u0159\u00e1kov\u011b n\u00e1b\u0159e\u017e\u00ed, n\u00e1b\u0159e\u017e\u00ed Edvarda Bene\u0161e, Al\u0161ov\u011b n\u00e1b\u0159e\u017e\u00ed, Kos\u00e1rkov\u011b n\u00e1b\u0159e\u017e\u00ed, \u010d\u00e1sti M\u00e1nesova mostu a&nbsp;v\u00a0Letensk\u00fdch sadech. Samotn\u00fd oh\u0148ostroj obsahuje celkem 4033 ran a&nbsp;celkov\u00e1 v\u00e1ha odp\u00e1len\u00e9ho materi\u00e1lu \u010din\u00ed p\u0159es 4000 kilogram\u016f.<\/p>\r\n<p>Pro automobilovou dopravu budou 1.&nbsp;ledna 2019 od 16.00 do 18.30 hodin uzav\u0159eny tyto komunikace:<\/p>\r\n<p>\u00b7\u00a0\u00a0\u00a0\u00a0\u00a0\u00a0\u00a0 Dvo\u0159\u00e1kovo n\u00e1b\u0159. v&nbsp;\u00faseku \u0160tef\u00e1nik\u016fv most \u2013 n\u00e1m. Jana Palacha<\/p>\r\n<p>\u00b7\u00a0\u00a0\u00a0\u00a0\u00a0\u00a0\u00a0 n\u00e1b\u0159. Edvarda Bene\u0161e v&nbsp;\u00faseku Kl\u00e1rov \u2013 \u0160tef\u00e1nik\u016fv most<\/p>\r\n<p>\u00b7\u00a0\u00a0\u00a0\u00a0\u00a0\u00a0\u00a0 \u010cech\u016fv most, M\u00e1nes\u016fv most, \u0160tef\u00e1nik\u016fv most, most Legi\u00ed<\/p>\r\n<p>\u00b7\u00a0\u00a0\u00a0\u00a0\u00a0\u00a0\u00a0 Pa\u0159\u00ed\u017esk\u00e1 v&nbsp;\u00faseku ul. B\u00edlkova \u2013 n\u00e1m. Curieov\u00fdch<\/p>\r\n<p>\u00b7\u00a0\u00a0\u00a0\u00a0\u00a0\u00a0\u00a0 17.&nbsp;listopadu v&nbsp;\u00faseku n\u00e1m. Jana Palacha \u2013 n\u00e1m. Curieov\u00fdch<\/p>\r\n<p>Provoz tramvaj\u00ed (M\u00e1nes\u016fv a&nbsp;\u010cech\u016fv most, pravob\u0159e\u017en\u00ed komunikace od N\u00e1rodn\u00edho divadla po n\u00e1m\u011bst\u00ed Curieov\u00fdch) bude p\u0159eru\u0161en v&nbsp;17:30 hodin. Tramvajov\u00e1 doprava na dal\u0161\u00edch komunikac\u00edch \u2013 \u0160tef\u00e1nik\u016fv most a&nbsp;most Legi\u00ed bude \u0159\u00edzena operativn\u011b podle situace ve spolupr\u00e1ci s\u00a0Polici\u00ed \u010cR. Doporu\u010dujeme cestuj\u00edc\u00edm nespol\u00e9hat na tramvaje a&nbsp;vyu\u017e\u00edvat metro.<\/p>\r\n<p>Pro hlavn\u00ed m\u011bsto oh\u0148ostroj vytvo\u0159ila spole\u010dnost Makalu Fireworks a&nbsp;jeho cena je 1\u00a0699\u00a0900 korun bez DPH.<\/p>","protected":false},"excerpt":{"rendered":"[perex] V\u00a0\u00fater\u00fd 1.&nbsp;ledna se op\u011bt uskute\u010dn\u00ed novoro\u010dn\u00ed oh\u0148ostroj na Letn\u00e9. Odp\u00e1len bude z\u00a0Letensk\u00fdch sad\u016f v\u00a0prostoru Pra\u017esk\u00e9ho metronomu. Zah\u00e1jen bude v\u00a018:00 hodin a&nbsp;potrv\u00e1 10 minut a&nbsp;52 vte\u0159in. Nejl\u00e9pe jej bude mo\u017en\u00e9 pozorovat z&nbsp;Dvo\u0159\u00e1kova n\u00e1b\u0159e\u017e\u00ed, Pa\u0159\u00ed\u017esk\u00e9 ulice a&nbsp;M\u00e1nesova, \u010cechova a&nbsp;\u0160tef\u00e1nikova mostu. V\u00a0dob\u011b p\u0159\u00edpravy a&nbsp;realizace oh\u0148ostroje budou v\u00a0platnosti lok\u00e1ln\u00ed uzav\u00edrky pro automobilovou dopravu, zejm\u00e9na v\u00a0oblasti n\u00e1b\u0159e\u017e\u00ed a&nbsp;most\u016f. V\u00a017:30 [&hellip;]","protected":false},"author":5,"featured_media":22187,"comment_status":"closed","ping_status":"open","sticky":false,"template":"","format":"standard","meta":[],"categories":[34],"tags":[],"_links":{"self":[{"href":"https:\/\/www.praha7.cz\/api\/wp\/v2\/posts\/22185"}],"collection":[{"href":"https:\/\/www.praha7.cz\/api\/wp\/v2\/posts"}],"about":[{"href":"https:\/\/www.praha7.cz\/api\/wp\/v2\/types\/post"}],"author":[{"embeddable":true,"href":"https:\/\/www.praha7.cz\/api\/wp\/v2\/users\/5"}],"replies":[{"embeddable":true,"href":"https:\/\/www.praha7.cz\/api\/wp\/v2\/comments?post=22185"}],"version-history":[{"count":1,"href":"https:\/\/www.praha7.cz\/api\/wp\/v2\/posts\/22185\/revisions"}],"predecessor-version":[{"id":22186,"href":"https:\/\/www.praha7.cz\/api\/wp\/v2\/posts\/22185\/revisions\/22186"}],"wp:featuredmedia":[{"embeddable":true,"href":"https:\/\/www.praha7.cz\/api\/wp\/v2\/media\/22187"}],"wp:attachment":[{"href":"https:\/\/www.praha7.cz\/api\/wp\/v2\/media?parent=22185"}],"wp:term":[{"taxonomy":"category","embeddable":true,"href":"https:\/\/www.praha7.cz\/api\/wp\/v2\/categories?post=22185"},{"taxonomy":"post_tag","embeddable":true,"href":"https:\/\/www.praha7.cz\/api\/wp\/v2\/tags?post=22185"}],"curies":[{"name":"wp","href":"https:\/\/api.w.org\/{rel}","templated":true}]}}