    
{"id":22168,"date":"2018-12-19T14:18:29","date_gmt":"2018-12-19T13:18:29","guid":{"rendered":"https:\/\/www.praha7.cz\/?p=22168"},"modified":"2018-12-19T14:18:29","modified_gmt":"2018-12-19T13:18:29","slug":"provoz-mhd-o-svatcich","status":"publish","type":"post","link":"https:\/\/www.praha7.cz\/provoz-mhd-o-svatcich\/","title":{"rendered":"Provoz MHD o&nbsp;sv\u00e1tc\u00edch"},"content":{"rendered":"<p>[perex]<\/p>\r\n<p>P\u0159in\u00e1\u0161\u00edme v\u00e1m informace o&nbsp;zm\u011bn\u00e1ch v&nbsp;Pra\u017esk\u00e9 integrovan\u00e9 doprav\u011b od 24.&nbsp;prosince do 4.&nbsp;ledna.<\/p>\r\n<p>[\/perex]<\/p>\r\n<h3><span style=\"color: #ff0000;\">24.&nbsp;prosince 2018 (pond\u011bl\u00ed) \u2013 \u0160t\u011bdr\u00fd den<\/span><\/h3>\r\n<p>Provoz\u00a0v\u0161ech linek PID je podle sobotn\u00edch j\u00edzdn\u00edch \u0159\u00e1d\u016f.<\/p>\r\n<p><strong>METRO:<\/strong><\/p>\r\n<p>P\u0159ibli\u017en\u011b od 18.00\u00a0hodin do\u00a0ukon\u010den\u00ed provozu je\u00a0na\u00a0v\u0161ech link\u00e1ch interval 20\u00a0minut.<\/p>\r\n<p><strong>TRAMVAJE:<\/strong><\/p>\r\n<p>Provoz denn\u00edch linek je\u00a0p\u0159ibli\u017en\u011b od\u00a016.00 hodin omezov\u00e1n a\u00a0p\u0159ibli\u017en\u011b v\u00a018.00\u00a0hodin ukon\u010den.<br \/>\r\nProvoz no\u010dn\u00edch linek je\u00a0zah\u00e1jen\u00a0p\u0159ibli\u017en\u011b od\u00a018.00 hodin p\u0159ibli\u017en\u011b do\u00a07.00 hodin s\u00a0intervalem 30 minut.<\/p>\r\n<p><strong>AUTOBUSY:<\/strong><\/p>\r\n<p>Linky \u010d\u00edslo\u00a0119,\u00a0161,\u00a0180,\u00a0 191,\u00a0208,\u00a0903 a\u00a0951 jsou v\u00a0provozu podle zvl\u00e1\u0161tn\u00edho j\u00edzdn\u00edho \u0159\u00e1du.<br \/>\r\nLinka \u010d\u00edslo\u00a0143 nen\u00ed v\u00a0provozu.<br \/>\r\nProvoz denn\u00edch linek je\u00a0ukon\u010den v\u00a0obdob\u00ed mezi\u00a018.00 a\u00a018.30\u00a0hodin.<br \/>\r\nP\u0159ibli\u017en\u011b od\u00a018.00 hodin p\u0159ibli\u017en\u011b do\u00a07.00\u00a0hodin jsou v\u00a0provozu no\u010dn\u00ed linky v\u00a0intervalu 30 minut,\u00a0resp.\u00a0v\u00a0intervalu 60 minut.\u00a0Linka \u010d\u00edslo 902 v&nbsp;intervalu 30 minut.<br \/>\r\nP\u0159ibli\u017en\u011b od 18.00 hodin p\u0159ibli\u017en\u011b do\u00a00.30\u00a0hodin je\u00a0linka\u00a0\u010d\u00edslo\u00a0908 vedena p\u0159es termin\u00e1l Skalka, linka \u010d\u00edslo 911 p\u0159es zast\u00e1vky Roztyly a&nbsp;Let\u0148any a\u00a0linka 953 p\u0159es Let\u0148any.<br \/>\r\nP\u0159\u00edm\u011bstsk\u00e9 linky jsou v\u00a0provozu podle platn\u00fdch j\u00edzdn\u00edch \u0159\u00e1d\u016f s\u00a0vyzna\u010den\u00fdmi p\u0159\u00edslu\u0161n\u00fdmi omezen\u00edmi a\u00a0p\u0159\u00edm\u011bstsk\u00e9 no\u010dn\u00ed linky jedou podle zvl\u00e1\u0161tn\u00edch j\u00edzdn\u00edch \u0159\u00e1d\u016f.<br \/>\r\nP\u0158\u00cdVOZY,\u00a0LANOV\u00c1 DR\u00c1HA: Provoz je ukon\u010den posledn\u00ed j\u00edzdou (plavbou) v\u00a018.00\u00a0hodin.<\/p>\r\n<p><strong>VLAKY:<\/strong><\/p>\r\n<p>Provoz vlak\u016f podle ned\u011bln\u00edch j\u00edzdn\u00edch \u0159\u00e1d\u016f (v\u00fdjimky vyzna\u010deny pozn\u00e1mkami v&nbsp;j\u00edzdn\u00edch \u0159\u00e1dech) je\u00a0ukon\u010den p\u0159ibli\u017en\u011b mezi 18.00\u00a0\u2013\u00a020.00\u00a0hodin,\u00a0pot\u00e9 je zachov\u00e1n omezen\u00fd provoz p\u0159ibli\u017en\u011b do\u00a022.00 hodin v\u00a0intervalu 60 minut pouze na link\u00e1ch S1,\u00a0S2,\u00a0S4,\u00a0S7 a\u00a0S9.<br \/>\r\nV&nbsp;noci z&nbsp;24.&nbsp;prosince 2018 na 25.&nbsp;prosince 2018 nejedou z&nbsp;Hlavn\u00edho n\u00e1dra\u017e\u00ed spoje s\u00a0no\u010dn\u00edm rozjezdem ve 2.30 hodin.<\/p>\r\n<p>&nbsp;<\/p>\r\n<h3><span style=\"color: #ff0000;\">25.&nbsp;prosince 2018 (\u00fater\u00fd) \u2013 1.&nbsp;sv\u00e1tek v\u00e1no\u010dn\u00ed<\/span><\/h3>\r\n<p>Provoz v\u0161ech linek PID je\u00a0podle ned\u011bln\u00edch j\u00edzdn\u00edch \u0159\u00e1d\u016f.<\/p>\r\n<p><strong>TRAMVAJE: <\/strong><\/p>\r\n<p>Denn\u00ed provoz je\u00a0zah\u00e1jen p\u0159ibli\u017en\u011b v\u00a07.00\u00a0hodin.<\/p>\r\n<p><strong>AUTOBUSY:<\/strong><\/p>\r\n<p>Denn\u00ed\u00a0provoz je zah\u00e1jen p\u0159ibli\u017en\u011b v\u00a07.00 hodin.<br \/>\r\nLinky \u010d\u00edslo 119 (n\u00e1vaznost na\u00a0metro), 161, 180, 191,\u00a0208, 312 a&nbsp;355 jsou v\u00a0provozu podle zvl\u00e1\u0161tn\u00edho j\u00edzdn\u00edho \u0159\u00e1du.<br \/>\r\nLinka \u010d\u00edslo 143 nen\u00ed v&nbsp;provozu.<br \/>\r\nP\u0159ibli\u017en\u011b od\u00a04.30 hodin do\u00a07.00 hodin je\u00a0linka \u010d\u00edslo 908 vedena p\u0159es termin\u00e1l Skalka, linka\u00a0\u010d\u00edslo 911 p\u0159es zast\u00e1vky Roztyly a\u00a0Let\u0148any a\u00a0linka \u010d\u00edslo 953 p\u0159es Let\u0148any.<br \/>\r\nP\u0159\u00edm\u011bstsk\u00e9 linky jsou v\u00a0provozu podle platn\u00fdch j\u00edzdn\u00edch \u0159\u00e1d\u016f s\u00a0vyzna\u010den\u00fdmi p\u0159\u00edslu\u0161n\u00fdmi omezen\u00edmi.<\/p>\r\n<p><br \/>\r\n<strong>VLAKY: <\/strong><\/p>\r\n<p>Provoz podle pravideln\u00fdch j\u00edzdn\u00edch \u0159\u00e1d\u016f pro\u00a0ned\u011bli, respektive st\u00e1tn\u00ed sv\u00e1tek,\u00a0v\u00fdjimky jsou vyzna\u010deny pozn\u00e1mkami v\u00a0j\u00edzdn\u00edch \u0159\u00e1dech.<\/p>\r\n<p>&nbsp;<\/p>\r\n<h3><span style=\"color: #ff0000;\">26.&nbsp;prosince 2018 (st\u0159eda) \u2013 2.&nbsp;sv\u00e1tek v\u00e1no\u010dn\u00ed<\/span><\/h3>\r\n<p>Provoz v\u0161ech linek PID je podle ned\u011bln\u00edch j\u00edzdn\u00edch \u0159\u00e1d\u016f.<\/p>\r\n<p>Linky \u010d\u00edslo\u00a0119 (n\u00e1vaznost na\u00a0metro),\u00a0161, 180, 191, 208, 312 a&nbsp;355 jsou v\u00a0provozu podle zvl\u00e1\u0161tn\u00edho j\u00edzdn\u00edho \u0159\u00e1du.<br \/>\r\nLinka 143 nen\u00ed v&nbsp;provozu.<\/p>\r\n<p><strong>VLAKY: <\/strong><\/p>\r\n<p>Provoz podle pravideln\u00fdch j\u00edzdn\u00edch \u0159\u00e1d\u016f pro ned\u011bli, resp. st\u00e1tn\u00ed sv\u00e1tek.<\/p>\r\n<p>&nbsp;<\/p>\r\n<h3><span style=\"color: #ff0000;\">27.\u00a0prosince \u2013\u00a028.&nbsp;prosince 2018 (\u010dtvrtek \u2013 p\u00e1tek)<\/span><\/h3>\r\n<p>Provoz v\u0161ech linek PID je podle j\u00edzdn\u00edch \u0159\u00e1d\u016f pro pracovn\u00ed den \u2013 pr\u00e1zdniny.<\/p>\r\n<p><strong>TRAMVAJE: <\/strong><\/p>\r\n<p>Linky \u010d\u00edslo\u00a04 a\u00a021 nejsou v\u00a0provozu,\u00a0linka \u010d\u00edslo 16 je v\u00a0provozu pouze v\u00a0\u00faseku Lehovec \u2013 Kotl\u00e1\u0159ka.<\/p>\r\n<p><strong>AUTOBUSY: <\/strong><\/p>\r\n<p>Provoz podle j\u00edzdn\u00edch \u0159\u00e1d\u016f pro pracovn\u00ed den, resp. pr\u00e1zdniny, s&nbsp;vyzna\u010den\u00fdmi p\u0159\u00edslu\u0161n\u00fdmi omezen\u00edmi. Linky \u010d\u00edslo 182 a&nbsp;286 nejsou v&nbsp;provozu.<\/p>\r\n<p><strong>VLAKY: <\/strong><\/p>\r\n<p>Provoz je podle pravideln\u00fdch j\u00edzdn\u00edch \u0159\u00e1d\u016f pro pracovn\u00ed den.<\/p>\r\n<p>&nbsp;<\/p>\r\n<h3><span style=\"color: #ff0000;\">29.&nbsp;prosince \u2013 30.&nbsp;prosince 2018 (sobota \u2013 ned\u011ble)<\/span><\/h3>\r\n<p>Provoz v\u0161ech\u00a0linek PID je\u00a0podle sobotn\u00edch a\u00a0ned\u011bln\u00edch j\u00edzdn\u00edch \u0159\u00e1d\u016f.<\/p>\r\n<p>Linka\u00a0\u010d\u00edslo 143 nen\u00ed v\u00a0provozu.<\/p>\r\n<p>&nbsp;<\/p>\r\n<h3><span style=\"color: #ff0000;\">31.&nbsp;prosince 2018 (pond\u011bl\u00ed) \u2013 Silvestr<\/span><\/h3>\r\n<p>Provoz linek PID je podle zvl\u00e1\u0161tn\u00edch j\u00edzdn\u00edch \u0159\u00e1d\u016f pro pracovn\u00ed den \u2013\u00a0pr\u00e1zdniny.<\/p>\r\n<p><strong>METRO: <\/strong><\/p>\r\n<p>Provoz je prodlou\u017een p\u0159ibli\u017en\u011b do\u00a02.30\u00a0hodin v\u00a0intervalu 10\u00a0minut.<\/p>\r\n<p>Odjezdy posledn\u00edch spoj\u016f z&nbsp;kone\u010dn\u00fdch stanic:<\/p>\r\n<p>linka\u00a0A \u2013\u00a0Nemocnice Motol v&nbsp;1.51 hodin,\u00a0Depo Hostiva\u0159 v&nbsp;1.53 hodin.<br \/>\r\nlinka B \u2013\u00a0Zli\u010d\u00edn v&nbsp;1.40 hodin., \u010cern\u00fd Most v\u00a01.45\u00a0hodin.<br \/>\r\nlinka C \u2013\u00a0Let\u0148any v&nbsp;1.44 hodin., H\u00e1je v\u00a01.44 hodin.<\/p>\r\n<p><strong>TRAMVAJE:<\/strong><\/p>\r\n<p>Provoz denn\u00edch linek je ukon\u010den p\u0159ibli\u017en\u011b ve 22.00 hodin.<br \/>\r\nLinky \u010d\u00edslo 4 a&nbsp;21 nejsou v&nbsp;provozu, linka \u010d\u00edslo 16 je v&nbsp;provozu pouze v&nbsp;\u00faseku Lehovec \u2013 Kotl\u00e1\u0159ka.<br \/>\r\nProvoz no\u010dn\u00edch linek je zah\u00e1jen p\u0159ibli\u017en\u011b od 22.00 hodin.<br \/>\r\nIntervaly no\u010dn\u00edch linek jsou p\u0159ibli\u017en\u011b od 22.00 hodin p\u0159ibli\u017en\u011b do 3.30 hodin 15 minut, pot\u00e9 p\u0159ibli\u017en\u011b a\u017e do 7.00 hodin 20 minut.<br \/>\r\nPo celou noc se ru\u0161\u00ed v\u0161echny garantovan\u00e9 p\u0159estupy.<\/p>\r\n<p><strong>AUTOBUSY:<\/strong><\/p>\r\n<p>Provoz denn\u00edch linek je\u00a0ukon\u010den p\u0159ibli\u017en\u011b ve 22.00 hodin.<br \/>\r\nLinky \u010d\u00edslo 180, 185, 191, 200, 208 a\u00a0220 jsou v&nbsp;provozu podle zvl\u00e1\u0161tn\u00edho j\u00edzdn\u00edho \u0159\u00e1du.<br \/>\r\nLinka \u010d\u00edslo 182 nen\u00ed v\u00a0provozu.<br \/>\r\nP\u0159ibli\u017en\u011b od 22.00 hodin p\u0159ibli\u017en\u011b do\u00a02.30\u00a0hodin jsou v&nbsp;provozu vybran\u00e9 linky BUS (100, 102, 103, 106, 107, 109, 111,\u00a0112, 113, 118, 119,\u00a0120, 123, 125, 129,\u00a0131, 134, 136, 137,\u00a0139, 141, 142, 145,\u00a0154, 161, 162, 163,\u00a0174, 176, 177, 180,\u00a0190, 191, 193, 197,\u00a0199, 201, 207, 213,\u00a0215, 221, 226, 227,\u00a0229, 241).<br \/>\r\nP\u0159ibli\u017en\u011b od 2.30 hodin p\u0159ibli\u017en\u011b do 7.00 hodin jsou v&nbsp;provozu m\u011bstsk\u00e9 no\u010dn\u00ed linky.<br \/>\r\nLinky \u010d\u00edslo 904, 905, 910, 911 (\u00fasek N\u00e1dra\u017e\u00ed Hostiva\u0159 \u2013 Cukrovar \u010cakovice) v&nbsp;intervalu 15 minut, linky 902, 907, 908, 909, 911 (\u00fasek\u00a0Cukrovar \u010cakovice \u2013 S\u00eddli\u0161t\u011b \u010cakovice), 912,\u00a0913, 915 v&nbsp;intervalu 30 minut, linky 901,\u00a0903, 906, 914 v&nbsp;intervalu 60 minut.<br \/>\r\nPo celou noc se\u00a0ru\u0161\u00ed v\u0161echny garantovan\u00e9 p\u0159estupy.<br \/>\r\nVybran\u00e9 denn\u00ed a\u00a0v\u0161echny no\u010dn\u00ed p\u0159\u00edm\u011bstsk\u00e9 linky jsou v&nbsp;provozu podle zvl\u00e1\u0161tn\u00edch j\u00edzdn\u00edch \u0159\u00e1d\u016f.<\/p>\r\n<p><strong>LANOV\u00c1 DR\u00c1HA: <\/strong><\/p>\r\n<p>Provoz je ukon\u010den posledn\u00ed j\u00edzdou ve\u00a022:00\u00a0hodin.<\/p>\r\n<p><strong>VLAKY:<\/strong><\/p>\r\n<p>Provoz vlak\u016f dle j\u00edzdn\u00edch \u0159\u00e1d\u016f pro pracovn\u00ed den (v\u00fdjimky jsou vyzna\u010deny pozn\u00e1mkami v&nbsp;j\u00edzdn\u00edch \u0159\u00e1dech) je ukon\u010den p\u0159ibli\u017en\u011b ve 20.00 hodin, pot\u00e9 je zachov\u00e1n omezen\u00fd provoz p\u0159ibli\u017en\u011b do 22.00 hodin v&nbsp;intervalu 60 minut na link\u00e1ch S&nbsp;(mimo linky S34 \u2013 ukon\u010dena ji\u017e p\u0159ibli\u017en\u011b v&nbsp;18.00 hodin).<br \/>\r\nV&nbsp;noci z&nbsp;31.&nbsp;prosince 2018 na 1.&nbsp;ledna 2019 jedou z&nbsp;Hlavn\u00edho n\u00e1dra\u017e\u00ed vlaky s&nbsp;no\u010dn\u00edm rozjezdem ve 2.30 hodin.<\/p>\r\n<h3><br \/>\r\n<span style=\"color: #ff0000;\">1.&nbsp;ledna 2019 (\u00fater\u00fd) \u2013 Nov\u00fd rok<\/span><\/h3>\r\n<p>Provoz v\u0161ech linek PID je podle ned\u011bln\u00edch j\u00edzdn\u00edch \u0159\u00e1d\u016f.<\/p>\r\n<p><strong>TRAMVAJE: <\/strong><\/p>\r\n<p>Provoz denn\u00edch linek je zah\u00e1jen p\u0159ibli\u017en\u011b v&nbsp;7.00 hodin.<\/p>\r\n<p><strong>AUTOBUSY:<\/strong><\/p>\r\n<p>Provoz denn\u00edch linek je zah\u00e1jen p\u0159ibli\u017en\u011b v&nbsp;7.00 hodin.<br \/>\r\nLinky \u010d\u00edslo 119 (n\u00e1vaznost na metro), 161, 180, 191, 208, 312 a&nbsp;355 jsou v&nbsp;provozu podle zvl\u00e1\u0161tn\u00edho j\u00edzdn\u00edho \u0159\u00e1du.<br \/>\r\nLinka 143 nen\u00ed v&nbsp;provozu.<br \/>\r\nP\u0159ibli\u017en\u011b od 4.30 hodin p\u0159ibli\u017en\u011b do 7.00 hodin je linka \u010d\u00edslo 908 vedena p\u0159es termin\u00e1l Skalka, linka \u010d\u00edslo 911 p\u0159es zast\u00e1vky Roztyly a&nbsp;Let\u0148any a&nbsp;linka \u010d\u00edslo 953 p\u0159es Let\u0148any.<br \/>\r\nP\u0159\u00edm\u011bstsk\u00e9 linky jsou v&nbsp;provozu podle ned\u011bln\u00edch j\u00edzdn\u00edch \u0159\u00e1d\u016f s&nbsp;vyzna\u010den\u00fdmi p\u0159\u00edslu\u0161n\u00fdmi omezen\u00edmi.<\/p>\r\n<p><strong>VLAKY:<\/strong><\/p>\r\n<p>Provoz podle pravideln\u00fdch j\u00edzdn\u00edch \u0159\u00e1d\u016f pro ned\u011bli, resp. st\u00e1tn\u00ed sv\u00e1tek.<\/p>\r\n<p>&nbsp;<\/p>\r\n<h3><span style=\"color: #ff0000;\">2.&nbsp;ledna 2019 (st\u0159eda)<\/span><\/h3>\r\n<p>Provoz metra, tramvaj\u00ed a&nbsp;autobus\u016f je podle j\u00edzdn\u00edch \u0159\u00e1d\u016f pro pracovn\u00ed den \u2013 pr\u00e1zdniny. <br \/>\r\n <br \/>\r\n <strong>TRAMVAJE, AUTOBUSY:<\/strong> <br \/>\r\n Omezen\u00ed jsou shodn\u00e1 jako v&nbsp;obdob\u00ed 27.&nbsp;prosince 2018 \u2013 28.&nbsp;prosince 2018<\/p>\r\n<p>&nbsp;<\/p>\r\n<h3><span style=\"color: #ff0000;\">3.&nbsp;ledna \u2013 4.\u00a0ledna 2019 (\u010dtvrtek \u2013 p\u00e1tek)<\/span><\/h3>\r\n<p>Provoz m\u011bstsk\u00fdch linek PID je shodn\u00fd jako v\u00a0obdob\u00ed 27.&nbsp;prosince \u2013 28.&nbsp;prosince\u00a02018 (\u0161koln\u00ed linky mimo linek 251,\u00a0260 a\u00a0265 jsou v&nbsp;provozu).<br \/>\r\nProvoz p\u0159\u00edm\u011bstsk\u00fdch linek PID\u00a0a\u00a0vlak\u016f je dle platn\u00fdch j\u00edzdn\u00edch \u0159\u00e1d\u016f pro\u00a0pracovn\u00ed den.<\/p>","protected":false},"excerpt":{"rendered":"[perex] P\u0159in\u00e1\u0161\u00edme v\u00e1m informace o&nbsp;zm\u011bn\u00e1ch v&nbsp;Pra\u017esk\u00e9 integrovan\u00e9 doprav\u011b od 24.&nbsp;prosince do 4.&nbsp;ledna. [\/perex] 24.&nbsp;prosince 2018 (pond\u011bl\u00ed) \u2013 \u0160t\u011bdr\u00fd den Provoz\u00a0v\u0161ech linek PID je podle sobotn\u00edch j\u00edzdn\u00edch \u0159\u00e1d\u016f. METRO: P\u0159ibli\u017en\u011b od 18.00\u00a0hodin do\u00a0ukon\u010den\u00ed provozu je\u00a0na\u00a0v\u0161ech link\u00e1ch interval 20\u00a0minut. TRAMVAJE: Provoz denn\u00edch linek je\u00a0p\u0159ibli\u017en\u011b od\u00a016.00 hodin omezov\u00e1n a\u00a0p\u0159ibli\u017en\u011b v\u00a018.00\u00a0hodin ukon\u010den. Provoz no\u010dn\u00edch linek je\u00a0zah\u00e1jen\u00a0p\u0159ibli\u017en\u011b od\u00a018.00 hodin p\u0159ibli\u017en\u011b [&hellip;]","protected":false},"author":5,"featured_media":20550,"comment_status":"closed","ping_status":"open","sticky":false,"template":"","format":"standard","meta":[],"categories":[34],"tags":[],"_links":{"self":[{"href":"https:\/\/www.praha7.cz\/api\/wp\/v2\/posts\/22168"}],"collection":[{"href":"https:\/\/www.praha7.cz\/api\/wp\/v2\/posts"}],"about":[{"href":"https:\/\/www.praha7.cz\/api\/wp\/v2\/types\/post"}],"author":[{"embeddable":true,"href":"https:\/\/www.praha7.cz\/api\/wp\/v2\/users\/5"}],"replies":[{"embeddable":true,"href":"https:\/\/www.praha7.cz\/api\/wp\/v2\/comments?post=22168"}],"version-history":[{"count":2,"href":"https:\/\/www.praha7.cz\/api\/wp\/v2\/posts\/22168\/revisions"}],"predecessor-version":[{"id":22170,"href":"https:\/\/www.praha7.cz\/api\/wp\/v2\/posts\/22168\/revisions\/22170"}],"wp:featuredmedia":[{"embeddable":true,"href":"https:\/\/www.praha7.cz\/api\/wp\/v2\/media\/20550"}],"wp:attachment":[{"href":"https:\/\/www.praha7.cz\/api\/wp\/v2\/media?parent=22168"}],"wp:term":[{"taxonomy":"category","embeddable":true,"href":"https:\/\/www.praha7.cz\/api\/wp\/v2\/categories?post=22168"},{"taxonomy":"post_tag","embeddable":true,"href":"https:\/\/www.praha7.cz\/api\/wp\/v2\/tags?post=22168"}],"curies":[{"name":"wp","href":"https:\/\/api.w.org\/{rel}","templated":true}]}}