    
{"id":22155,"date":"2018-12-18T14:09:14","date_gmt":"2018-12-18T13:09:14","guid":{"rendered":"https:\/\/www.praha7.cz\/?p=22155"},"modified":"2018-12-18T14:09:33","modified_gmt":"2018-12-18T13:09:33","slug":"rekonstrukce-vodarenske-veze-je-nominovana-na-evropske-ceny-za-architekturu","status":"publish","type":"post","link":"https:\/\/www.praha7.cz\/rekonstrukce-vodarenske-veze-je-nominovana-na-evropske-ceny-za-architekturu\/","title":{"rendered":"Rekonstrukce Vod\u00e1rensk\u00e9 v\u011b\u017ee je nominov\u00e1na na evropsk\u00e9 ceny za architekturu"},"content":{"rendered":"<p>[perex]<\/p>\r\n<p>Po obdr\u017een\u00ed dvou cen v&nbsp;n\u00e1rodn\u00ed sout\u011b\u017ei Stavba roku 2018 se rekonstrukce Vod\u00e1rensk\u00e9 v\u011b\u017ee na Letn\u00e9 do\u010dkala dvou dal\u0161\u00edch presti\u017en\u00edch nominac\u00ed. Tentokr\u00e1t dokonce mezin\u00e1rodn\u00edch. Nominov\u00e1na byla na Cenu Evropsk\u00e9 unie za sou\u010dasnou architekturu \u00a0Mies van der Rohe Award a&nbsp;cenu za kvalitn\u00ed evropskou architekturu Piranesi Award. Je\u0161t\u011b jednou d\u011bkujeme v\u0161em, kte\u0159\u00ed se na zda\u0159il\u00e9 rekonstrukci t\u00e9to pam\u00e1tky pod\u00edleli. \u00a0<\/p>\r\n<p>[\/perex]<\/p>\r\n<p>Rekonstrukci Vod\u00e1rensk\u00e9 v\u011b\u017ee v\u00a0ulici Na V\u00fd\u0161in\u00e1ch realizovala M\u010c Praha\u00a07 od listopadu 2016. Kompletn\u00ed obnovy se do\u010dkal cel\u00fd pam\u00e1tkov\u011b chr\u00e1n\u011bn\u00fd objekt z\u00a0roku 1888, v\u010detn\u011b vnit\u0159n\u00edch prostor, p\u0159\u00edstavby a\u00a0p\u0159ilehl\u00e9ho are\u00e1lu. Opraven\u00e1 Vod\u00e1rensk\u00e1 v\u011b\u017e byla otev\u0159en\u00e1 letos v\u00a0kv\u011btnu u\u00a0p\u0159\u00edle\u017eitosti jej\u00edho 130.\u00a0v\u00fdro\u010d\u00ed. Od z\u00e1\u0159\u00ed ji\u017e vod\u00e1rensk\u00e1 v\u011b\u017e op\u011bt slou\u017e\u00ed d\u011btem a&nbsp;ml\u00e1de\u017ei z\u00a0Prahy&nbsp;7.<\/p>\r\n<p>Cenu Miese van der Rohe ud\u011bluje Evropsk\u00e1 unie a&nbsp;nadace nesouc\u00ed jm\u00e9no pr\u016fkopn\u00edka modern\u00ed architektury a&nbsp;autora slavn\u00e9 tuzemsk\u00e9 modern\u00ed stavby, brn\u011bnsk\u00e9 vily Tugendhat. \u010cesk\u00e1 republika se ceny Miese van der Rohe \u00fa\u010dastn\u00ed od roku 1997.<\/p>\r\n<p>Piranesi Award je cena ur\u010dena architekt\u016fm z\u00a0\u010cesk\u00e9 republiky, Chorvatska, It\u00e1lie, Ma\u010farska, Rakouska, \u0158ecka, Slovenska a\u00a0Slovinska. Ka\u017edoro\u010dn\u011b se ji\u017e od roku 1989 ud\u011bluje ve slovinsk\u00e9m m\u011bst\u011b Piran. Cena byla pojmenov\u00e1na podle italsk\u00e9ho um\u011blce a\u00a0architekta \u017eij\u00edc\u00edho v\u00a018.\u00a0stolet\u00ed Giovanniho Battisty Piranesiho, kter\u00fd z\u00a0Piranu poch\u00e1zel.<\/p>","protected":false},"excerpt":{"rendered":"[perex] Po obdr\u017een\u00ed dvou cen v&nbsp;n\u00e1rodn\u00ed sout\u011b\u017ei Stavba roku 2018 se rekonstrukce Vod\u00e1rensk\u00e9 v\u011b\u017ee na Letn\u00e9 do\u010dkala dvou dal\u0161\u00edch presti\u017en\u00edch nominac\u00ed. Tentokr\u00e1t dokonce mezin\u00e1rodn\u00edch. Nominov\u00e1na byla na Cenu Evropsk\u00e9 unie za sou\u010dasnou architekturu \u00a0Mies van der Rohe Award a&nbsp;cenu za kvalitn\u00ed evropskou architekturu Piranesi Award. Je\u0161t\u011b jednou d\u011bkujeme v\u0161em, kte\u0159\u00ed se na zda\u0159il\u00e9 rekonstrukci t\u00e9to [&hellip;]","protected":false},"author":5,"featured_media":20034,"comment_status":"closed","ping_status":"open","sticky":false,"template":"","format":"standard","meta":[],"categories":[34],"tags":[],"_links":{"self":[{"href":"https:\/\/www.praha7.cz\/api\/wp\/v2\/posts\/22155"}],"collection":[{"href":"https:\/\/www.praha7.cz\/api\/wp\/v2\/posts"}],"about":[{"href":"https:\/\/www.praha7.cz\/api\/wp\/v2\/types\/post"}],"author":[{"embeddable":true,"href":"https:\/\/www.praha7.cz\/api\/wp\/v2\/users\/5"}],"replies":[{"embeddable":true,"href":"https:\/\/www.praha7.cz\/api\/wp\/v2\/comments?post=22155"}],"version-history":[{"count":1,"href":"https:\/\/www.praha7.cz\/api\/wp\/v2\/posts\/22155\/revisions"}],"predecessor-version":[{"id":22156,"href":"https:\/\/www.praha7.cz\/api\/wp\/v2\/posts\/22155\/revisions\/22156"}],"wp:featuredmedia":[{"embeddable":true,"href":"https:\/\/www.praha7.cz\/api\/wp\/v2\/media\/20034"}],"wp:attachment":[{"href":"https:\/\/www.praha7.cz\/api\/wp\/v2\/media?parent=22155"}],"wp:term":[{"taxonomy":"category","embeddable":true,"href":"https:\/\/www.praha7.cz\/api\/wp\/v2\/categories?post=22155"},{"taxonomy":"post_tag","embeddable":true,"href":"https:\/\/www.praha7.cz\/api\/wp\/v2\/tags?post=22155"}],"curies":[{"name":"wp","href":"https:\/\/api.w.org\/{rel}","templated":true}]}}