    
{"id":22066,"date":"2018-12-13T14:26:03","date_gmt":"2018-12-13T13:26:03","guid":{"rendered":"https:\/\/www.praha7.cz\/?p=22066"},"modified":"2018-12-13T14:26:03","modified_gmt":"2018-12-13T13:26:03","slug":"na-zdymadle-praha-stvanice-zacaly-prace-na-modernizaci-vltavske-vodni-cesty","status":"publish","type":"post","link":"https:\/\/www.praha7.cz\/na-zdymadle-praha-stvanice-zacaly-prace-na-modernizaci-vltavske-vodni-cesty\/","title":{"rendered":"Na zdymadle Praha \u0160tvanice za\u010daly pr\u00e1ce na modernizaci Vltavsk\u00e9 vodn\u00ed cesty"},"content":{"rendered":"<p>[perex]<br \/>\r\nVe st\u0159edu 12.&nbsp;prosince za\u010daly u&nbsp;ostrova \u0160tvanice pr\u00e1ce na modernizaci tzv. rejd plavebn\u00ed komory. Zejm\u00e9na pomoc\u00ed nov\u00e9 n\u00e1b\u0159e\u017en\u00ed zdi navazuj\u00edc\u00ed na Negrelliho viadukt budou m\u00edt lod\u011b podstatn\u011b bezpe\u010dn\u011bj\u0161\u00ed a&nbsp;pohodln\u011bj\u0161\u00ed zaplouv\u00e1n\u00ed do druh\u00e9 nejvyt\u00ed\u017een\u011bj\u0161\u00ed plavebn\u00ed komory v&nbsp;Praze. Spole\u010dn\u011b s&nbsp;dal\u0161\u00edmi stavbami dojde ke zv\u00fd\u0161en\u00ed plavebn\u00edch parametr\u016f Vltavsk\u00e9 vodn\u00ed cesty do Prahy. <br \/>\r\n [\/perex]<\/p>\r\n<p>Modernizaci rejd plavebn\u00ed komory Praha \u2013 \u0160tvanice realizuj\u00ed pro \u0158editelstv\u00ed vodn\u00edch cest \u010cR dodavatel\u00e9 Metrostav a.s. a&nbsp;EUROVIA CS, a. s. jako \u201eSpole\u010dnost pro PK \u0160tvanice, Metrostav \u2013 Eurovia\u201c. Pr\u00e1ce budou dokon\u010deny do b\u0159ezna 2020.<\/p>\r\n<p>Plavebn\u00ed komora Praha \u2013 \u0160tvanice je druhou nejvyt\u00ed\u017een\u011bj\u0161\u00ed v\u00a0\u010cesk\u00e9 republice a&nbsp;v\u00a0roce 2017 j\u00ed proplulo v\u00edce ne\u017e 10 tis lod\u00ed. \u00a0V\u00a0tzv. horn\u00ed rejd\u011b sm\u011brem do centra m\u011bsta bude vybudov\u00e1no nov\u00e9 samostatn\u00e9 \u010dekac\u00ed st\u00e1n\u00ed pro mal\u00e1 plavidla celkov\u00e9 d\u00e9lky 40&nbsp;m se 7 dalbami umo\u017e\u0148uj\u00edc\u00ed bezpe\u010dn\u00e9 vy\u010dk\u00e1v\u00e1n\u00ed rekrea\u010dn\u00edch plavidel na proplavov\u00e1n\u00ed mimo prostor pro velk\u00e9 osobn\u00ed a&nbsp;n\u00e1kladn\u00ed lod\u011b. U&nbsp;st\u00e1vaj\u00edc\u00edch daleb pro velk\u00e1 plavidla dojde k&nbsp;prohlouben\u00ed na hloubku 2,50 m, kter\u00e1 umo\u017en\u00ed ponor lod\u00ed 2,20&nbsp;m. V&nbsp;cel\u00e9 rejd\u011b pak bude nov\u00e9 osv\u011btlen\u00ed a&nbsp;informa\u010dn\u00ed a&nbsp;komunika\u010dn\u00ed za\u0159\u00edzen\u00ed.<\/p>\r\n<p>\u00a0V doln\u00ed rejd\u011b budou pr\u00e1ce podstatn\u011b rozs\u00e1hlej\u0161\u00ed. St\u00e1vaj\u00edc\u00ed \u00fazk\u00fd plavebn\u00ed kan\u00e1l bez jak\u00e9hokoliv \u010dekac\u00edho st\u00e1n\u00ed bude po proudu od Negrelliho \u017eelezni\u010dn\u00edho viaduktu roz\u0161\u00ed\u0159en do lev\u00e9ho b\u0159ehu do ostrova \u0160tvanice pomoc\u00ed t\u00e9m\u011b\u0159 200&nbsp;m dlouh\u00e9 svisl\u00e9 \u0161t\u011btov\u00e9 st\u011bny. Nejen, \u017ee dojde k&nbsp;roz\u0161\u00ed\u0159en\u00ed man\u00e9vrovac\u00edho prostoru v&nbsp;rejd\u011b k&nbsp;bezpe\u010dn\u00e9mu zaplouv\u00e1n\u00ed do plavebn\u00ed komory, ale zejm\u00e9na vznikne samostatn\u00e9 \u010dekac\u00ed st\u00e1n\u00ed u&nbsp;st\u011bny pro velk\u00e9 lod\u011b d\u00e9lky a\u017e 137&nbsp;m (maxim\u00e1ln\u00ed u\u017eitn\u00e9 d\u00e9lky na tomto \u00faseku vodn\u00ed cesty) a&nbsp;20&nbsp;m dlouh\u00e9ho st\u00e1n\u00ed pro rekrea\u010dn\u00ed lod\u011b. Tak\u00e9 zde bude instalov\u00e1no osv\u011btlen\u00ed, sv\u011bteln\u00e1 signalizace vjezdu do plavebn\u00edho kan\u00e1lu a&nbsp;informa\u010dn\u00ed syst\u00e9m.<\/p>","protected":false},"excerpt":{"rendered":"[perex] Ve st\u0159edu 12.&nbsp;prosince za\u010daly u&nbsp;ostrova \u0160tvanice pr\u00e1ce na modernizaci tzv. rejd plavebn\u00ed komory. Zejm\u00e9na pomoc\u00ed nov\u00e9 n\u00e1b\u0159e\u017en\u00ed zdi navazuj\u00edc\u00ed na Negrelliho viadukt budou m\u00edt lod\u011b podstatn\u011b bezpe\u010dn\u011bj\u0161\u00ed a&nbsp;pohodln\u011bj\u0161\u00ed zaplouv\u00e1n\u00ed do druh\u00e9 nejvyt\u00ed\u017een\u011bj\u0161\u00ed plavebn\u00ed komory v&nbsp;Praze. Spole\u010dn\u011b s&nbsp;dal\u0161\u00edmi stavbami dojde ke zv\u00fd\u0161en\u00ed plavebn\u00edch parametr\u016f Vltavsk\u00e9 vodn\u00ed cesty do Prahy. [\/perex] Modernizaci rejd plavebn\u00ed komory Praha [&hellip;]","protected":false},"author":5,"featured_media":22067,"comment_status":"closed","ping_status":"open","sticky":false,"template":"","format":"standard","meta":[],"categories":[34],"tags":[],"_links":{"self":[{"href":"https:\/\/www.praha7.cz\/api\/wp\/v2\/posts\/22066"}],"collection":[{"href":"https:\/\/www.praha7.cz\/api\/wp\/v2\/posts"}],"about":[{"href":"https:\/\/www.praha7.cz\/api\/wp\/v2\/types\/post"}],"author":[{"embeddable":true,"href":"https:\/\/www.praha7.cz\/api\/wp\/v2\/users\/5"}],"replies":[{"embeddable":true,"href":"https:\/\/www.praha7.cz\/api\/wp\/v2\/comments?post=22066"}],"version-history":[{"count":1,"href":"https:\/\/www.praha7.cz\/api\/wp\/v2\/posts\/22066\/revisions"}],"predecessor-version":[{"id":22068,"href":"https:\/\/www.praha7.cz\/api\/wp\/v2\/posts\/22066\/revisions\/22068"}],"wp:featuredmedia":[{"embeddable":true,"href":"https:\/\/www.praha7.cz\/api\/wp\/v2\/media\/22067"}],"wp:attachment":[{"href":"https:\/\/www.praha7.cz\/api\/wp\/v2\/media?parent=22066"}],"wp:term":[{"taxonomy":"category","embeddable":true,"href":"https:\/\/www.praha7.cz\/api\/wp\/v2\/categories?post=22066"},{"taxonomy":"post_tag","embeddable":true,"href":"https:\/\/www.praha7.cz\/api\/wp\/v2\/tags?post=22066"}],"curies":[{"name":"wp","href":"https:\/\/api.w.org\/{rel}","templated":true}]}}