    
{"id":22060,"date":"2018-12-13T11:58:14","date_gmt":"2018-12-13T10:58:14","guid":{"rendered":"https:\/\/www.praha7.cz\/?p=22060"},"modified":"2018-12-13T11:58:14","modified_gmt":"2018-12-13T10:58:14","slug":"praha-7-vycistila-stezku-podel-vltavy","status":"publish","type":"post","link":"https:\/\/www.praha7.cz\/praha-7-vycistila-stezku-podel-vltavy\/","title":{"rendered":"Praha&nbsp;7 vy\u010distila stezku pod\u00e9l Vltavy"},"content":{"rendered":"<p>[perex]<br \/>\r\nV\u00a0n\u00e1vaznosti na podn\u011bty od ob\u010dan\u016f vy\u010distila Praha&nbsp;7 stezku, kter\u00e1 vede pod\u00e9l Vltavy od Pra\u017esk\u00e9 tr\u017enice k\u00a0ulici Na Manin\u00e1ch. <br \/>\r\n [\/perex]<\/p>\r\n<p>Praha&nbsp;7 d\u011bkuje za podn\u011bty, kter\u00e9 dost\u00e1v\u00e1 od ob\u010dan\u016f. \u0158ada z\u00a0nich z\u00e1sadn\u00edm zp\u016fsobem urychluje \u0159e\u0161en\u00ed probl\u00e9m\u016f ve ve\u0159ejn\u00e9m prostoru a&nbsp;usnad\u0148uje p\u00e9\u010di o&nbsp;m\u011bstskou \u010d\u00e1st.<\/p>\r\n<p><em>\u201eP\u0159ed dv\u011bma t\u00fddny jsme obdr\u017eeli informaci o&nbsp;nepo\u0159\u00e1dku na trochu odlehlej\u0161\u00ed stezce pod\u00e9l Vltavy, kter\u00e1 propojuje Bubensk\u00e9 n\u00e1b\u0159e\u017e\u00ed sm\u011brem od tr\u017enice k\u00a0ulici Na Manin\u00e1ch. Minul\u00fd t\u00fdden se na\u0161e \u00faklidov\u00e1 firma 7U s.r.o. pustila do gener\u00e1ln\u00edho \u00faklidu a&nbsp;stezka dnes vypad\u00e1 podstatn\u011b l\u00e9pe. D\u011bkujeme za pomoc,\u201c<\/em> uvedl <em><strong>radn\u00ed Ji\u0159\u00ed Knitl (PRAHA&nbsp;7 SOB\u011a)<\/strong><\/em>.<\/p>\r\n<p>Va\u0161e tipy a&nbsp;podn\u011bty k\u00a0p\u00e9\u010di o&nbsp;ve\u0159ejn\u00fd prostor m\u016f\u017eete nahla\u0161ovat p\u0159es novou aplikaci Zlep\u0161eme \u010cesko, aby se co nejrychleji dostaly na to spr\u00e1vn\u00e9 m\u00edsto a&nbsp;mohli jste b\u00fdt informov\u00e1ni o&nbsp;jejich \u0159e\u0161en\u00ed. V\u00edce informac\u00ed o&nbsp;t\u00e9to slu\u017eb\u011b naleznete <a href=\"https:\/\/www.praha7.cz\/v-praze-7-se-rozjizdi-nove-modernizovane-nahlasovani-problemu-pres-mobil-lepsi-misto-prechazi-na-zlepseme-cesko\/\">zde<\/a>.\u00a0<\/p>\r\n<p><img loading=\"lazy\" src=\"https:\/\/www.praha7.cz\/wp-content\/uploads\/2018\/12\/\u00faklid-stezka-2-563x1000.jpg\" alt=\"\" width=\"563\" height=\"1000\" class=\"alignnone wp-image-22062 size-large\" srcset=\"https:\/\/www.praha7.cz\/wp-content\/uploads\/2018\/12\/\u00faklid-stezka-2-563x1000.jpg 563w, https:\/\/www.praha7.cz\/wp-content\/uploads\/2018\/12\/\u00faklid-stezka-2-225x400.jpg 225w, https:\/\/www.praha7.cz\/wp-content\/uploads\/2018\/12\/\u00faklid-stezka-2-768x1365.jpg 768w, https:\/\/www.praha7.cz\/wp-content\/uploads\/2018\/12\/\u00faklid-stezka-2.jpg 1361w\" sizes=\"(max-width: 563px) 100vw, 563px\" \/><\/p>","protected":false},"excerpt":{"rendered":"[perex] V\u00a0n\u00e1vaznosti na podn\u011bty od ob\u010dan\u016f vy\u010distila Praha&nbsp;7 stezku, kter\u00e1 vede pod\u00e9l Vltavy od Pra\u017esk\u00e9 tr\u017enice k\u00a0ulici Na Manin\u00e1ch. [\/perex] Praha&nbsp;7 d\u011bkuje za podn\u011bty, kter\u00e9 dost\u00e1v\u00e1 od ob\u010dan\u016f. \u0158ada z\u00a0nich z\u00e1sadn\u00edm zp\u016fsobem urychluje \u0159e\u0161en\u00ed probl\u00e9m\u016f ve ve\u0159ejn\u00e9m prostoru a&nbsp;usnad\u0148uje p\u00e9\u010di o&nbsp;m\u011bstskou \u010d\u00e1st. \u201eP\u0159ed dv\u011bma t\u00fddny jsme obdr\u017eeli informaci o&nbsp;nepo\u0159\u00e1dku na trochu odlehlej\u0161\u00ed stezce pod\u00e9l Vltavy, [&hellip;]","protected":false},"author":5,"featured_media":22061,"comment_status":"closed","ping_status":"open","sticky":false,"template":"","format":"standard","meta":[],"categories":[34,74],"tags":[],"_links":{"self":[{"href":"https:\/\/www.praha7.cz\/api\/wp\/v2\/posts\/22060"}],"collection":[{"href":"https:\/\/www.praha7.cz\/api\/wp\/v2\/posts"}],"about":[{"href":"https:\/\/www.praha7.cz\/api\/wp\/v2\/types\/post"}],"author":[{"embeddable":true,"href":"https:\/\/www.praha7.cz\/api\/wp\/v2\/users\/5"}],"replies":[{"embeddable":true,"href":"https:\/\/www.praha7.cz\/api\/wp\/v2\/comments?post=22060"}],"version-history":[{"count":2,"href":"https:\/\/www.praha7.cz\/api\/wp\/v2\/posts\/22060\/revisions"}],"predecessor-version":[{"id":22065,"href":"https:\/\/www.praha7.cz\/api\/wp\/v2\/posts\/22060\/revisions\/22065"}],"wp:featuredmedia":[{"embeddable":true,"href":"https:\/\/www.praha7.cz\/api\/wp\/v2\/media\/22061"}],"wp:attachment":[{"href":"https:\/\/www.praha7.cz\/api\/wp\/v2\/media?parent=22060"}],"wp:term":[{"taxonomy":"category","embeddable":true,"href":"https:\/\/www.praha7.cz\/api\/wp\/v2\/categories?post=22060"},{"taxonomy":"post_tag","embeddable":true,"href":"https:\/\/www.praha7.cz\/api\/wp\/v2\/tags?post=22060"}],"curies":[{"name":"wp","href":"https:\/\/api.w.org\/{rel}","templated":true}]}}