    
{"id":21998,"date":"2018-12-12T11:57:58","date_gmt":"2018-12-12T10:57:58","guid":{"rendered":"https:\/\/www.praha7.cz\/?p=21998"},"modified":"2019-01-02T16:01:59","modified_gmt":"2019-01-02T15:01:59","slug":"parkovani-o-svatcich","status":"publish","type":"post","link":"https:\/\/www.praha7.cz\/parkovani-o-svatcich\/","title":{"rendered":"Parkov\u00e1n\u00ed o&nbsp;sv\u00e1tc\u00edch"},"content":{"rendered":"<p>[perex]<br \/>\r\n V\u00a0dob\u011b v\u00e1no\u010dn\u00edch sv\u00e1tk\u016f od 22.&nbsp;prosince do 2.&nbsp;ledna bude zavedeno zv\u00fdhodn\u011bn\u00e9 parkov\u00e1n\u00ed v\u00a0oran\u017eov\u00fdch n\u00e1v\u0161t\u011bvnick\u00fdch z\u00f3n\u00e1ch placen\u00e9ho st\u00e1n\u00ed za 40&nbsp;K\u010d na den. Praha&nbsp;7 rovn\u011b\u017e nab\u00edz\u00ed no\u010dn\u00ed parkov\u00e1n\u00ed za 20&nbsp;K\u010d ve vybran\u00fdch fialov\u00fdch sm\u00ed\u0161en\u00fdch z\u00f3n\u00e1ch. Po dohod\u011b s\u00a0provozovatelem gar\u00e1\u017e\u00ed na Letn\u00e9 bude nav\u00edc o&nbsp;sv\u00e1tc\u00edch mo\u017en\u00e9 ve ve\u010dern\u00edch a&nbsp;no\u010dn\u00edch hodin\u00e1ch zaparkovat v\u00a0letensk\u00fdch podzemn\u00edch gar\u00e1\u017e\u00edch zcela zdarma.\u00a0 <br \/>\r\n [\/perex]<\/p>\r\n<p>V\u00a0Praze 7 bude b\u011bhem sv\u00e1tk\u016f platit cena 40&nbsp;K\u010d na den (tedy za ka\u017ed\u00fdch zapo\u010dat\u00fdch 24 hodin) a&nbsp;o&nbsp;v\u00edkendech zdarma ve v\u0161ech n\u00e1v\u0161t\u011bvnick\u00fdch oran\u017eov\u00fdch z\u00f3n\u00e1ch krom\u011b \u00fasek\u016f v\u00a0Kosteln\u00ed ulici p\u0159ed N\u00e1rodn\u00edm technick\u00fdm a&nbsp;zem\u011bd\u011blsk\u00fdm muzeem. Zm\u011bna se net\u00fdk\u00e1 modr\u00fdch (reziden\u010dn\u00edch) a&nbsp;fialov\u00fdch (sm\u00ed\u0161en\u00fdch) z\u00f3n. Jedn\u00e1 se o&nbsp;celopra\u017esk\u00e9 opat\u0159en\u00ed realizovan\u00e9 z\u0159izovatelem z\u00f3n placen\u00e9ho st\u00e1n\u00ed hl. m. Prahou.<\/p>\r\n<p><strong>M\u00edsta se zv\u00fdhodn\u011bn\u00fdm n\u00e1v\u0161t\u011bvnick\u00fdm parkov\u00e1n\u00edm o&nbsp;sv\u00e1tc\u00edch naleznete v\u00a0t\u011bchto ulic\u00edch:<\/strong><\/p>\r\n<p><em>Milady Hor\u00e1kov\u00e9 (mezi Letensk\u00fdm a&nbsp;Strossmayerov\u00fdm n\u00e1m\u011bst\u00edm), Dukelsk\u00fdch hrdin\u016f, Na Ov\u010din\u00e1ch, n\u00e1b\u0159. Kpt. Jaro\u0161e, Bubensk\u00e1, spodn\u00ed \u010d\u00e1st ul. Veletr\u017en\u00ed, Za Elektr\u00e1rnou, Komunard\u016f, Vrbensk\u00e9ho, Jankovcova, U&nbsp;Pergamenky, Ortenovo n\u00e1m\u011bst\u00ed.<\/em><\/p>\r\n<p>&nbsp;<\/p>\r\n<p>\u0158idi\u010di v\u00a0Praze 7 mohou z\u00e1rove\u0148 vyu\u017e\u00edt zv\u00fdhodn\u011bn\u00e9 no\u010dn\u00ed parkov\u00e1n\u00ed ve vybran\u00fdch fialov\u00fdch z\u00f3n\u00e1ch, kde lze od 20:00 do 6:00 hodin parkovat za 20&nbsp;K\u010d za noc.<\/p>\r\n<p><strong>Fialov\u00e9 z\u00f3ny se zv\u00fdhodn\u011bn\u00fdm no\u010dn\u00edm parkov\u00e1n\u00edm naleznete v\u00a0t\u011bchto ulic\u00edch:<\/strong><\/p>\r\n<p><em>U Top\u00edren, Jate\u010dn\u00ed, P\u0159\u00edvozn\u00ed, Jankovcova, U&nbsp;Pap\u00edrny, Rajsk\u00e1, Jablonsk\u00e9ho, \u017delezni\u010d\u00e1\u0159\u016f a&nbsp;na \u0160tvanici.\u00a0<\/em><\/p>\r\n<p>&nbsp;<\/p>\r\n<p>Doporu\u010dujeme se p\u0159i parkov\u00e1n\u00ed v\u017edy \u0159\u00eddit pokyny na p\u0159\u00edslu\u0161n\u00fdch parkovac\u00edch automatech.<\/p>\r\n<p>V\u00edce informac\u00ed v\u010detn\u011b mapy s\u00a0vyzna\u010den\u00edm jednotliv\u00fdch parkovac\u00edch z\u00f3n a&nbsp;jejich tarif\u016f naleznete na <a href=\"http:\/\/www.parkujvklidu.cz\/\">www.parkujvklidu.cz<\/a>.<\/p>\r\n<p>&nbsp;<\/p>\r\n<p><strong>Praha&nbsp;7 d\u011bkuje provozovateli gar\u00e1\u017e\u00ed na Letn\u00e9, kde bude od\u00a021.&nbsp;prosince od 20:00 hod. do 1.&nbsp;ledna do 8:00 hod. mo\u017enost parkovat ka\u017ed\u00fd den ve ve\u010dern\u00edch a&nbsp;v&nbsp;no\u010dn\u00edch hodin\u00e1ch zcela zdarma (plat\u00ed denn\u011b od 20:00 do 8:00 hod.).<\/strong><\/p>\r\n<p>&nbsp;<\/p>\r\n<p>Za 20&nbsp;K\u010d na noc lze zaparkovat tak\u00e9 na parkovi\u0161ti u&nbsp;V\u00fdstavi\u0161t\u011b, ov\u0161em pouze s\u00a0platnou parkovac\u00ed kartou. V\u00edce o&nbsp;tom, jak si tuto kartu za\u0159\u00eddit, naleznete <a href=\"https:\/\/www.praha7.cz\/parkovani-pro-rezidenty-na-vystavisti\/\">zde<\/a>.<\/p>","protected":false},"excerpt":{"rendered":"[perex] V\u00a0dob\u011b v\u00e1no\u010dn\u00edch sv\u00e1tk\u016f od 22.&nbsp;prosince do 2.&nbsp;ledna bude zavedeno zv\u00fdhodn\u011bn\u00e9 parkov\u00e1n\u00ed v\u00a0oran\u017eov\u00fdch n\u00e1v\u0161t\u011bvnick\u00fdch z\u00f3n\u00e1ch placen\u00e9ho st\u00e1n\u00ed za 40&nbsp;K\u010d na den. Praha&nbsp;7 rovn\u011b\u017e nab\u00edz\u00ed no\u010dn\u00ed parkov\u00e1n\u00ed za 20&nbsp;K\u010d ve vybran\u00fdch fialov\u00fdch sm\u00ed\u0161en\u00fdch z\u00f3n\u00e1ch. Po dohod\u011b s\u00a0provozovatelem gar\u00e1\u017e\u00ed na Letn\u00e9 bude nav\u00edc o&nbsp;sv\u00e1tc\u00edch mo\u017en\u00e9 ve ve\u010dern\u00edch a&nbsp;no\u010dn\u00edch hodin\u00e1ch zaparkovat v\u00a0letensk\u00fdch podzemn\u00edch gar\u00e1\u017e\u00edch zcela zdarma.\u00a0 [\/perex] V\u00a0Praze [&hellip;]","protected":false},"author":5,"featured_media":18107,"comment_status":"closed","ping_status":"open","sticky":false,"template":"","format":"standard","meta":[],"categories":[34,74],"tags":[],"_links":{"self":[{"href":"https:\/\/www.praha7.cz\/api\/wp\/v2\/posts\/21998"}],"collection":[{"href":"https:\/\/www.praha7.cz\/api\/wp\/v2\/posts"}],"about":[{"href":"https:\/\/www.praha7.cz\/api\/wp\/v2\/types\/post"}],"author":[{"embeddable":true,"href":"https:\/\/www.praha7.cz\/api\/wp\/v2\/users\/5"}],"replies":[{"embeddable":true,"href":"https:\/\/www.praha7.cz\/api\/wp\/v2\/comments?post=21998"}],"version-history":[{"count":4,"href":"https:\/\/www.praha7.cz\/api\/wp\/v2\/posts\/21998\/revisions"}],"predecessor-version":[{"id":22104,"href":"https:\/\/www.praha7.cz\/api\/wp\/v2\/posts\/21998\/revisions\/22104"}],"wp:featuredmedia":[{"embeddable":true,"href":"https:\/\/www.praha7.cz\/api\/wp\/v2\/media\/18107"}],"wp:attachment":[{"href":"https:\/\/www.praha7.cz\/api\/wp\/v2\/media?parent=21998"}],"wp:term":[{"taxonomy":"category","embeddable":true,"href":"https:\/\/www.praha7.cz\/api\/wp\/v2\/categories?post=21998"},{"taxonomy":"post_tag","embeddable":true,"href":"https:\/\/www.praha7.cz\/api\/wp\/v2\/tags?post=21998"}],"curies":[{"name":"wp","href":"https:\/\/api.w.org\/{rel}","templated":true}]}}