    
{"id":21958,"date":"2018-12-11T15:29:06","date_gmt":"2018-12-11T14:29:06","guid":{"rendered":"https:\/\/www.praha7.cz\/?p=21958"},"modified":"2018-12-11T15:29:17","modified_gmt":"2018-12-11T14:29:17","slug":"v-patek-15-12-bude-na-jeden-den-uzavrena-ulice-strojnicka","status":"publish","type":"post","link":"https:\/\/www.praha7.cz\/v-patek-15-12-bude-na-jeden-den-uzavrena-ulice-strojnicka\/","title":{"rendered":"V sobotu 15.&nbsp;12.&nbsp;bude na jeden den uzav\u0159ena ulice Strojnick\u00e1"},"content":{"rendered":"<p>[perex]<\/p>\r\n<p>Upozor\u0148ujeme \u0159idi\u010de, \u017ee v&nbsp;sobotu 15.&nbsp;12.&nbsp;od 4:00 do 24:00 dojde k\u00a0uzav\u0159en\u00ed ulice Strojnick\u00e1 pro automobilovou dopravu. D\u016fvodem je demont\u00e1\u017e v\u011b\u017eov\u00e9ho je\u0159\u00e1bu stavby. Po celou dobu uzav\u00edrky komunikace z\u016fstane zachov\u00e1n pr\u016fchod pro p\u011b\u0161\u00ed po severn\u00edm chodn\u00edku.[\/perex]<\/p>\r\n<p>Realiz\u00e1torem stavby je spol. Hole\u0161ovick\u00fd troj\u00faheln\u00edk a. s., rozhodnut\u00ed vydal Odbor dopravn\u00edch agend Magistr\u00e1tu hl. m. Prahy.<\/p>","protected":false},"excerpt":{"rendered":"[perex] Upozor\u0148ujeme \u0159idi\u010de, \u017ee v&nbsp;sobotu 15.&nbsp;12.&nbsp;od 4:00 do 24:00 dojde k\u00a0uzav\u0159en\u00ed ulice Strojnick\u00e1 pro automobilovou dopravu. D\u016fvodem je demont\u00e1\u017e v\u011b\u017eov\u00e9ho je\u0159\u00e1bu stavby. Po celou dobu uzav\u00edrky komunikace z\u016fstane zachov\u00e1n pr\u016fchod pro p\u011b\u0161\u00ed po severn\u00edm chodn\u00edku.[\/perex] Realiz\u00e1torem stavby je spol. Hole\u0161ovick\u00fd troj\u00faheln\u00edk a. s., rozhodnut\u00ed vydal Odbor dopravn\u00edch agend Magistr\u00e1tu hl. m. Prahy.","protected":false},"author":5,"featured_media":15167,"comment_status":"closed","ping_status":"open","sticky":false,"template":"","format":"standard","meta":[],"categories":[34],"tags":[],"_links":{"self":[{"href":"https:\/\/www.praha7.cz\/api\/wp\/v2\/posts\/21958"}],"collection":[{"href":"https:\/\/www.praha7.cz\/api\/wp\/v2\/posts"}],"about":[{"href":"https:\/\/www.praha7.cz\/api\/wp\/v2\/types\/post"}],"author":[{"embeddable":true,"href":"https:\/\/www.praha7.cz\/api\/wp\/v2\/users\/5"}],"replies":[{"embeddable":true,"href":"https:\/\/www.praha7.cz\/api\/wp\/v2\/comments?post=21958"}],"version-history":[{"count":3,"href":"https:\/\/www.praha7.cz\/api\/wp\/v2\/posts\/21958\/revisions"}],"predecessor-version":[{"id":21961,"href":"https:\/\/www.praha7.cz\/api\/wp\/v2\/posts\/21958\/revisions\/21961"}],"wp:featuredmedia":[{"embeddable":true,"href":"https:\/\/www.praha7.cz\/api\/wp\/v2\/media\/15167"}],"wp:attachment":[{"href":"https:\/\/www.praha7.cz\/api\/wp\/v2\/media?parent=21958"}],"wp:term":[{"taxonomy":"category","embeddable":true,"href":"https:\/\/www.praha7.cz\/api\/wp\/v2\/categories?post=21958"},{"taxonomy":"post_tag","embeddable":true,"href":"https:\/\/www.praha7.cz\/api\/wp\/v2\/tags?post=21958"}],"curies":[{"name":"wp","href":"https:\/\/api.w.org\/{rel}","templated":true}]}}