    
{"id":21954,"date":"2018-12-11T15:09:32","date_gmt":"2018-12-11T14:09:32","guid":{"rendered":"https:\/\/www.praha7.cz\/?p=21954"},"modified":"2018-12-11T15:09:32","modified_gmt":"2018-12-11T14:09:32","slug":"dekujeme-za-darky-pro-seniory","status":"publish","type":"post","link":"https:\/\/www.praha7.cz\/dekujeme-za-darky-pro-seniory\/","title":{"rendered":"D\u011bkujeme za d\u00e1rky pro seniory"},"content":{"rendered":"<p>[perex]<\/p>\r\n<p>Stejn\u011b jako v\u00a0lo\u0148sk\u00e9m roce se d\u00edky v\u00e1m poda\u0159ilo z\u00edskat d\u00e1rky pro des\u00edtky \u00a0osam\u011bl\u00fdch \u00a0senior\u016f a&nbsp;dal\u0161\u00edch pot\u0159ebn\u00fdch ob\u010dan\u016f.\u00a0D\u011bkujeme Farn\u00ed charit\u011b Hole\u0161ovice, kter\u00e1 ve spolupr\u00e1ci se soci\u00e1ln\u00edm odborem tento charitativn\u00ed projekt op\u011bt p\u0159ipravila a&nbsp;p\u0159edev\u0161\u00edm v\u0161em, kte\u0159\u00ed se do n\u011bj s\u00a0velkou chut\u00ed zapojili. D\u00e1rky budou prost\u0159ednictv\u00edm soci\u00e1ln\u00edch pracovn\u00edk\u016f v\u00a0p\u0159\u00ed\u0161t\u00edch dnech rozn\u00e1\u0161eny obdarovan\u00fdm a&nbsp;napomohou jim k&nbsp;\u0161\u0165astn\u00e9mu a&nbsp;vesel\u00e9mu pro\u017eit\u00ed v\u00e1no\u010dn\u00edch sv\u00e1tk\u016f.<\/p>\r\n<p>D\u011bkujeme, \u017ee pom\u00e1h\u00e1te. [\/perex]<\/p>","protected":false},"excerpt":{"rendered":"[perex] Stejn\u011b jako v\u00a0lo\u0148sk\u00e9m roce se d\u00edky v\u00e1m poda\u0159ilo z\u00edskat d\u00e1rky pro des\u00edtky \u00a0osam\u011bl\u00fdch \u00a0senior\u016f a&nbsp;dal\u0161\u00edch pot\u0159ebn\u00fdch ob\u010dan\u016f.\u00a0D\u011bkujeme Farn\u00ed charit\u011b Hole\u0161ovice, kter\u00e1 ve spolupr\u00e1ci se soci\u00e1ln\u00edm odborem tento charitativn\u00ed projekt op\u011bt p\u0159ipravila a&nbsp;p\u0159edev\u0161\u00edm v\u0161em, kte\u0159\u00ed se do n\u011bj s\u00a0velkou chut\u00ed zapojili. D\u00e1rky budou prost\u0159ednictv\u00edm soci\u00e1ln\u00edch pracovn\u00edk\u016f v\u00a0p\u0159\u00ed\u0161t\u00edch dnech rozn\u00e1\u0161eny obdarovan\u00fdm a&nbsp;napomohou jim k&nbsp;\u0161\u0165astn\u00e9mu a&nbsp;vesel\u00e9mu pro\u017eit\u00ed [&hellip;]","protected":false},"author":5,"featured_media":21955,"comment_status":"closed","ping_status":"open","sticky":false,"template":"","format":"standard","meta":[],"categories":[34],"tags":[],"_links":{"self":[{"href":"https:\/\/www.praha7.cz\/api\/wp\/v2\/posts\/21954"}],"collection":[{"href":"https:\/\/www.praha7.cz\/api\/wp\/v2\/posts"}],"about":[{"href":"https:\/\/www.praha7.cz\/api\/wp\/v2\/types\/post"}],"author":[{"embeddable":true,"href":"https:\/\/www.praha7.cz\/api\/wp\/v2\/users\/5"}],"replies":[{"embeddable":true,"href":"https:\/\/www.praha7.cz\/api\/wp\/v2\/comments?post=21954"}],"version-history":[{"count":2,"href":"https:\/\/www.praha7.cz\/api\/wp\/v2\/posts\/21954\/revisions"}],"predecessor-version":[{"id":21957,"href":"https:\/\/www.praha7.cz\/api\/wp\/v2\/posts\/21954\/revisions\/21957"}],"wp:featuredmedia":[{"embeddable":true,"href":"https:\/\/www.praha7.cz\/api\/wp\/v2\/media\/21955"}],"wp:attachment":[{"href":"https:\/\/www.praha7.cz\/api\/wp\/v2\/media?parent=21954"}],"wp:term":[{"taxonomy":"category","embeddable":true,"href":"https:\/\/www.praha7.cz\/api\/wp\/v2\/categories?post=21954"},{"taxonomy":"post_tag","embeddable":true,"href":"https:\/\/www.praha7.cz\/api\/wp\/v2\/tags?post=21954"}],"curies":[{"name":"wp","href":"https:\/\/api.w.org\/{rel}","templated":true}]}}