    
{"id":21925,"date":"2018-12-10T17:07:44","date_gmt":"2018-12-10T16:07:44","guid":{"rendered":"https:\/\/www.praha7.cz\/?p=21925"},"modified":"2018-12-10T17:09:50","modified_gmt":"2018-12-10T16:09:50","slug":"vanocni-dny-otevrenych-dveri-v-utulku-pro-opustena-zvirata-v-troji","status":"publish","type":"post","link":"https:\/\/www.praha7.cz\/vanocni-dny-otevrenych-dveri-v-utulku-pro-opustena-zvirata-v-troji\/","title":{"rendered":"V\u00e1no\u010dn\u00ed dny otev\u0159en\u00fdch dve\u0159\u00ed v&nbsp;\u00datulku pro opu\u0161t\u011bn\u00e1 zv\u00ed\u0159ata v&nbsp;Troji"},"content":{"rendered":"<p>[perex]<br \/>\r\n M\u011bstsk\u00e1 policie hl. m. Prahy V\u00e1s srde\u010dn\u011b zve na V\u00e1no\u010dn\u00ed dny otev\u0159en\u00fdch dve\u0159\u00ed v\u00a0\u00datulku pro opu\u0161t\u011bn\u00e1 zv\u00ed\u0159ata v\u00a0Troji (V&nbsp;Z\u00e1mc\u00edch 56). 23.&nbsp;a&nbsp;24.&nbsp;12.&nbsp;bude pro milovn\u00edky n\u011bm\u00fdch tv\u00e1\u0159\u00ed p\u0159ipravena prohl\u00eddka \u00fatulku a&nbsp;zookoutku a&nbsp;sezn\u00e1men\u00ed s\u00a0jeho sou\u010dasn\u00fdmi obyvateli. P\u0159\u00edmo na \u0160t\u011bdr\u00fd den zde bude od 10 hodin prob\u00edhat tak\u00e9 doprovodn\u00fd program. T\u011b\u0161it se m\u016f\u017eete na koledy v\u00a0pod\u00e1n\u00ed Bandu M\u011bstsk\u00e9 policie Praha \u010di uk\u00e1zky v\u00fdcviku slu\u017eebn\u00edch ps\u016f. A&nbsp;t\u0159eba si zde vyhl\u00e9dnete i&nbsp;nov\u00e9ho \u010dlena dom\u00e1cnosti. \u00a0<br \/>\r\n [\/perex]<\/p>\r\n<p><strong>Program 24.&nbsp;12.&nbsp;od 10:00<\/strong><\/p>\r\n<p>slavnostn\u00ed zah\u00e1jen\u00ed \u0159editelem MP Praha Eduardem \u0160usterem<\/p>\r\n<p>koledy na p\u0159iv\u00edtanou zahraje Band MP Praha<\/p>\r\n<p>uk\u00e1zka v\u00fdcviku slu\u017eebn\u00edch ps\u016f<\/p>\r\n<p>prohl\u00eddka \u00fatulku a&nbsp;zookoutku<\/p>","protected":false},"excerpt":{"rendered":"[perex] M\u011bstsk\u00e1 policie hl. m. Prahy V\u00e1s srde\u010dn\u011b zve na V\u00e1no\u010dn\u00ed dny otev\u0159en\u00fdch dve\u0159\u00ed v\u00a0\u00datulku pro opu\u0161t\u011bn\u00e1 zv\u00ed\u0159ata v\u00a0Troji (V&nbsp;Z\u00e1mc\u00edch 56). 23.&nbsp;a&nbsp;24.&nbsp;12.&nbsp;bude pro milovn\u00edky n\u011bm\u00fdch tv\u00e1\u0159\u00ed p\u0159ipravena prohl\u00eddka \u00fatulku a&nbsp;zookoutku a&nbsp;sezn\u00e1men\u00ed s\u00a0jeho sou\u010dasn\u00fdmi obyvateli. P\u0159\u00edmo na \u0160t\u011bdr\u00fd den zde bude od 10 hodin prob\u00edhat tak\u00e9 doprovodn\u00fd program. T\u011b\u0161it se m\u016f\u017eete na koledy v\u00a0pod\u00e1n\u00ed Bandu M\u011bstsk\u00e9 [&hellip;]","protected":false},"author":5,"featured_media":21926,"comment_status":"closed","ping_status":"open","sticky":false,"template":"","format":"standard","meta":[],"categories":[34],"tags":[],"_links":{"self":[{"href":"https:\/\/www.praha7.cz\/api\/wp\/v2\/posts\/21925"}],"collection":[{"href":"https:\/\/www.praha7.cz\/api\/wp\/v2\/posts"}],"about":[{"href":"https:\/\/www.praha7.cz\/api\/wp\/v2\/types\/post"}],"author":[{"embeddable":true,"href":"https:\/\/www.praha7.cz\/api\/wp\/v2\/users\/5"}],"replies":[{"embeddable":true,"href":"https:\/\/www.praha7.cz\/api\/wp\/v2\/comments?post=21925"}],"version-history":[{"count":4,"href":"https:\/\/www.praha7.cz\/api\/wp\/v2\/posts\/21925\/revisions"}],"predecessor-version":[{"id":21930,"href":"https:\/\/www.praha7.cz\/api\/wp\/v2\/posts\/21925\/revisions\/21930"}],"wp:featuredmedia":[{"embeddable":true,"href":"https:\/\/www.praha7.cz\/api\/wp\/v2\/media\/21926"}],"wp:attachment":[{"href":"https:\/\/www.praha7.cz\/api\/wp\/v2\/media?parent=21925"}],"wp:term":[{"taxonomy":"category","embeddable":true,"href":"https:\/\/www.praha7.cz\/api\/wp\/v2\/categories?post=21925"},{"taxonomy":"post_tag","embeddable":true,"href":"https:\/\/www.praha7.cz\/api\/wp\/v2\/tags?post=21925"}],"curies":[{"name":"wp","href":"https:\/\/api.w.org\/{rel}","templated":true}]}}