    
{"id":21888,"date":"2018-12-07T14:07:18","date_gmt":"2018-12-07T13:07:18","guid":{"rendered":"https:\/\/www.praha7.cz\/?p=21888"},"modified":"2018-12-07T14:07:18","modified_gmt":"2018-12-07T13:07:18","slug":"vanocni-koncert-prahy-7","status":"publish","type":"post","link":"https:\/\/www.praha7.cz\/vanocni-koncert-prahy-7\/","title":{"rendered":"V\u00e1no\u010dn\u00ed koncert Prahy&nbsp;7"},"content":{"rendered":"<p>[perex]<br \/>\r\nZveme v\u00e1s na p\u0159\u00edjemn\u00e9 p\u0159edv\u00e1no\u010dn\u00ed zastaven\u00ed v\u00a0kostele sv. Anton\u00edna na Strossmayerov\u011b n\u00e1m\u011bst\u00ed. P\u0159ipravili jsme pro v\u00e1s tradi\u010dn\u00ed koncert, na kter\u00e9m zazn\u00ed \u010cesk\u00e1 m\u0161e v\u00e1no\u010dn\u00ed Jakuba Jana Ryby a&nbsp;dal\u0161\u00ed sv\u00e1te\u010dn\u00ed skladby. \u00a0Koncert se uskute\u010dn\u00ed ve \u010dtvrtek 20.&nbsp;12.&nbsp;od 19:30 hodin. Vstup voln\u00fd.<br \/>\r\n [\/perex]<\/p>\r\n<p>&nbsp;<\/p>\r\n<p>Program:<\/p>\r\n<p>&nbsp;<\/p>\r\n<p><strong>Antonio Vivaldi: Gloria in D<\/strong><\/p>\r\n<p><strong>Jakub Jan Ryba: \u010cesk\u00e1 m\u0161e v\u00e1no\u010dn\u00ed<\/strong><\/p>\r\n<p><strong>Narodil se Kristus P\u00e1n<\/strong><\/p>\r\n<p>&nbsp;<\/p>\r\n<p>Sopr\u00e1n: Ivana Luk\u00e1\u0161ov\u00e1<\/p>\r\n<p>Alt: Monika Machovi\u010dov\u00e1<\/p>\r\n<p>Tenor: \u010cen\u011bk Svoboda<\/p>\r\n<p>Bas: Jarom\u00edr Nosek<\/p>\r\n<p>&nbsp;<\/p>\r\n<p>sm\u00ed\u0161en\u00fd p\u011bveck\u00fd sbor Gaudium Praha<\/p>\r\n<p>sbormist\u0159i: Vladislav a&nbsp;Zdena Sou\u010dkovi<\/p>\r\n<p>&nbsp;<\/p>\r\n<p>Piccolo coro &amp; Piccola orchestra<\/p>\r\n<p>dirigent: Marek Val\u00e1\u0161ek<\/p>\r\n<p>&nbsp;<\/p>\r\n<p>V\u00e1no\u010dn\u00ed koncert po\u0159\u00e1d\u00e1 M\u011bstsk\u00e1 \u010d\u00e1st Praha&nbsp;7 ve spolupr\u00e1ci s&nbsp;\u0158\u00edmskokatolickou farnost\u00ed p\u0159i kostele sv. Anton\u00edna.<\/p>","protected":false},"excerpt":{"rendered":"[perex] Zveme v\u00e1s na p\u0159\u00edjemn\u00e9 p\u0159edv\u00e1no\u010dn\u00ed zastaven\u00ed v\u00a0kostele sv. Anton\u00edna na Strossmayerov\u011b n\u00e1m\u011bst\u00ed. P\u0159ipravili jsme pro v\u00e1s tradi\u010dn\u00ed koncert, na kter\u00e9m zazn\u00ed \u010cesk\u00e1 m\u0161e v\u00e1no\u010dn\u00ed Jakuba Jana Ryby a&nbsp;dal\u0161\u00ed sv\u00e1te\u010dn\u00ed skladby. \u00a0Koncert se uskute\u010dn\u00ed ve \u010dtvrtek 20.&nbsp;12.&nbsp;od 19:30 hodin. Vstup voln\u00fd. [\/perex] &nbsp; Program: &nbsp; Antonio Vivaldi: Gloria in D Jakub Jan Ryba: \u010cesk\u00e1 m\u0161e [&hellip;]","protected":false},"author":5,"featured_media":21889,"comment_status":"closed","ping_status":"open","sticky":false,"template":"","format":"standard","meta":[],"categories":[34],"tags":[],"_links":{"self":[{"href":"https:\/\/www.praha7.cz\/api\/wp\/v2\/posts\/21888"}],"collection":[{"href":"https:\/\/www.praha7.cz\/api\/wp\/v2\/posts"}],"about":[{"href":"https:\/\/www.praha7.cz\/api\/wp\/v2\/types\/post"}],"author":[{"embeddable":true,"href":"https:\/\/www.praha7.cz\/api\/wp\/v2\/users\/5"}],"replies":[{"embeddable":true,"href":"https:\/\/www.praha7.cz\/api\/wp\/v2\/comments?post=21888"}],"version-history":[{"count":2,"href":"https:\/\/www.praha7.cz\/api\/wp\/v2\/posts\/21888\/revisions"}],"predecessor-version":[{"id":21891,"href":"https:\/\/www.praha7.cz\/api\/wp\/v2\/posts\/21888\/revisions\/21891"}],"wp:featuredmedia":[{"embeddable":true,"href":"https:\/\/www.praha7.cz\/api\/wp\/v2\/media\/21889"}],"wp:attachment":[{"href":"https:\/\/www.praha7.cz\/api\/wp\/v2\/media?parent=21888"}],"wp:term":[{"taxonomy":"category","embeddable":true,"href":"https:\/\/www.praha7.cz\/api\/wp\/v2\/categories?post=21888"},{"taxonomy":"post_tag","embeddable":true,"href":"https:\/\/www.praha7.cz\/api\/wp\/v2\/tags?post=21888"}],"curies":[{"name":"wp","href":"https:\/\/api.w.org\/{rel}","templated":true}]}}