    
{"id":21882,"date":"2019-09-18T10:37:48","date_gmt":"2019-09-18T08:37:48","guid":{"rendered":"https:\/\/www.praha7.cz\/?p=21882"},"modified":"2019-09-23T17:59:36","modified_gmt":"2019-09-23T15:59:36","slug":"josef-bican-ve-fotografiich","status":"publish","type":"post","link":"https:\/\/www.praha7.cz\/josef-bican-ve-fotografiich\/","title":{"rendered":"Josef Bican ve fotografi\u00edch"},"content":{"rendered":"<p>[perex]<br \/>\r\nM\u011bstsk\u00e1 \u010d\u00e1st Praha&nbsp;7 V\u00e1s zve na v\u00fdstavu fotografi\u00ed a&nbsp;upom\u00ednkov\u00fdch p\u0159edm\u011bt\u016f spojen\u00fdch s&nbsp;kari\u00e9rou legend\u00e1rn\u00edho fotbalisty Josefa Bicana (1913-2001). V\u00fdstava je k\u00a0vid\u011bn\u00ed v\u00a0Galerii na \u00fa\u0159ad\u011b (2.&nbsp;patro \u00da\u0159adu M\u010c Praha&nbsp;7, n\u00e1b\u0159. Kpt. Jaro\u0161e 1000) do 1.&nbsp;listopadu 2019.\u00a0Vernis\u00e1\u017e v\u00fdstavy prob\u011bhne ve st\u0159edu 25.&nbsp;z\u00e1\u0159\u00ed od 17:30.<br \/>\r\n[\/perex]<\/p>\r\n<p>Vystaven\u00e9 fotografie mapuj\u00ed unik\u00e1tn\u00ed kari\u00e9ru i&nbsp;soukrom\u00fd \u017eivot fotbalisty, kter\u00fd pro\u017eil nejv\u011bt\u0161\u00ed \u010d\u00e1st kari\u00e9ry ve Slavii Praha, kter\u00e1 tehdy s\u00eddlila na Letensk\u00e9 pl\u00e1ni. Bican nav\u00edc spojil s&nbsp;Prahou 7 i&nbsp;sv\u016fj soukrom\u00fd \u017eivot, des\u00edtky let a\u017e do sv\u00e9 smrti \u017eil s&nbsp;rodinou v&nbsp;Hole\u0161ovic\u00edch.<\/p>\r\n<p>Fotografie i&nbsp;p\u0159edm\u011bty v\u011bnoval M\u010c Praha&nbsp;7 syn Ivan Bican.\u00a0<\/p>\r\n<p>Vstup voln\u00fd.<\/p>","protected":false},"excerpt":{"rendered":"[perex] M\u011bstsk\u00e1 \u010d\u00e1st Praha&nbsp;7 V\u00e1s zve na v\u00fdstavu fotografi\u00ed a&nbsp;upom\u00ednkov\u00fdch p\u0159edm\u011bt\u016f spojen\u00fdch s&nbsp;kari\u00e9rou legend\u00e1rn\u00edho fotbalisty Josefa Bicana (1913-2001). V\u00fdstava je k\u00a0vid\u011bn\u00ed v\u00a0Galerii na \u00fa\u0159ad\u011b (2.&nbsp;patro \u00da\u0159adu M\u010c Praha&nbsp;7, n\u00e1b\u0159. Kpt. Jaro\u0161e 1000) do 1.&nbsp;listopadu 2019.\u00a0Vernis\u00e1\u017e v\u00fdstavy prob\u011bhne ve st\u0159edu 25.&nbsp;z\u00e1\u0159\u00ed od 17:30. [\/perex] Vystaven\u00e9 fotografie mapuj\u00ed unik\u00e1tn\u00ed kari\u00e9ru i&nbsp;soukrom\u00fd \u017eivot fotbalisty, kter\u00fd pro\u017eil nejv\u011bt\u0161\u00ed \u010d\u00e1st [&hellip;]","protected":false},"author":5,"featured_media":21883,"comment_status":"closed","ping_status":"open","sticky":false,"template":"","format":"standard","meta":[],"categories":[34],"tags":[],"_links":{"self":[{"href":"https:\/\/www.praha7.cz\/api\/wp\/v2\/posts\/21882"}],"collection":[{"href":"https:\/\/www.praha7.cz\/api\/wp\/v2\/posts"}],"about":[{"href":"https:\/\/www.praha7.cz\/api\/wp\/v2\/types\/post"}],"author":[{"embeddable":true,"href":"https:\/\/www.praha7.cz\/api\/wp\/v2\/users\/5"}],"replies":[{"embeddable":true,"href":"https:\/\/www.praha7.cz\/api\/wp\/v2\/comments?post=21882"}],"version-history":[{"count":5,"href":"https:\/\/www.praha7.cz\/api\/wp\/v2\/posts\/21882\/revisions"}],"predecessor-version":[{"id":29866,"href":"https:\/\/www.praha7.cz\/api\/wp\/v2\/posts\/21882\/revisions\/29866"}],"wp:featuredmedia":[{"embeddable":true,"href":"https:\/\/www.praha7.cz\/api\/wp\/v2\/media\/21883"}],"wp:attachment":[{"href":"https:\/\/www.praha7.cz\/api\/wp\/v2\/media?parent=21882"}],"wp:term":[{"taxonomy":"category","embeddable":true,"href":"https:\/\/www.praha7.cz\/api\/wp\/v2\/categories?post=21882"},{"taxonomy":"post_tag","embeddable":true,"href":"https:\/\/www.praha7.cz\/api\/wp\/v2\/tags?post=21882"}],"curies":[{"name":"wp","href":"https:\/\/api.w.org\/{rel}","templated":true}]}}