    
{"id":21850,"date":"2018-12-06T11:14:36","date_gmt":"2018-12-06T10:14:36","guid":{"rendered":"https:\/\/www.praha7.cz\/?p=21850"},"modified":"2018-12-06T11:15:07","modified_gmt":"2018-12-06T10:15:07","slug":"galerie-v-podstavci-byvaleho-stalinova-pomniku-v-praze-nebude","status":"publish","type":"post","link":"https:\/\/www.praha7.cz\/galerie-v-podstavci-byvaleho-stalinova-pomniku-v-praze-nebude\/","title":{"rendered":"Galerie v&nbsp;podstavci b\u00fdval\u00e9ho Stalinova pomn\u00edku v&nbsp;Praze nebude"},"content":{"rendered":"<p>[perex]<br \/>\r\n V\u00a0podstavci b\u00fdval\u00e9ho Stalinova pomn\u00edku na Letn\u00e9 galerie nebude. Praha odstoupila od podpisu memoranda s\u00a0N\u00e1rodn\u00ed galeri\u00ed na jej\u00ed vznik. \u010cTK to \u0159ekla radn\u00ed Hana T\u0159e\u0161t\u00edkov\u00e1 (Praha Sob\u011b). Prostor z\u016fstane voln\u011b p\u0159\u00edstupn\u00fd, podstavec bude opraven a&nbsp;budou se v\u00a0n\u011bm konat jen do\u010dasn\u00e9 akce. NG podle \u0159editele Ji\u0159\u00edho Fajta rozhodnut\u00ed m\u011bsta nep\u0159ekvapilo. Galerie je nad\u00e1le p\u0159ipravena m\u011bstu s\u00a0kulturn\u00edmi akcemi pomoci.<br \/>\r\n [\/perex]<\/p>\r\n<p>Memorandum schv\u00e1lili b\u00fdval\u00ed radn\u00ed pod veden\u00edm tehdej\u0161\u00ed prim\u00e1torky Adriany Krn\u00e1\u010dov\u00e9 (ANO). Ta cht\u011bla nechat ud\u011blat za 50 milion\u016f K\u010d studii na vyu\u017eit\u00ed podstavce a&nbsp;n\u00e1sledn\u011b vybudovat galerii. Proti se tehdy postavily Praha&nbsp;7 a&nbsp;\u010cesk\u00e1 komora architekt\u016f (\u010cKA).<br \/>\r\n <br \/>\r\n <em>&#8222;Zru\u0161ili jsme rozhodnut\u00ed b\u00fdval\u00e9ho veden\u00ed Prahy a&nbsp;upustili od memoranda na z\u00e1klad\u011b koali\u010dn\u00edho programov\u00e9ho prohl\u00e1\u0161en\u00ed. V\u0161echny t\u0159i strany (Pir\u00e1ti, Praha Sob\u011b a&nbsp;Spojen\u00e9 s\u00edly pro Prahu) se usnesly, \u017ee tam nechceme \u017e\u00e1dnou st\u00e1lou stavbu. Nejedn\u00e1 se o\u00a0budovu, st\u00e1le je to jen podstavec,&#8220;<\/em>\u00a0\u0159ekla T\u0159e\u0161t\u00edkov\u00e1.<br \/>\r\n <br \/>\r\n Prostor, kde se sch\u00e1z\u00ed nap\u0159\u00edklad skateboardist\u00e9 nebo se sem vyd\u00e1vaj\u00ed Pra\u017ean\u00e9 i\u00a0cizinci na proch\u00e1zky, mus\u00ed podle n\u00ed z\u016fstat voln\u011b p\u0159\u00edstupn\u00fd.\u00a0&#8222;Zam\u011b\u0159\u00edme se na to, aby byl podstavec opraven, aby to nespadlo. Uvnit\u0159 se pak budou odehr\u00e1vat pouze do\u010dasn\u00e9 instalace,&#8220;\u00a0\u0159ekla T\u0159e\u0161t\u00edkov\u00e1. Pokud by v\u00a0podstavci vznikla zam\u00fd\u0161len\u00e1 galerie, zm\u011bnilo by to nav\u00edc v\u00fdznamn\u011b charakter parku na Letn\u00e9, co\u017e podle radn\u00ed koali\u010dn\u00ed strany necht\u011bj\u00ed.<br \/>\r\n <br \/>\r\n <em>&#8222;S&nbsp;nov\u00fdm veden\u00edm Prahy jsme se o\u00a0tom bavili. V\u016fbec netrv\u00e1m na tom, \u017ee tam bude NG. My jsme pod\u00e1vali pomocnou ruku k\u00a0tomu, aby v\u00a0t\u00e9 \u010d\u00e1sti byl adekv\u00e1tn\u00ed kulturn\u00ed program a&nbsp;budeme samoz\u0159ejm\u011b podporovat jakoukoliv aktivitu, a\u0165 u\u017e bude s\u00a0k\u00fdmkoliv, se kterou p\u0159ijde nov\u00e9 veden\u00ed Prahy. Pro NG to nen\u00ed v\u016fbec \u017e\u00e1dn\u00fd probl\u00e9m,&#8220;\u00a0<\/em>\u0159ekl \u010cTK gener\u00e1ln\u00ed \u0159editel NG Ji\u0159\u00ed Fajt.<br \/>\r\n <br \/>\r\n Krn\u00e1\u010dov\u00e1 sv\u016fj postup zd\u016fvod\u0148ovala havarijn\u00edm stavem pomn\u00edku. Letos v\u00a0srpnu se tu nap\u0159\u00edklad propadla do \u0161achty d\u00edvka. V\u00a0podzem\u00ed m\u011blo vzniknout kulturn\u011b-vzd\u011bl\u00e1vac\u00ed centrum rozd\u011blen\u00e9 do \u010dty\u0159 \u010d\u00e1st\u00ed. V\u00a0jedn\u00e9 z\u00a0nich m\u011bl b\u00fdt hlavn\u00ed v\u00fdstavn\u00ed s\u00e1l, pak prostor pro prezentaci historie m\u00edsta v\u010detn\u011b nerealizovan\u00fdch n\u00e1vrh\u016f \u00fapravy hrany Letn\u00e9, dal\u0161\u00ed s\u00e1l m\u011bl p\u0159edstavit komunistick\u00fd totalitn\u00ed re\u017eim. Posledn\u00ed by slou\u017eil street art komunit\u011b.<br \/>\r\n <br \/>\r\n Z\u00e1m\u011br magistr\u00e1tu kritizovalo letos v\u00a0z\u00e1\u0159\u00ed veden\u00ed Prahy&nbsp;7, kdy starosta Jan \u010ci\u017einsk\u00fd (Praha Sob\u011b) postup tehdej\u0161\u00edho veden\u00ed m\u011bsta ozna\u010dil za snahu postavit prim\u00e1torce pomn\u00edk. Tak\u00e9 podle \u010cKA byl postup Prahy nevhodn\u00fd.<br \/>\r\n <br \/>\r\n Jeden z\u00a0nejbizarn\u011bj\u0161\u00edch evropsk\u00fdch komunistick\u00fdch monument\u016f byl po \u0161estilet\u00e9 v\u00fdstavb\u011b odhalen v\u00a0roce 1955, kdy se \u00e9ra uct\u00edv\u00e1n\u00ed sov\u011btsk\u00e9ho v\u016fdce, kter\u00fd zem\u0159el v\u00a0roce 1953, bl\u00ed\u017eila ke konci. V\u00a0\u00fanoru 1956 Stalin\u016fv n\u00e1stupce Nikita Chru\u0161\u010dov na 20.&nbsp;sjezdu Komunistick\u00e9 strany Sov\u011btsk\u00e9ho svazu odsoudil kult Stalinovy osobnosti. I\u00a0p\u0159esto pra\u017e\u0161t\u00ed komunist\u00e9 o\u00a0odstran\u011bn\u00ed 22 metr\u016f vysok\u00e9ho pomn\u00edku rozhodli a\u017e za\u010d\u00e1tkem 60.&nbsp;let.<br \/>\r\n <br \/>\r\n Po\u010d\u00e1tkem 90.&nbsp;let se v\u00a0prostor\u00e1ch uvnit\u0159 podstavce konaly kulturn\u00ed akce. Nejv\u011bt\u0161\u00ed byla v\u00fdstava Totalitn\u00ed z\u00f3na, b\u011bhem n\u00ed\u017e za\u010dalo z\u00a0\u00fatrob pomn\u00edku zprvu pir\u00e1tsky vys\u00edlat Radio 1, tehdy jako Radio Stalin.<\/p>\r\n<p>&nbsp;<\/p>\r\n<p><em>Zdroj: \u010cTK<\/em><\/p>","protected":false},"excerpt":{"rendered":"[perex] V\u00a0podstavci b\u00fdval\u00e9ho Stalinova pomn\u00edku na Letn\u00e9 galerie nebude. Praha odstoupila od podpisu memoranda s\u00a0N\u00e1rodn\u00ed galeri\u00ed na jej\u00ed vznik. \u010cTK to \u0159ekla radn\u00ed Hana T\u0159e\u0161t\u00edkov\u00e1 (Praha Sob\u011b). Prostor z\u016fstane voln\u011b p\u0159\u00edstupn\u00fd, podstavec bude opraven a&nbsp;budou se v\u00a0n\u011bm konat jen do\u010dasn\u00e9 akce. NG podle \u0159editele Ji\u0159\u00edho Fajta rozhodnut\u00ed m\u011bsta nep\u0159ekvapilo. Galerie je nad\u00e1le p\u0159ipravena m\u011bstu s\u00a0kulturn\u00edmi [&hellip;]","protected":false},"author":5,"featured_media":21851,"comment_status":"closed","ping_status":"open","sticky":false,"template":"","format":"standard","meta":[],"categories":[34],"tags":[],"_links":{"self":[{"href":"https:\/\/www.praha7.cz\/api\/wp\/v2\/posts\/21850"}],"collection":[{"href":"https:\/\/www.praha7.cz\/api\/wp\/v2\/posts"}],"about":[{"href":"https:\/\/www.praha7.cz\/api\/wp\/v2\/types\/post"}],"author":[{"embeddable":true,"href":"https:\/\/www.praha7.cz\/api\/wp\/v2\/users\/5"}],"replies":[{"embeddable":true,"href":"https:\/\/www.praha7.cz\/api\/wp\/v2\/comments?post=21850"}],"version-history":[{"count":2,"href":"https:\/\/www.praha7.cz\/api\/wp\/v2\/posts\/21850\/revisions"}],"predecessor-version":[{"id":21853,"href":"https:\/\/www.praha7.cz\/api\/wp\/v2\/posts\/21850\/revisions\/21853"}],"wp:featuredmedia":[{"embeddable":true,"href":"https:\/\/www.praha7.cz\/api\/wp\/v2\/media\/21851"}],"wp:attachment":[{"href":"https:\/\/www.praha7.cz\/api\/wp\/v2\/media?parent=21850"}],"wp:term":[{"taxonomy":"category","embeddable":true,"href":"https:\/\/www.praha7.cz\/api\/wp\/v2\/categories?post=21850"},{"taxonomy":"post_tag","embeddable":true,"href":"https:\/\/www.praha7.cz\/api\/wp\/v2\/tags?post=21850"}],"curies":[{"name":"wp","href":"https:\/\/api.w.org\/{rel}","templated":true}]}}