    
{"id":21833,"date":"2018-12-05T12:09:21","date_gmt":"2018-12-05T11:09:21","guid":{"rendered":"https:\/\/www.praha7.cz\/?p=21833"},"modified":"2018-12-05T12:09:21","modified_gmt":"2018-12-05T11:09:21","slug":"tsk-kontroluje-vysku-vozidel-u-podjezdu-strojnicka-dukelskych-hrdinu","status":"publish","type":"post","link":"https:\/\/www.praha7.cz\/tsk-kontroluje-vysku-vozidel-u-podjezdu-strojnicka-dukelskych-hrdinu\/","title":{"rendered":"TSK kontroluje v\u00fd\u0161ku vozidel u&nbsp;podjezdu Strojnick\u00e1 \u2013 Dukelsk\u00fdch hrdin\u016f"},"content":{"rendered":"<p>[perex]<br \/>\r\n\u010cast\u00e9 kolize n\u00e1kladn\u00edch automobil\u016f s\u00a0mostn\u00ed konstrukc\u00ed a&nbsp;tramvajov\u00fdmi trolejemi v&nbsp;ulici Dukelsk\u00fdch hrdin\u016f p\u0159ed k\u0159i\u017eovatkou s\u00a0ulic\u00ed Strojnick\u00e1 v&nbsp;Praze 7 zp\u016fsobuj\u00ed zna\u010dn\u00e9 probl\u00e9my. Technick\u00e1 spr\u00e1va komunikac\u00ed proto p\u0159ipravila pilotn\u00ed projekt, d\u00edky kter\u00e9mu bylo v\u00a0dan\u00e9m \u00faseku instalov\u00e1no speci\u00e1ln\u00ed za\u0159\u00edzen\u00ed kontroluj\u00edc\u00ed v\u00fd\u0161ku vozidel.<br \/>\r\n [\/perex]<\/p>\r\n<p>Jedn\u00e1 se o&nbsp;detektor, kter\u00fd spolehliv\u011b m\u011b\u0159\u00ed povolenou v\u00fd\u0161ku vozidel a&nbsp;v\u00a0p\u0159\u00edpad\u011b jej\u00edho p\u0159ekro\u010den\u00ed je \u0159idi\u010d upozorn\u011bn blikaj\u00edc\u00edmi v\u00fdstra\u017en\u00fdmi \u017elut\u00fdmi sv\u011btly a&nbsp;informa\u010dn\u00ed tabul\u00ed. Prim\u00e1rn\u00edm \u00fa\u010delem tohoto opat\u0159en\u00ed je zamezen\u00ed kolize n\u00e1kladn\u00edch vozidel s\u00a0pevn\u00fdmi \u010d\u00e1stmi dopravn\u00ed infrastruktury. Instalovan\u00e1 za\u0159\u00edzen\u00ed rovn\u011b\u017e zamez\u00ed strh\u00e1v\u00e1n\u00ed tramvajov\u00fdch trolej\u00ed pod mostn\u00ed konstrukc\u00ed.<\/p>\r\n<p>\u201eD\u016fvodem instalace t\u011bchto za\u0159\u00edzen\u00ed byla snaha o&nbsp;zabr\u00e1n\u011bn\u00ed dal\u0161\u00edm nehod\u00e1m, kter\u00e9 v\u00a0tomto \u00faseku vznikaj\u00ed kv\u016fli nepozornosti \u0159idi\u010d\u016f n\u00e1kladn\u00edch automobil\u016f. \u010casto zde doch\u00e1z\u00ed ke koliz\u00edm s\u00a0mostn\u00ed konstrukc\u00ed, kterou to po\u0161kozuje, i&nbsp;ke str\u017een\u00ed tramvajov\u00fdch trolej\u00ed, \u010d\u00edm\u017e je \u010dasto ochromena tramvajov\u00e1 doprava v\u00a0tomto \u00faseku i&nbsp;na n\u011bkolik hodin,\u201c \u0159\u00edk\u00e1 Barbora Li\u0161kov\u00e1, mluv\u010d\u00ed TSK.<\/p>\r\n<p>V\u00a0p\u0159\u00edpad\u011b, \u017ee vozidlo vjede k\u00a0m\u011b\u0159en\u00e9mu \u00faseku a&nbsp;jeho v\u00fd\u0161ka p\u0159ekra\u010duje 3,2 metru, rozsv\u00edt\u00ed se na zna\u010dce dva \u017elut\u00e9 blika\u010de a&nbsp;na spodn\u00edm grafick\u00e9m panelu se zobraz\u00ed SPZ vozidla s&nbsp;pokyny pro \u0159idi\u010de, kter\u00e9mu je t\u00edm d\u00e1na mo\u017enost odbo\u010dit do ulice Strojnick\u00e1 tak, aby nedo\u0161lo k\u00a0po\u0161kozen\u00ed trolejov\u00e9ho veden\u00ed. \u201eOd instalace kamerov\u00e9ho detektoru v\u00fd\u0161ky ji\u017e m\u00e1me pozitivn\u00ed v\u00fdsledky, pr\u016fjezd vozidel p\u0159ekra\u010duj\u00edc\u00edch povolenou v\u00fd\u0161ku v\u00a0tomto \u00faseku se sni\u017euje. Naprost\u00e1 v\u011bt\u0161ina t\u011bchto \u0159idi\u010d\u016f (p\u0159es 90&nbsp;%) uposlechne v\u00fdzvu k\u00a0odbo\u010den\u00ed do ulice Strojnick\u00e1,\u201c dopl\u0148uje Barbora Li\u0161kov\u00e1 z&nbsp;TSK a&nbsp;dod\u00e1v\u00e1: \u201eDo budoucna bychom proto r\u00e1di tato v\u00fdstra\u017en\u00e1 za\u0159\u00edzen\u00ed naistalovali i&nbsp;p\u0159ed dal\u0161\u00ed probl\u00e9mov\u00e9 podjezdy v\u00a0Praze.\u201c<\/p>\r\n<p>Dal\u0161\u00edm krokem rozvoje projektu bude zprovozn\u011bn\u00ed zas\u00edl\u00e1n\u00ed podez\u0159en\u00ed ze sp\u00e1ch\u00e1n\u00ed p\u0159estupk\u016f na Policii \u010cR do syst\u00e9mu P\u0159estupky, kde prob\u011bhne validace dokumentu. Po kontrole technick\u00fdch dat s&nbsp;nam\u011b\u0159enou hodnotou bude rozhodnuto, zda se jedn\u00e1 o&nbsp;p\u0159estupek \u010di nikoli. Pokud se bude jednat o&nbsp;p\u0159estupek, budou dopln\u011bny informace o&nbsp;provozovateli vozidla a&nbsp;dokument p\u0159estupku bude ozn\u00e1men na MHMP k\u00a0dal\u0161\u00edmu \u0159e\u0161en\u00ed.<\/p>","protected":false},"excerpt":{"rendered":"[perex] \u010cast\u00e9 kolize n\u00e1kladn\u00edch automobil\u016f s\u00a0mostn\u00ed konstrukc\u00ed a&nbsp;tramvajov\u00fdmi trolejemi v&nbsp;ulici Dukelsk\u00fdch hrdin\u016f p\u0159ed k\u0159i\u017eovatkou s\u00a0ulic\u00ed Strojnick\u00e1 v&nbsp;Praze 7 zp\u016fsobuj\u00ed zna\u010dn\u00e9 probl\u00e9my. Technick\u00e1 spr\u00e1va komunikac\u00ed proto p\u0159ipravila pilotn\u00ed projekt, d\u00edky kter\u00e9mu bylo v\u00a0dan\u00e9m \u00faseku instalov\u00e1no speci\u00e1ln\u00ed za\u0159\u00edzen\u00ed kontroluj\u00edc\u00ed v\u00fd\u0161ku vozidel. [\/perex] Jedn\u00e1 se o&nbsp;detektor, kter\u00fd spolehliv\u011b m\u011b\u0159\u00ed povolenou v\u00fd\u0161ku vozidel a&nbsp;v\u00a0p\u0159\u00edpad\u011b jej\u00edho p\u0159ekro\u010den\u00ed je \u0159idi\u010d upozorn\u011bn [&hellip;]","protected":false},"author":5,"featured_media":21834,"comment_status":"closed","ping_status":"open","sticky":false,"template":"","format":"standard","meta":[],"categories":[34],"tags":[],"_links":{"self":[{"href":"https:\/\/www.praha7.cz\/api\/wp\/v2\/posts\/21833"}],"collection":[{"href":"https:\/\/www.praha7.cz\/api\/wp\/v2\/posts"}],"about":[{"href":"https:\/\/www.praha7.cz\/api\/wp\/v2\/types\/post"}],"author":[{"embeddable":true,"href":"https:\/\/www.praha7.cz\/api\/wp\/v2\/users\/5"}],"replies":[{"embeddable":true,"href":"https:\/\/www.praha7.cz\/api\/wp\/v2\/comments?post=21833"}],"version-history":[{"count":1,"href":"https:\/\/www.praha7.cz\/api\/wp\/v2\/posts\/21833\/revisions"}],"predecessor-version":[{"id":21835,"href":"https:\/\/www.praha7.cz\/api\/wp\/v2\/posts\/21833\/revisions\/21835"}],"wp:featuredmedia":[{"embeddable":true,"href":"https:\/\/www.praha7.cz\/api\/wp\/v2\/media\/21834"}],"wp:attachment":[{"href":"https:\/\/www.praha7.cz\/api\/wp\/v2\/media?parent=21833"}],"wp:term":[{"taxonomy":"category","embeddable":true,"href":"https:\/\/www.praha7.cz\/api\/wp\/v2\/categories?post=21833"},{"taxonomy":"post_tag","embeddable":true,"href":"https:\/\/www.praha7.cz\/api\/wp\/v2\/tags?post=21833"}],"curies":[{"name":"wp","href":"https:\/\/api.w.org\/{rel}","templated":true}]}}