    
{"id":21827,"date":"2018-12-05T11:35:19","date_gmt":"2018-12-05T10:35:19","guid":{"rendered":"https:\/\/www.praha7.cz\/?p=21827"},"modified":"2019-01-02T16:02:26","modified_gmt":"2019-01-02T15:02:26","slug":"oteviraci-hodiny-uradu-a-infocenter-uradu-behem-svatku","status":"publish","type":"post","link":"https:\/\/www.praha7.cz\/oteviraci-hodiny-uradu-a-infocenter-uradu-behem-svatku\/","title":{"rendered":"Otev\u00edrac\u00ed hodiny \u00fa\u0159adu a&nbsp;infocenter Prahy&nbsp;7 b\u011bhem sv\u00e1tk\u016f"},"content":{"rendered":"<p>[perex]<br \/>\r\n Upozor\u0148ujeme ob\u010dany na zm\u011bnu otev\u00edrac\u00edch hodin \u00fa\u0159adu b\u011bhem v\u00e1no\u010dn\u00edch sv\u00e1tk\u016f. Ve \u010dtvrtek 27.&nbsp;12.&nbsp;budou \u00fa\u0159ad i&nbsp;infocentra otev\u0159eny ve standardn\u00ed dob\u011b, v\u00a0p\u00e1tek 28.&nbsp;12.&nbsp;pak o&nbsp;hodinu d\u00e9le do 15 hodin. V\u00a0pond\u011bl\u00ed 31.&nbsp;12.&nbsp;budou \u00fa\u0159ad i&nbsp;infocentra zcela zav\u0159eny. D\u011bkujeme za pochopen\u00ed.<br \/>\r\n [\/perex]<\/p>\r\n<p>Otev\u00edrac\u00ed doba \u00fa\u0159adu a&nbsp;informa\u010dn\u00edch center b\u011bhem v\u00e1no\u010dn\u00edch sv\u00e1tk\u016f:<\/p>\r\n<p>&nbsp;<\/p>\r\n<p><strong>\u010dtvrtek 27.&nbsp;12.<\/strong><\/p>\r\n<p>\u00da\u0159ad M\u010c Praha&nbsp;7: 7.30 \u2013 15.00<\/p>\r\n<p>Infocentra Milady Hor\u00e1kov\u00e9 2 + D\u011blnick\u00e1 44: 7.30 &#8211; 18.00<\/p>\r\n<p>&nbsp;<\/p>\r\n<p><strong>p\u00e1tek 28.&nbsp;12.<\/strong><\/p>\r\n<p>\u00da\u0159ad M\u010c Praha&nbsp;7: 7.30 \u2013 15.00<\/p>\r\n<p>Infocentra Milady Hor\u00e1kov\u00e9 2 + D\u011blnick\u00e1 44: 7.30 &#8211; 15.00<\/p>\r\n<p>&nbsp;<\/p>\r\n<p><strong>pond\u011bl\u00ed 31.&nbsp;12.<\/strong><\/p>\r\n<p><strong>\u00da\u0159ad M\u010c Praha&nbsp;7 a&nbsp;infocentra: ZAV\u0158ENO<\/strong><\/p>","protected":false},"excerpt":{"rendered":"[perex] Upozor\u0148ujeme ob\u010dany na zm\u011bnu otev\u00edrac\u00edch hodin \u00fa\u0159adu b\u011bhem v\u00e1no\u010dn\u00edch sv\u00e1tk\u016f. Ve \u010dtvrtek 27.&nbsp;12.&nbsp;budou \u00fa\u0159ad i&nbsp;infocentra otev\u0159eny ve standardn\u00ed dob\u011b, v\u00a0p\u00e1tek 28.&nbsp;12.&nbsp;pak o&nbsp;hodinu d\u00e9le do 15 hodin. V\u00a0pond\u011bl\u00ed 31.&nbsp;12.&nbsp;budou \u00fa\u0159ad i&nbsp;infocentra zcela zav\u0159eny. D\u011bkujeme za pochopen\u00ed. [\/perex] Otev\u00edrac\u00ed doba \u00fa\u0159adu a&nbsp;informa\u010dn\u00edch center b\u011bhem v\u00e1no\u010dn\u00edch sv\u00e1tk\u016f: &nbsp; \u010dtvrtek 27.&nbsp;12.&nbsp;\u00da\u0159ad M\u010c Praha&nbsp;7: 7.30 \u2013 15.00 Infocentra [&hellip;]","protected":false},"author":5,"featured_media":18173,"comment_status":"closed","ping_status":"open","sticky":false,"template":"","format":"standard","meta":[],"categories":[34],"tags":[],"_links":{"self":[{"href":"https:\/\/www.praha7.cz\/api\/wp\/v2\/posts\/21827"}],"collection":[{"href":"https:\/\/www.praha7.cz\/api\/wp\/v2\/posts"}],"about":[{"href":"https:\/\/www.praha7.cz\/api\/wp\/v2\/types\/post"}],"author":[{"embeddable":true,"href":"https:\/\/www.praha7.cz\/api\/wp\/v2\/users\/5"}],"replies":[{"embeddable":true,"href":"https:\/\/www.praha7.cz\/api\/wp\/v2\/comments?post=21827"}],"version-history":[{"count":7,"href":"https:\/\/www.praha7.cz\/api\/wp\/v2\/posts\/21827\/revisions"}],"predecessor-version":[{"id":22141,"href":"https:\/\/www.praha7.cz\/api\/wp\/v2\/posts\/21827\/revisions\/22141"}],"wp:featuredmedia":[{"embeddable":true,"href":"https:\/\/www.praha7.cz\/api\/wp\/v2\/media\/18173"}],"wp:attachment":[{"href":"https:\/\/www.praha7.cz\/api\/wp\/v2\/media?parent=21827"}],"wp:term":[{"taxonomy":"category","embeddable":true,"href":"https:\/\/www.praha7.cz\/api\/wp\/v2\/categories?post=21827"},{"taxonomy":"post_tag","embeddable":true,"href":"https:\/\/www.praha7.cz\/api\/wp\/v2\/tags?post=21827"}],"curies":[{"name":"wp","href":"https:\/\/api.w.org\/{rel}","templated":true}]}}