    
{"id":21738,"date":"2018-12-03T16:27:51","date_gmt":"2018-12-03T15:27:51","guid":{"rendered":"https:\/\/www.praha7.cz\/?p=21738"},"modified":"2018-12-03T16:45:45","modified_gmt":"2018-12-03T15:45:45","slug":"jit-za-svym-snem","status":"publish","type":"post","link":"https:\/\/www.praha7.cz\/jit-za-svym-snem\/","title":{"rendered":"J\u00edt za sv\u00fdm snem"},"content":{"rendered":"<p>Koncem\u00a0devades\u00e1t\u00fdch let s\u00a0kamar\u00e1dkami \u0159e\u0161ila, jak smyslupln\u011b tr\u00e1vit \u010das na mate\u0159sk\u00e9, a&nbsp;tak st\u00e1la u&nbsp;zrodu rodinn\u00e9ho centra p\u0159i DDM v\u00a0Praze 8. \u201eV t\u00e9 dob\u011b v\u00a0Praze nic podobn\u00e9ho nebylo, sj\u00ed\u017ed\u011bly se k\u00a0n\u00e1m za cvi\u010den\u00edm maminky z\u00a0cel\u00e9ho okol\u00ed,\u201c popisuje za\u010d\u00e1tky instruktorka aerobiku Milena Berkmanov\u00e1, kter\u00e1 od roku 2007 vede Rodinn\u00fd klub na Ortenov\u011b n\u00e1m\u011bst\u00ed.<\/p>\r\n<p>D\u00edky ned\u00e1vn\u00e9 rekonstrukci sousedn\u00ed mate\u0159sk\u00e9 \u0161koly z\u00edskal klub v\u00edce m\u00edsta. V\u00a0z\u00e1\u0159\u00ed otev\u0159eli herni\u010dku, kam mohou rodi\u010de vypustit d\u011bti a&nbsp;p\u0159itom spolu pokl\u00e1bosit, dopoledne si mohou p\u0159ij\u00edt zacvi\u010dit, zat\u00edmco se jim n\u011bkdo dal\u0161\u00ed postar\u00e1 o&nbsp;d\u011bti. Odpoledne a&nbsp;vpodve\u010der zde prob\u00edhaj\u00ed lekce junior aerobiku, ve\u010der kondi\u010dn\u00ed cvi\u010den\u00ed a&nbsp;centrum nab\u00edz\u00ed i&nbsp;\u0159adu dal\u0161\u00edch aktivit \u2013 v\u00fdtvarn\u00e9 krou\u017eky nebo d\u011btskou hudebn\u00ed \u0161kolu, v\u00a0l\u00e9t\u011b pak organizuje letn\u00ed t\u00e1bory. Klub je dle Mileny tak\u00e9 jedno z\u00a0m\u00e1la m\u00edst v\u00a0Praze, kde se st\u00e1le cvi\u010d\u00ed klasick\u00fd step aerobik. Provoz ale nen\u00ed to, co b\u00fdval. \u201eBohu\u017eel se n\u00e1m zat\u00edm neda\u0159\u00ed to tu o\u017eivit tak, jak bych si p\u0159edstavovala. Jsme otev\u0159en\u00ed jak\u00e9koliv iniciativ\u011b, t\u0159eba v\u00edkendov\u00fdm semin\u00e1\u0159\u016fm, spole\u010densk\u00fdm akc\u00edm \u010di oslav\u00e1m narozenin. Lidi o&nbsp;n\u00e1s ale asi nev\u011bd\u00ed,\u201c posteskne si cvi\u010ditelka.<\/p>\r\n<p>P\u016fvodn\u011b cht\u011bla studovat pedagogickou \u0161kolu, nehr\u00e1la ale na \u017e\u00e1dn\u00fd n\u00e1stroj a&nbsp;nepro\u0161la talentovou \u010d\u00e1st\u00ed zkou\u0161ek. \u201eZn\u00e1te to \u2013 u\u010ditel v\u00e1m jednou \u0159ekne, ty u\u017e rad\u0161i nekresli nebo nezp\u00edvej, a&nbsp;cel\u00fd \u017eivot se tomu pak vyh\u00fdb\u00e1te. Osobn\u011b jsem proti hodnocen\u00ed v\u00a0p\u0159edm\u011btech, jako je v\u00fdtvarka, hudebka nebo t\u011blocvik \u2013 to v\u0161e m\u00e1 b\u00fdt p\u0159ece radost, a&nbsp;ne n\u011bjak\u00fd v\u00fdkon.\u201c Nakonec vystudovala stavebn\u00ed pr\u016fmyslovku, ale sen o&nbsp;cvi\u010den\u00ed a&nbsp;v\u00fduce si vlastn\u011b splnila. Za 30 let, co se aerobiku v\u011bnuje, u\u010d\u00ed u\u017e n\u011bkolik\u00e1tou generaci. \u201eDne\u0161n\u00ed mlad\u00e1 d\u011bv\u010data maj\u00ed kr\u00e1snou energii, jsou sebev\u011bdom\u00e1, v\u011bd\u00ed, \u017ee maj\u00ed \u017e\u00edt tak, aby byla \u0161\u0165astn\u00e1, a&nbsp;d\u011blat to, co je napl\u0148uje \u2013 mn\u011b tohle zji\u0161t\u011bn\u00ed trvalo skoro 50 let,\u201c sm\u011bje se a&nbsp;dod\u00e1v\u00e1: \u201eSamoz\u0159ejm\u011b maj\u00ed sv\u00e1 tr\u00e1pen\u00ed a&nbsp;taky stres ze \u0161koly a&nbsp;obecn\u011b je zde velk\u00fd tlak spole\u010dnosti. Kdy\u017e pak chyb\u00ed z\u00e1zem\u00ed v\u00a0rodin\u011b, mohou se objevit probl\u00e9my t\u0159eba s\u00a0drogami. N\u011bkdy se tak p\u0159imknou t\u0159eba pr\u00e1v\u011b k\u00a0osob\u011b tren\u00e9ra \u2013 t\u011b\u0161\u00ed m\u011b jejich d\u016fv\u011bra a&nbsp;sna\u017e\u00edm se jim pomoci, t\u0159eba doporu\u010d\u00edm kineziologa, kter\u00fd mn\u011b osobn\u011b velmi pomohl. P\u0159ece jen klub nen\u00ed jen o&nbsp;cvi\u010den\u00ed, ale o&nbsp;mezilidsk\u00fdch vztaz\u00edch, a&nbsp;na t\u011bch mi v\u017edy z\u00e1le\u017eelo.\u201c<\/p>\r\n<p>Sama v\u00ed, \u017ee \u017eivot n\u011bkdy nen\u00ed jednoduch\u00fd. Kdy\u017e bylo jej\u00edmu synovi \u0161est let, rozpadlo se j\u00ed man\u017eelstv\u00ed. \u201eM\u011bli jsme st\u0159\u00eddavou p\u00e9\u010di a&nbsp;j\u00e1 pot\u0159ebovala pen\u00edze. Jeden t\u00fdden jsem d\u011blala \u0161estn\u00e1ctky ve Fortun\u011b za p\u0159ep\u00e1\u017ekou s\u00a0pen\u011bzi, v\u00a0podstat\u011b s\u00a0nemocn\u00fdmi lidmi a&nbsp;v\u00a0mu\u017esk\u00e9m sv\u011bt\u011b \u2013 po ve\u010derech jsem chodila p\u0159edcvi\u010dovat. Vydr\u017eela jsem to rok. V\u00edm moc dob\u0159e, jak t\u011b\u017ek\u00e9 to maj\u00ed maminky samo\u017eivitelky, kter\u00fdm nav\u00edc \u010dasto ani nechod\u00ed alimenty. N\u011bkdy mi proto kurzovn\u00e9 plat\u00ed na spl\u00e1tky.\u201c<\/p>","protected":false},"excerpt":{"rendered":"Koncem\u00a0devades\u00e1t\u00fdch let s\u00a0kamar\u00e1dkami \u0159e\u0161ila, jak smyslupln\u011b tr\u00e1vit \u010das na mate\u0159sk\u00e9, a&nbsp;tak st\u00e1la u&nbsp;zrodu rodinn\u00e9ho centra p\u0159i DDM v\u00a0Praze 8. \u201eV t\u00e9 dob\u011b v\u00a0Praze nic podobn\u00e9ho nebylo, sj\u00ed\u017ed\u011bly se k\u00a0n\u00e1m za cvi\u010den\u00edm maminky z\u00a0cel\u00e9ho okol\u00ed,\u201c popisuje za\u010d\u00e1tky instruktorka aerobiku Milena Berkmanov\u00e1, kter\u00e1 od roku 2007 vede Rodinn\u00fd klub na Ortenov\u011b n\u00e1m\u011bst\u00ed. D\u00edky ned\u00e1vn\u00e9 rekonstrukci sousedn\u00ed mate\u0159sk\u00e9 [&hellip;]","protected":false},"author":76,"featured_media":21739,"comment_status":"closed","ping_status":"open","sticky":false,"template":"","format":"standard","meta":[],"categories":[37],"tags":[],"_links":{"self":[{"href":"https:\/\/www.praha7.cz\/api\/wp\/v2\/posts\/21738"}],"collection":[{"href":"https:\/\/www.praha7.cz\/api\/wp\/v2\/posts"}],"about":[{"href":"https:\/\/www.praha7.cz\/api\/wp\/v2\/types\/post"}],"author":[{"embeddable":true,"href":"https:\/\/www.praha7.cz\/api\/wp\/v2\/users\/76"}],"replies":[{"embeddable":true,"href":"https:\/\/www.praha7.cz\/api\/wp\/v2\/comments?post=21738"}],"version-history":[{"count":4,"href":"https:\/\/www.praha7.cz\/api\/wp\/v2\/posts\/21738\/revisions"}],"predecessor-version":[{"id":21744,"href":"https:\/\/www.praha7.cz\/api\/wp\/v2\/posts\/21738\/revisions\/21744"}],"wp:featuredmedia":[{"embeddable":true,"href":"https:\/\/www.praha7.cz\/api\/wp\/v2\/media\/21739"}],"wp:attachment":[{"href":"https:\/\/www.praha7.cz\/api\/wp\/v2\/media?parent=21738"}],"wp:term":[{"taxonomy":"category","embeddable":true,"href":"https:\/\/www.praha7.cz\/api\/wp\/v2\/categories?post=21738"},{"taxonomy":"post_tag","embeddable":true,"href":"https:\/\/www.praha7.cz\/api\/wp\/v2\/tags?post=21738"}],"curies":[{"name":"wp","href":"https:\/\/api.w.org\/{rel}","templated":true}]}}