    
{"id":21730,"date":"2018-12-03T16:06:35","date_gmt":"2018-12-03T15:06:35","guid":{"rendered":"https:\/\/www.praha7.cz\/?p=21730"},"modified":"2018-12-03T17:19:24","modified_gmt":"2018-12-03T16:19:24","slug":"cesi-maji-sklon-k-arogantni-priprdenosti","status":"publish","type":"post","link":"https:\/\/www.praha7.cz\/cesi-maji-sklon-k-arogantni-priprdenosti\/","title":{"rendered":"\u010ce\u0161i maj\u00ed sklon k&nbsp;arogantn\u00ed p\u0159iprd\u011bnosti"},"content":{"rendered":"<p>[perex]<\/p>\r\n<p>Koupil tov\u00e1rnu v\u00a0Poup\u011btov\u011b ulici s\u00a0\u00famyslem vybudovat zde lofty. Pak sv\u016fj n\u00e1zor zm\u011bnil. \u201eSt\u00e1l jsem v\u00a0hale a&nbsp;dovnit\u0159 sv\u00edtilo slunce p\u0159es ta industri\u00e1ln\u00ed ok\u00fdnka. Bylo to \u00fa\u017easn\u011b romantick\u00e9 a&nbsp;j\u00e1 jsem pochopil, \u017ee by byl h\u0159\u00edch ud\u011blat z&nbsp;toho byty,\u201c \u0159\u00edk\u00e1 Leo\u0161 V\u00e1lka, zakladatel a&nbsp;\u0159editel Centra sou\u010dasn\u00e9ho um\u011bn\u00ed <a href=\"https:\/\/www.dox.cz\">DOX<\/a>, kter\u00e9 letos oslavilo des\u00e1t\u00e9 narozeniny.\u00a0<\/p>\r\n<p>[\/perex]<\/p>\r\n<p><strong>DOX se za posledn\u00ed t\u0159i roky velmi rozrostl, te\u010f je to v\u00edce ne\u017e deset tis\u00edc metr\u016f \u010dtvere\u010dn\u00edch. Neztratil jste se tu n\u011bkdy?<\/strong> <br \/>\r\n B\u011b\u017en\u011b. Ale u\u017e se tu docela orientuji, jsem tady taky p\u0159ece jen v\u00edc ne\u017e deset let. Lidi tady b\u011b\u017en\u011b bloud\u00ed. Z\u00a0p\u016flky po pravd\u011b \u0159\u00edk\u00e1me, \u017ee to je trochu koncept. Ono je to zbrzd\u00ed, n\u011bkolikr\u00e1t zabloud\u00ed a&nbsp;nakonec se vyno\u0159\u00ed v\u017edycky n\u011bkde, kde n\u011bco objev\u00ed, nebo v\u00a0kav\u00e1rn\u011b, kde si odpo\u010dinou.\u00a0\u00a0 <br \/>\r\n <br \/>\r\n <strong>Jak vzpom\u00edn\u00e1te na \u0159\u00edjen 2008, kdy jste DOX otev\u00edral?<\/strong><br \/>\r\n Vzpomenu si na tu vrtuli, kterou jsem m\u011bl za zadkem, kdy\u017e se p\u0159ibli\u017eoval term\u00edn otev\u0159en\u00ed. Sou\u010dasn\u011b jsme d\u011blali monument\u00e1ln\u00ed instalaci Mat\u011bje Krena, kter\u00e1 se jmenovala Sediment, byla to takov\u00e1 velik\u00e1 vlna z&nbsp;kn\u00ed\u017eek. P\u0159ivezly se sem kamiony knih, tuny knih. Pamatuji si na ten stres a&nbsp;nervozitu, z\u00a0toho, \u017ee ten v\u00fdznamn\u00fd okam\u017eik u\u017e bude tady a&nbsp;zda v\u016fbec p\u0159ijdou lidi. Byli jsme na za\u010d\u00e1tku, v\u0161echno jsme se u\u010dili za pochodu. Ale lidi p\u0159i\u0161li, dokonce hodn\u011b lid\u00ed. Mezi nimi byli i&nbsp;lid\u00e9 bohat\u00ed, od kter\u00fdch jsem si sliboval finan\u010dn\u00ed podporu. Sed\u011bli v\u00a0narvan\u00e9 kav\u00e1rn\u011b a&nbsp;p\u0159iznali mi, \u017ee vlastn\u011b nikdy nev\u011b\u0159ili tomu, \u017ee DOX vznikne. Jejich reakce byla a\u017e takov\u00e1 euforick\u00e1. Bylo to dobr\u00e9.\u00a0 <br \/>\r\n <br \/>\r\n <strong>Tou dobou jste tady i&nbsp;spal?<\/strong><br \/>\r\n Ob\u010das jsem tu p\u0159espal, kdy\u017e jsem t\u0159eba kon\u010dil ve \u010dty\u0159i r\u00e1no a&nbsp;v\u011bd\u011bl jsem, \u017ee u\u017e v&nbsp;osm m\u00e1m n\u011bkde pob\u00edhat, to nest\u00e1lo za to jet dom\u016f. Ale \u017ee bych tady spal po\u0159\u00e1d, to ne. <br \/>\r\n <br \/>\r\n <strong>Nem\u00e1te tady n\u011bjak\u00fd byte\u010dek?<\/strong><br \/>\r\n Ne, jenom tady ten gau\u010d\u00edk. (sm\u00edch) <br \/>\r\n <br \/>\r\n <strong>Kde se vlastn\u011b u&nbsp;v\u00e1s zrodil n\u00e1pad zalo\u017eit galerii?<\/strong> <br \/>\r\n J\u00e1 jsem cht\u011bl postavit lofty. Objevil jsem tuhle tov\u00e1rni\u010dku a&nbsp;koupil ji. Pak jsem st\u00e1l v\u00a0hale a&nbsp;p\u0159es ta industri\u00e1ln\u00ed ok\u00fdnka sv\u00edtilo slunce. Bylo to \u00fa\u017easn\u011b romantick\u00e9, stra\u0161n\u011b hezk\u00e9 a&nbsp;j\u00e1 jsem pochopil, \u017ee by byl h\u0159\u00edch ud\u011blat z&nbsp;toho byty. Vyd\u011blal bych na tom sice hodn\u011b pen\u011bz, ale sou\u010dasn\u011b se ve mn\u011b vzedmula takov\u00e1 l\u00edtost nad t\u00edm, \u017ee by z&nbsp;toho byly soukrom\u00e9 byty. Pen\u00edze jsem samoz\u0159ejm\u011b cht\u011bl, ale ne zas tolik, abych nemohl zm\u011bnit n\u00e1zor. Rozhodn\u011b to nebylo tak, \u017ee bych m\u011bl celo\u017eivotn\u00ed sen, \u017ee ud\u011bl\u00e1m galerii a&nbsp;budu se zab\u00fdvat um\u011bn\u00edm. Opravdu to bylo okam\u017eit\u00e9 rozhodnut\u00ed, ve kter\u00e9m do sebe v\u0161echno zapadlo a&nbsp;v\u0161echno d\u00e1valo smysl. P\u0159esv\u011bd\u010dil jsem sv\u00e9ho tehdej\u0161\u00edho v\u00a0\u010cesku \u017eij\u00edc\u00edho holandsk\u00e9ho obchodn\u00edho partnera Roberta Aafjese, se kter\u00fdm jsem d\u011blal pr\u00e1v\u011b tyhle byty, a&nbsp;ten s&nbsp;t\u00edm okam\u017eit\u011b souhlasil. V\u0161echny pen\u00edze, kter\u00e9 jsme vyd\u011blali na d\u0159\u00edv\u011bj\u0161\u00edch projektech, jsme dali do galerie. Kdy\u017e se pak Robert vr\u00e1til do Holandska, postupn\u011b se p\u0159idali t\u0159i dal\u0161\u00ed partne\u0159i \u2013 V\u00e1clav Dej\u010dmar, Libor Winkler a&nbsp;Karel Jane\u010dek. Bez nich by se projekt nikdy neuskute\u010dnil.<br \/>\r\n <br \/>\r\n <strong>Nebylo v\u00e1m n\u011bkdy l\u00edto, \u017ee jste do t\u011bch byt\u016f ne\u0161el?<\/strong><br \/>\r\n Nikdy. Ani n\u00e1hodou. <br \/>\r\n <br \/>\r\n <strong>A nem\u011bl jste za t\u011bch deset let n\u011bkdy chu\u0165 s\u00a0provozov\u00e1n\u00edm galerie seknout?<\/strong><br \/>\r\n Ani ne, to jsou jen takov\u00e9 z\u00e1vany skepse. Nejv\u011bt\u0161\u00ed \u00fatrapy jsou spojen\u00e9 s\u00a0lidmi a&nbsp;samoz\u0159ejm\u011b jde taky o&nbsp;pen\u00edze. To je nekone\u010dn\u00e1 frustrace. My jsme si nechali ud\u011blat odbornou studii od poradensk\u00e9 spole\u010dnosti KPMG, ze kter\u00e9 vyplynulo, \u017ee do ve\u0159ejn\u00fdch rozpo\u010dt\u016f p\u0159in\u00e1\u0161\u00edme hodnotu asi dvacet milion\u016f ro\u010dn\u011b. P\u011btkr\u00e1t v\u00edc p\u0159in\u00e1\u0161\u00edme, ne\u017e kolik dost\u00e1v\u00e1me. V\u00a0podstat\u011b tak dotujeme st\u00e1t a&nbsp;ne naopak. <br \/>\r\n \u00a0\u00a0\u00a0\u00a0\u00a0 <br \/>\r\n <strong>Kdybyste m\u011bl shrnout deset let s&nbsp;DOXem, jak byste to popsal v&nbsp;p\u00e1r v\u011bt\u00e1ch? Co v\u00e1m to dalo?<\/strong> <br \/>\r\n Je to \u00fa\u017easn\u00e1 zku\u0161enost, kter\u00e1 \u010dlov\u011bku d\u00e1v\u00e1 na nejr\u016fzn\u011bj\u0161\u00edch \u00farovn\u00edch vhled do sv\u011bta um\u011bn\u00ed a&nbsp;do kulturn\u00ed sc\u00e9ny. Je to n\u011bco, co se d\u00e1 t\u011b\u017eko nastudovat, to mus\u00edte absolvovat. Tomu pot\u011b\u0161en\u00ed, \u017ee se v\u011bci d\u011bj\u00ed navzdory v\u0161emu, se nic nevyrovn\u00e1. Je to privilegium. Mou filozofi\u00ed toti\u017e je, \u017ee aby se v\u011bci staly, mus\u00ed se za\u010d\u00edt. Kdy\u017e se v\u00a0tom budete p\u0159edem moc pitvat, tak se nic nestane. M\u016f\u017ee za to mo\u017en\u00e1 i&nbsp;m\u016fj ur\u010dit\u00fd amat\u00e9rismus, v&nbsp;tom dobr\u00e9m slova smyslu, nepro\u0161el jsem jin\u00fdmi institucemi ani jsem nestudoval t\u0159eba historii um\u011bn\u00ed \u010di kulturn\u00ed management. Tak\u017ee se n\u011bkdy pou\u0161t\u00edm do v\u011bc\u00ed, kter\u00e9 jsou neobhajiteln\u00e9 na z\u00e1klad\u011b n\u011bjak\u00e9 finan\u010dn\u00ed progn\u00f3zy \u010di anal\u00fdz p\u0159edv\u00eddatelnosti.<\/p>\r\n<p><strong>Existuje n\u011bjak\u00e1 konkr\u00e9tn\u00ed galerie, ze kter\u00e9 jste bral pro DOX inspiraci?<\/strong><br \/>\r\n DOX je takov\u00fd amalg\u00e1m, hybrid. Bylo to sp\u00ed\u0161 o&nbsp;typu architektury. J\u00e1 jsem vytv\u00e1\u0159el prost\u0159ed\u00ed, ve kter\u00e9m se ty v\u011bci m\u011bly odehr\u00e1vat. V\u011bd\u011bl jsem, \u017ee nejsem schopn\u00fd to napl\u00e1novat na roky dop\u0159edu, ale bylo pot\u0159eba ty v\u011bci rozjet. Myslel jsem si, \u017ee t\u0159eba za t\u0159i roky budeme u\u017e docela \u00fasp\u011b\u0161n\u00ed \u2013 pokud jde o\u00a0n\u00e1v\u0161t\u011bvnost, fungov\u00e1n\u00ed atd. To se nepotvrdilo. N\u00e1v\u0161t\u011bvnost sice roste, ale myslel jsem si, \u017ee pen\u00edze p\u0159ite\u010dou n\u011bjak jednodu\u0161eji. J\u00e1 jsem neust\u00e1le n\u011bkde rotoval a&nbsp;omra\u010doval jsem lidi svoj\u00ed viz\u00ed a&nbsp;myslel jsem si, jak v\u0161ichni budou nad\u0161en\u00ed a&nbsp;budou sk\u00e1kat do stropu \u2013 to ani n\u00e1hodou. V\u0161ichni m\u011b pl\u00e1cali po z\u00e1dech, ale to bylo tak v\u0161echno. Ono vybudovat solidn\u00ed skupinu podporovatel\u016f a&nbsp;mecen\u00e1\u0161\u016f je t\u011b\u017ek\u00e9 kdekoliv, ale tady obzvl\u00e1\u0161\u0165, jak jsem zjistil. Ta tradice tady prost\u011b nen\u00ed. <br \/>\r\n <br \/>\r\n <strong>Mo\u017en\u00e1 t\u00edm, jak se DOX po\u0159\u00e1d roz\u0161i\u0159uje, to vypad\u00e1, \u017ee se v\u00e1m vlastn\u011b da\u0159\u00ed.<\/strong><br \/>\r\n To je mo\u017en\u00e9. Nyn\u00ed jsme \u010dty\u0159i pod\u00edln\u00edci a&nbsp;j\u00e1 jsem ten men\u0161inov\u00fd. Mn\u011b pen\u00edze do\u0161ly n\u011bkdy v&nbsp;t\u00e9 prvn\u00ed t\u0159etin\u011b, kdy se to nafukovalo. On je ale velik\u00fd rozd\u00edl mezi r\u016fzn\u00fdmi typy investic. Na cihly, na stavbu nen\u00ed takov\u00fd probl\u00e9m pen\u00edze sehnat, proto\u017ee tam hodnota jasn\u011b z\u016fst\u00e1v\u00e1, t\u00edm se d\u00e1 ru\u010dit. Kde\u017eto financov\u00e1n\u00ed programu, to jsou pen\u00edze, kter\u00e9 u\u017e nikdy nedostanete zp\u011bt. Je obt\u00ed\u017en\u011bj\u0161\u00ed sehnat p\u011bt milion\u016f na velkou v\u00fdstavu ne\u017e pades\u00e1t milion\u016f na postaven\u00ed nov\u00e9 budovy.<\/p>\r\n<p><strong>M\u00e1te dojem, \u017ee by se v\u00e1m va\u0161e vize l\u00e9pe uskute\u010d\u0148ovala n\u011bkde v&nbsp;zahrani\u010d\u00ed?<\/strong> <br \/>\r\n V\u00a0zahrani\u010d\u00ed by ta podpora p\u0159i\u0161la daleko rychleji, jednodu\u0161eji a&nbsp;mohutn\u011bji. My to vlastn\u011b provozujeme za mal\u00e9 pen\u00edze \u2013 na to, co v\u0161echno d\u011bl\u00e1me. A&nbsp;m\u00e1me velk\u00e9 \u00fasp\u011bchy. Samoz\u0159ejm\u011b s\u00a0Gulliverem, kter\u00fd m\u00e1 ohromnou zahrani\u010dn\u00ed publicitu. A&nbsp;m\u011bli jsme t\u0159eba t\u0159et\u00ed nejdoporu\u010dovan\u011bj\u0161\u00ed v\u00fdstavu na sv\u011bt\u011b v\u00a0kontextu sv\u011btov\u00fdch galeri\u00ed. Byla to v\u00fdstava Brave New World (2015\u20132016). <br \/>\r\n <br \/>\r\n <strong>Byla to i&nbsp;pro v\u00e1s ta nejlep\u0161\u00ed v\u00fdstava?<\/strong> <br \/>\r\n Ano. <br \/>\r\n <br \/>\r\n <strong>Kterou v\u00fdstavu naopak pova\u017eujete za nepovedenou? Byla tu n\u011bjak\u00e1, se kterou jste \u00fapln\u011b nesouzn\u011bl?<\/strong><br \/>\r\n V&nbsp;podstat\u011b v\u0161echny na\u0161e v\u00fdstavy m\u011bly smysl. Nikdy to nebylo um\u011bn\u00ed pro um\u011bn\u00ed, estetick\u00e9 pot\u011b\u0161en\u00ed, n\u00e1hodn\u00e9 kompozice. V\u017edycky tam byl n\u011bjak\u00fd obsah, p\u0159esah \u2013 spole\u010densk\u00fd, politick\u00fd, sociologick\u00fd, psychologick\u00fd, antropologick\u00fd, co\u017e je na\u0161e filozofie. Mysl\u00edme si toti\u017e, \u017ee sv\u011bt vizu\u00e1ln\u00edho um\u011bn\u00ed je p\u0159\u00edli\u0161 \u00fazk\u00fd a&nbsp;\u017ee existuj\u00ed \u0161ir\u0161\u00ed, hlub\u0161\u00ed a&nbsp;v\u00fdznamn\u011bj\u0161\u00ed sv\u011bty. Ur\u010dit\u011b je samoz\u0159ejm\u011b st\u00e1le v\u00edc \u010dten\u00e1\u0159\u016f ne\u017e n\u00e1v\u0161t\u011bvn\u00edk\u016f galerie, stejn\u011b jako je v\u00edc lid\u00ed, co chod\u00ed do t\u011blocvi\u010dny ne\u017e do galerie. A&nbsp;o&nbsp;tom je t\u0159eba na\u0161e aktu\u00e1ln\u00ed v\u00fdstava Welcome to Hard Times \u2013 V\u00edtejte v&nbsp;t\u011b\u017ek\u00fdch \u010dasech. Ty v\u011bci se ale \u010dasto nedaj\u00ed m\u011b\u0159it. My jsme t\u0159eba m\u011bli v\u00fdstavu, kter\u00e1 se jmenovala Evidence z\u00e1jmov\u00fdch osob. Auditorium bylo vytapetovan\u00e9 jm\u00e9ny lid\u00ed, kte\u0159\u00ed byli evidovan\u00ed jako spolupracovn\u00edci StB v&nbsp;r\u016fzn\u00e9m stupni utajen\u00ed. T\u011bch lid\u00ed tam bylo asi milion dv\u011b st\u011b. \u010cech\u016f bylo deset milion\u016f, tak \u0159ekn\u011bme, \u017ee desetina byla v&nbsp;registrech. To je \u0161\u00edlen\u00e9 samo o&nbsp;sob\u011b. Byly to hektary malink\u00e9ho p\u00edsma. Na vernis\u00e1\u017ei bylo tehdy patn\u00e1ct lid\u00ed, co\u017e mn\u011b bylo docela l\u00edto, kv\u016fli tomu um\u011blci, ale ta v\u00fdstava byla senza\u010dn\u00ed.<\/p>\r\n<p><strong>A \u010d\u00edm jste si vysv\u011btlil ten nez\u00e1jem? Nebylo to pr\u00e1v\u011b t\u00edm, \u017ee ka\u017ed\u00fd des\u00e1t\u00fd tady spolupracoval s&nbsp;StB?<\/strong><br \/>\r\n Evidence z\u00e1jmov\u00fdch osob asi nen\u00ed to nejatraktivn\u011bj\u0161\u00ed t\u00e9ma. Vypov\u00eddalo to n\u011bco o&nbsp;tehdej\u0161\u00edm stavu spole\u010dnosti. Ale doba nenahr\u00e1v\u00e1 n\u011bjak\u00fdm hlubin\u00e1m, to v&nbsp;\u017e\u00e1dn\u00e9m p\u0159\u00edpad\u011b, a&nbsp;u&nbsp;n\u00e1s speci\u00e1ln\u011b ne.<\/p>\r\n<p><strong>Mysl\u00edte si, \u017ee za t\u011bch deset let je to sp\u00ed\u0161 hor\u0161\u00ed, nebo lep\u0161\u00ed?<\/strong> <br \/>\r\n J\u00e1 si mysl\u00edm, \u017ee se to zlep\u0161uje, i&nbsp;kdy\u017e velmi pomalu. (sm\u00edch)\u00a0 <br \/>\r\n <br \/>\r\n <strong>Kdybyste mohl v\u00a0\u010desk\u00e9 spole\u010dnosti zm\u011bnit jednu v\u011bc, co by to bylo?<\/strong><br \/>\r\n Mn\u011b vad\u00ed fenom\u00e9n arogantn\u00ed p\u0159iprd\u011bnosti. Pocit moci, i&nbsp;kdy\u017e je mikroskopick\u00e1. To je ten revizor v\u00a0tramvaji, chlap, kter\u00fd je zrovna t\u0159ikr\u00e1t v\u011bt\u0161\u00ed ne\u017e vy, nebo n\u011bjak\u00e1 jin\u00e1 drobn\u00e1 autoritka, kter\u00e1 m\u00e1 tu moc, t\u0159eba takov\u00fd vr\u00e1tn\u00fd, kter\u00fd v\u00e1s zprud\u00ed. \u010ce\u0161i k\u00a0tomu maj\u00ed opravdu sklon, i&nbsp;kdy\u017e to \u0159\u00edk\u00e1m nerad, proto\u017ee jsem taky \u010cech a&nbsp;o&nbsp;to v\u00edc se v\u00a0tomhle ohledu sna\u017e\u00edm, ale m\u00e1me to v\u00a0sob\u011b. Je to skryt\u00e1 agresivita, takov\u00e9 to kdy\u017e se usm\u00edv\u00e1me, ale pak se pomluv\u00edme. Hospody p\u0159et\u00e9kaj\u00ed mudrlanty, v\u00edc toho zkr\u00e1tka nakec\u00e1me, ne\u017e ud\u011bl\u00e1me, a&nbsp;na v\u0161echno m\u00e1me n\u00e1zor.<br \/>\r\n <br \/>\r\n <strong>Raz\u00edte my\u0161lenku, \u017ee um\u011bn\u00ed n\u00e1s m\u00e1 znepokojovat, provokovat a&nbsp;p\u0159im\u011bt kriticky se d\u00edvat na dne\u0161n\u00ed sv\u011bt \u2013 zm\u011bnil jste vy osobn\u011b na z\u00e1klad\u011b um\u011bleck\u00e9ho z\u00e1\u017eitku n\u011bjak\u00e9 sv\u00e9 my\u0161lenkov\u00e9 stereotypy?<\/strong><br \/>\r\n Um\u011bn\u00ed ur\u010dit\u011b ovlivnilo m\u00e9 my\u0161len\u00ed i&nbsp;n\u00e1zory. A&nbsp;zm\u011bnil se i&nbsp;m\u016fj pohled na v\u00fdtvarn\u00e9 um\u011bn\u00ed. Tedy to, \u017ee DOX by nem\u011bla b\u00fdt jen kamenn\u00e1 galerie, ve kter\u00e9 se vystavuj\u00ed objekty, um\u011bleck\u00e1 d\u00edla a&nbsp;lidi pochoduj\u00ed od kousku ke kousku, ale \u017ee bychom m\u011bli d\u011blat v\u011bci, kter\u00e9 se sna\u017e\u00ed propojovat i&nbsp;jin\u00e9 oblasti. N\u00e1s zaj\u00edm\u00e1 hodn\u011b to, co je za um\u011bn\u00edm, k\u00a0\u010demu se um\u011bn\u00ed dok\u00e1\u017ee vyjad\u0159ovat. A&nbsp;taky reflexe, co je um\u011bn\u00ed, k\u00a0\u010demu slou\u017e\u00ed, jak to funguje v\u00a0um\u011bleck\u00e9m provozu a&nbsp;sv\u011bt\u011b. Dneska se vedou dlouh\u00e9 diskuze, co to vlastn\u011b um\u011bn\u00ed je\u2026 <br \/>\r\n <br \/>\r\n <strong>Co tedy je um\u011bn\u00ed?<\/strong><br \/>\r\n Existuj\u00ed r\u016fzn\u00e9 cynick\u00e9 verze, nap\u0159\u00edklad Marshall McLuhan prohl\u00e1sil, \u017ee um\u011bn\u00ed je to, co v\u00e1m je\u0161t\u011b projde. N\u011bkdo jin\u00fd zase \u0159ekl, \u017ee kdy\u017e je n\u011b\u010deho v\u00edc ne\u017e sto kus\u016f a&nbsp;je to dostate\u010dn\u011b velk\u00e9, tak \u017ee u\u017e je to dneska taky um\u011bn\u00ed. V&nbsp;\u010cesk\u00e9 republice panuje k\u00a0um\u011bn\u00ed velk\u00fd respekt. Mysl\u00edm t\u00edm b\u011b\u017enou populaci, kter\u00e1 chod\u00ed do galeri\u00ed a&nbsp;mysl\u00ed si, \u017ee tomu mus\u00ed rozum\u011bt. A&nbsp;tam jsou v\u011bci, objekty, v\u00fdstavy, um\u011blci, kte\u0159\u00ed se pohybuj\u00ed v&nbsp;tom pov\u00fd\u0161en\u00e9m sv\u011bt\u011b hlubok\u00fdch v\u00fdznam\u016f, souvislost\u00ed a&nbsp;jemn\u00e9ho p\u0159ediva. Na v\u00fdstavy se u&nbsp;n\u00e1s st\u00e1le je\u0161t\u011b chod\u00ed za v\u00fdjime\u010dn\u00fdm estetick\u00fdm \u010di kulturn\u00edm z\u00e1\u017eitkem, co\u017e v\u00a0zahrani\u010d\u00ed u\u017e d\u00e1vno tak nen\u00ed. Lidi jdou b\u011b\u017en\u011b na ve\u010de\u0159i a&nbsp;p\u0159edt\u00edm si sko\u010d\u00ed na v\u00fdstavu a&nbsp;tam jsou t\u0159eba jen p\u016fl hodiny. Pat\u0159\u00ed to k&nbsp;jejich \u017eivotn\u00edmu stylu b\u011b\u017en\u011bji ne\u017e u&nbsp;n\u00e1s. Situace v\u00a0\u010cesku nen\u00ed vlastn\u011b \u00fapln\u011b dobr\u00e1, proto\u017ee to jen posiluje status lid\u00ed, kte\u0159\u00ed se kolem um\u011bn\u00ed motaj\u00ed. Cel\u00fd ten sv\u011bt um\u011bn\u00ed \u2013 um\u011blci, kur\u00e1to\u0159i, \u0159editel\u00e9 instituc\u00ed, galeristi, sb\u011bratel\u00e9, odborn\u00e1 ve\u0159ejnost&#8230; v\u0161ichni vytv\u00e1\u0159ej\u00ed kruh, kter\u00fd se vz\u00e1jemn\u011b posiluje, proto\u017ee v\u0161ichni z&nbsp;toho maj\u00ed prosp\u011bch. Nemysl\u00edm jen finan\u010dn\u00ed, ale t\u0159eba statusov\u00fd, odborn\u00fd. Jsou sou\u010d\u00e1st\u00ed privilegovan\u00e9ho sv\u011bta, kter\u00fd se pova\u017euje za kultivovan\u011bj\u0161\u00ed, jemn\u011bj\u0161\u00ed, hlub\u0161\u00ed, u\u0161lechtilej\u0161\u00ed, hodnotn\u011bj\u0161\u00ed, lid\u0161t\u011bj\u0161\u00ed.<\/p>\r\n<p><strong>Nesouvis\u00ed to s&nbsp;t\u00edm, \u017ee n\u00e1m obecn\u011b chyb\u00ed kritick\u00e9 my\u0161len\u00ed?<\/strong> <br \/>\r\n To v\u00a0ur\u010dit\u00e9 m\u00ed\u0159e chyb\u00ed obecn\u011b n\u00e1m v\u0161em, i&nbsp;ve sv\u011bt\u011b. J\u00e1 p\u0159esn\u011b nev\u00edm, pro\u010d tomu tak je, ale plat\u00ed to obecn\u011b. Skute\u010dnost je takov\u00e1, \u017ee \u010ce\u0161i status um\u011blce a\u017e p\u0159ehnan\u011b respektuj\u00ed.<\/p>\r\n<p><strong>Mo\u017en\u00e1 i&nbsp;p\u0159ece\u0148uj\u00ed?<\/strong><br \/>\r\n No, sp\u00ed\u0161 podce\u0148uj\u00ed sebe jako konzumenta, n\u00e1v\u0161t\u011bvn\u00edka, div\u00e1ka. Sou\u010dasn\u00e9 um\u011bn\u00ed tomu nav\u00edc moc nepom\u00e1h\u00e1.\u00a0 Existuj\u00ed v\u00fdstavy a&nbsp;um\u011blci, kde se div\u00e1k v\u016fbec nechyt\u00e1 a&nbsp;nev\u00ed, jestli si z&nbsp;n\u011bho n\u00e1hodou um\u011blec ned\u011bl\u00e1 srandu. Nev\u00ed, jestli je \u00fapln\u011b nesv\u00e9pr\u00e1vn\u00fd, proto\u017ee to nech\u00e1pe, nen\u00ed schopen to nahl\u00e9dnout. Samoz\u0159ejm\u011b pom\u00e1h\u00e1, kdy\u017e \u010dlov\u011bk m\u00e1 n\u011bjakou \u0161ir\u0161\u00ed zku\u0161enost, tak\u017ee m\u00e1 schopnost ocenit t\u0159eba v&nbsp;hudb\u011b v\u011bci, kter\u00e9 by norm\u00e1ln\u011b nesly\u0161el, nebo souvislosti, kter\u00e9 by si jinak neuv\u011bdomoval. Ale nem\u011blo by to b\u00fdt podm\u00ednkou.<\/p>\r\n<p><strong>Co by tuhle pozici \u010desk\u00e9ho div\u00e1ka mohlo zm\u011bnit? Vodit d\u011bti odmala do galeri\u00ed?<\/strong><br \/>\r\n Tohle samoz\u0159ejm\u011b pom\u00e1h\u00e1, ale sou\u010dasn\u011b by m\u011bla existovat osv\u011bta pro ve\u0159ejnost, kter\u00e1 sv\u011bt um\u011bn\u00ed zp\u0159\u00edstup\u0148uje v\u0161em. Um\u011bn\u00ed by nem\u011blo m\u00edt tu aureolu vzne\u0161en\u00e9ho a&nbsp;vz\u00e1cn\u00e9ho, ale m\u011blo by b\u00fdt sou\u010d\u00e1st\u00ed sv\u011bta \u00fapln\u011b ka\u017ed\u00e9ho. Je spousta um\u011bn\u00ed, kter\u00e9mu nen\u00ed t\u0159eba rozum\u011bt, proto\u017ee o&nbsp;to v\u016fbec nejde. Jde o&nbsp;jin\u00fd typ z\u00e1\u017eitku. Jestli v\u00e1s to zaj\u00edm\u00e1, jestli v\u00e1s to vzru\u0161uje, jestli v\u00e1s to t\u011b\u0161\u00ed. Ka\u017ed\u00fd si m\u016f\u017ee naj\u00edt sv\u00e9 obl\u00edbence a&nbsp;je to n\u011bco, z\u00a0\u010deho bychom nem\u011bli m\u00edt strach. Ono to toti\u017e za\u010d\u00edn\u00e1 t\u0159eba u\u017e tak, \u017ee jdete do galerie, kde m\u00e1te v\u00a0pat\u00e1ch kustoda, kter\u00fd v\u00e1m \u0159\u00edk\u00e1, abyste n\u00e1hodou ned\u00fdchali na obraz, nebo se kouk\u00e1, zda si n\u00e1hodou nechcete odn\u00e9st t\u0159\u00edtunovou sochu v\u00a0kapse. M\u00e1te prost\u011b pocit, \u017ee jste v\u00a0nep\u0159\u00e1telsk\u00e9m prost\u0159ed\u00ed. Ale tak\u00e9 to se m\u011bn\u00ed, i&nbsp;kdy\u017e to jde ztuha. Zkr\u00e1tka m\u00edt sebev\u011bdom\u00ed a&nbsp;neb\u00e1t se toho.<\/p>\r\n<p><strong>Co je podle v\u00e1s nejv\u011bt\u0161\u00ed ne\u0161var sou\u010dasn\u00e9 \u010desk\u00e9 um\u011bleck\u00e9 sc\u00e9ny? Je to ten zm\u00edn\u011bn\u00fd snobimus?<\/strong><br \/>\r\n Ono to m\u00e1 hned n\u011bkolik aspekt\u016f. Jednak syst\u00e9mov\u00fd \u2013 mysl\u00edm podporu ze strany spole\u010dnosti, ze strany st\u00e1tu, a&nbsp;to je nesm\u00edrn\u011b smutn\u00e1 kapitola. Pak jde o&nbsp;to, jak funguj\u00ed dne\u0161n\u00ed um\u011blci, nakolik jsou sebev\u011bdom\u00ed, anebo to, s&nbsp;\u010d\u00edm se musej\u00ed vyrovn\u00e1vat a&nbsp;jak funguj\u00ed na um\u011bleck\u00e9 sc\u00e9n\u011b. Ale ob\u00e1v\u00e1m se, \u017ee to je p\u0159\u00edli\u0161 ko\u0161at\u00e9 t\u00e9ma. My m\u00e1me na terase kav\u00e1rny takov\u00fd odpadkov\u00fd ko\u0161, kter\u00fd m\u00e1 barvy \u010desk\u00e9 vlajky a&nbsp;je na n\u011bm naps\u00e1no \u010desk\u00e1 kultura. Je to samoz\u0159ejm\u011b nads\u00e1zka, je to kritick\u00e9, ale n\u011bco to vyjad\u0159uje. St\u00e1tn\u00ed podpora sou\u010dasn\u00e9ho um\u011bn\u00ed je prost\u011b tristn\u00ed. A&nbsp;v\u00a0literatu\u0159e to je \u00fapln\u011b stra\u0161n\u00e9. Praha z\u00edskala v\u00a0roce 2014 titul Kreativn\u00ed m\u011bsto literatury UNESCO. Loni nebo p\u0159edloni dala na literaturu t\u0159i a&nbsp;p\u016fl nebo \u010dty\u0159i a&nbsp;p\u016fl milionu, u\u017e si to p\u0159esn\u011b nepamatuji, proto\u017ee jsem byl tak rozzu\u0159en\u00fd, \u017ee jsem to vymazal. Na ve\u0161ker\u00e9 grantov\u00e9 \u017e\u00e1dosti rozd\u011blili \u0159ekn\u011bme \u010dty\u0159i miliony korun pro pot\u0159eby v\u0161ech subjekt\u016f, kter\u00e9 \u017e\u00e1daly o&nbsp;podporu na literaturu. To jsou t\u0159eba spolky nebo iniciativy, kter\u00e9 cht\u011bj\u00ed v\u00e9st d\u011bti ke \u010dten\u00ed. To jsou lidi, kte\u0159\u00ed to v\u0161echno d\u011blaj\u00ed z\u00a0l\u00e1sky, na koleni. Nemaj\u00ed pen\u00edze na nic a&nbsp;\u017e\u00e1daj\u00ed dvacet tis\u00edc podporu, aby si mohli n\u011bco vytisknout, a&nbsp;oni jim daj\u00ed dva tis\u00edce, nebo jim nedaj\u00ed nic. Je to opravdu ostudn\u00e9, vedle toho je na tom v\u00fdtvarn\u00e9 um\u011bn\u00ed p\u0159ece jen daleko l\u00e9pe. Praha m\u00e1 p\u0159itom obrovsk\u00e9 pen\u00edze, kter\u00e9 ale neum\u00ed dob\u0159e rozd\u011blovat. Doufejme, \u017ee se to zm\u011bn\u00ed a&nbsp;\u017ee na magistr\u00e1tu budou te\u010f tro\u0161ku jin\u00e9 pom\u011bry. <br \/>\r\n <br \/>\r\n <strong>Ostatn\u011b i&nbsp;DOX se v\u011bnuje literatu\u0159e\u2026<\/strong><br \/>\r\n Ano, vzducholo\u010f Gulliver je zasv\u011bcen\u00e1 literatu\u0159e. Gulliver je toti\u017e posel z\u00a0jin\u00fdch sv\u011bt\u016f a&nbsp;t\u00edm poslem je i&nbsp;literatura. Je to n\u011bco mezi nebem a&nbsp;zem\u00ed. A&nbsp;m\u00e1 to \u00fasp\u011bch, p\u0159esto, \u017ee na autorsk\u00e1 \u010dten\u00ed a&nbsp;liter\u00e1rn\u00ed diskuze se v\u00a0t\u00e9hle zemi nechod\u00ed. V&nbsp;liter\u00e1rn\u00edch kav\u00e1rn\u00e1ch m\u016f\u017eete ud\u011blat v\u00fdborn\u00fd program, a&nbsp;kdy\u017e tam sed\u00ed dvacet lid\u00ed a&nbsp;z\u00a0toho p\u016flka jsou rodinn\u00ed p\u0159\u00edslu\u0161n\u00edci autora, tak u\u017e je to slu\u0161n\u00e1 n\u00e1v\u0161t\u011bvnost. My m\u00e1me b\u011b\u017en\u011b sedmdes\u00e1t osmdes\u00e1t lid\u00ed, co\u017e jsou vlastn\u011b po\u0159\u00e1d mal\u00e1 \u010d\u00edsla, ale ve sv\u011bt\u011b to nen\u00ed o&nbsp;moc lep\u0161\u00ed. Gulliver ale nen\u00ed \u017e\u00e1dn\u00e9 liter\u00e1rn\u00ed centrum. D\u00edky specifick\u00e9 architektu\u0159e se v\u00a0n\u011bm daj\u00ed po\u0159\u00e1dat akce v\u00a0jarn\u00ed a&nbsp;podzimn\u00ed sezon\u011b a&nbsp;ty se d\u011bj\u00ed zhruba ve\u00a0dvout\u00fddenn\u00ed frekvenci. My krom\u011b v\u00fdstav d\u011bl\u00e1me v\u00edce ne\u017e dv\u011b st\u011b akc\u00ed ro\u010dn\u011b, a&nbsp;to nepo\u010d\u00edt\u00e1m stovky program\u016f pro \u0161koly, tak\u017ee nem\u016f\u017eeme m\u00edt program ka\u017ed\u00fd den. Jde n\u00e1m o&nbsp;to propojovat literaturu s\u00a0um\u011bn\u00edm nebo t\u0159eba divadlem. Proto jsme postavili s\u00e1l DOX+, kter\u00fd n\u00e1m umo\u017e\u0148uje d\u011blat divadeln\u00ed a&nbsp;tane\u010dn\u00ed p\u0159edstaven\u00ed, koncerty nebo filmov\u00e9 projekce. Domovskou sc\u00e9nu zde m\u00e1 vynikaj\u00edc\u00ed divadeln\u00ed soubor Farma v\u00a0jeskyni.<br \/>\r\n <br \/>\r\n <strong>Co tedy konkr\u00e9tn\u011b m\u00e1te s\u00a0nov\u00fdm s\u00e1lem v\u00a0pl\u00e1nu?<\/strong><br \/>\r\n V&nbsp;DOX+ se chceme zam\u011b\u0159it na \u017eiv\u00e9 um\u011bn\u00ed. D\u00edky sv\u00e9 podob\u011b a&nbsp;v\u00fdborn\u00e9 akustice se tento s\u00e1l skv\u011ble hod\u00ed pro koncerty soudob\u00e9 hudby, na kter\u00fdch spolupracujeme s&nbsp;\u010desk\u00fdmi prvoligov\u00fdmi t\u011blesy a&nbsp;festivaly. S\u00e1l s&nbsp;podobn\u00fdmi parametry toti\u017e v\u00a0Praze dote\u010f chyb\u011bl a&nbsp;my se p\u0159i volb\u011b programu sna\u017e\u00edme neduplikovat to, co u\u017e tady je, ale p\u0159ich\u00e1zet s\u00a0t\u00edm, co tu chyb\u00ed. V\u00a0dlouhodob\u00e9m horizontu bychom r\u00e1di nejen p\u0159iv\u00e1\u017eeli a&nbsp;koprodukovali, ale tak\u00e9 iniciovali vznik nov\u00fdch tane\u010dn\u00edch a&nbsp;divadeln\u00edch inscenac\u00ed a&nbsp;projekt\u016f na pomez\u00ed \u017e\u00e1nr\u016f. Hlavn\u00edm krit\u00e9riem je pro n\u00e1s originalita a&nbsp;nezam\u011bnitelnost rukopisu tv\u016frc\u016f a&nbsp;jejich n\u00e1hled na sou\u010dasn\u00fd sv\u011bt.<\/p>\r\n<p><strong>Vy s\u00e1m jste se tak\u00e9 um\u011blecky anga\u017eoval, a&nbsp;to coby \u010dlen um\u011bleck\u00e9 skupiny Pode Bal&#8230;<\/strong> <br \/>\r\n Tu skupinu zalo\u017eil Petr Moty\u010dka, co\u017e byl syn m\u00e9ho kolegy, kter\u00fd u&nbsp;m\u011b v\u00a0Austr\u00e1lii pracoval jako lezec. Vystudoval um\u011bn\u00ed a&nbsp;oslovil m\u011b, jestli bych se nep\u0159ipojil. Byl jsem \u010dlenem osm deset let. Pod\u00edlel jsem se t\u0159eba na projektu Mal\u00edk urvi, co\u017e se dalo \u010d\u00edst jako mal\u00fd kurvy, kde jsme p\u0159edstavili lidi, kte\u0159\u00ed byli tou dobou ve vl\u00e1d\u011b a&nbsp;m\u011bli komunistickou minulost. T\u0159eba tehdej\u0161\u00ed ministr Kavan, na kter\u00e9ho jsme z\u00a0Lond\u00fdna p\u0159ivezli spis, kde byl veden\u00fd jako agent Kato. Tvrdili, \u017ee n\u00e1s za\u017ealuj\u00ed, ale to se nestalo. My jsme to samoz\u0159ejm\u011b konzultovali s\u00a0pr\u00e1vn\u00edky a&nbsp;na v\u0161echno m\u011bli d\u016fkazy. Bylo to v\u00a0M\u00e1nesu a&nbsp;na vernis\u00e1\u017e p\u0159i\u0161lo tehdy asi dva tis\u00edce lid\u00ed. Kdy\u017e jsem ale za\u010dal s\u00a0DOXem, tak jsem z\u00a0t\u00e9 skupiny vystoupil, proto\u017ee jsem nepova\u017eoval za dobr\u00e9 b\u00fdt \u010dlenem a&nbsp;z\u00e1rove\u0148 Pode Bal vystavovat. Z\u00a0tvorby Pode Bal je\u00a0 tu k\u00a0vid\u011bn\u00ed t\u0159eba Kristus z\u00a0bot.<\/p>\r\n<p><strong>M\u00e1te \u010das na n\u00e1v\u0161t\u011bvu v\u00fdstav jinde ne\u017e v\u00a0DOXu?<\/strong> <br \/>\r\n Ob\u010das. Ono to tak b\u00fdv\u00e1, \u017ee kdy\u017e \u010dlov\u011bk n\u011bco d\u011bl\u00e1, tak nem\u00e1 \u010das \u0161mejdit okolo. Ale sleduji, co se d\u011bje. <br \/>\r\n Ve Veletr\u017en\u00edm pal\u00e1ci byla v\u00fdborn\u00e1 v\u00fdstava Magdaleny Jetelov\u00e9. To, co tam d\u011bl\u00e1 Ji\u0159\u00ed Fajt, d\u011bl\u00e1 v\u00fdborn\u011b. M\u011bl by m\u00edt daleko lep\u0161\u00ed podm\u00ednky, ne\u017e m\u00e1. Dobr\u00e9 v\u00fdstavy jsou i&nbsp;v&nbsp;Galerii hlavn\u00edho m\u011bsta Prahy nebo v\u00a0Um\u011bleckopr\u016fmyslov\u00e9m muzeu. Zaj\u00edmav\u00e9 v\u00fdstavy d\u011bl\u00e1 tak\u00e9 Petr Nedoma v\u00a0Rudolfinu, tam byl v\u00fdborn\u00fd t\u0159eba Kry\u0161tof Kintera.<\/p>\r\n<p><strong>M\u00e1te vlastn\u00ed sb\u00edrku um\u011bn\u00ed?<\/strong><br \/>\r\n M\u00e1m n\u011bjak\u00e9 v\u011bci, ale nen\u00ed to sb\u00edrka. Neberu to jako investici. Ale zn\u00e1m\u00e1 v\u011bc je, \u017ee v\u0161ichni super bohat\u00ed lid\u00e9 kon\u010d\u00ed v\u00a0um\u011bn\u00ed, proto\u017ee tam to nem\u00e1 limit. Charakter um\u011bn\u00ed jako tot\u00e1ln\u00edho feti\u0161e je absolutn\u00ed. Kdy\u017e si m\u016f\u017eete koupit n\u011bco za 3,5 miliardy korun, tak to jsou stra\u0161n\u00e9 \u010d\u00e1stky. Jedin\u00fdm ur\u010dovatelem hodnoty je trh, kdo je ochoten to zaplatit, tak to zaplat\u00ed. Ta hodnota je v&nbsp;privilegiu, \u017ee si to m\u016f\u017eete dovolit. Ale obraz, kter\u00fd n\u011bkdo namaloval, nem\u016f\u017ee m\u00edt \u017e\u00e1dnou vnit\u0159n\u00ed hodnotu, kter\u00e1 by se dala vyj\u00e1d\u0159it pen\u011bzi. Za ty pen\u00edze m\u016f\u017eete po\u0159\u00eddit t\u0159eba nemocnici. Je vlastn\u011b smutn\u00e9, \u017ee to nikdo nevid\u00ed.<\/p>\r\n<p><strong>Jsme zase u&nbsp;pen\u011bz. Jak moc se na va\u0161ich p\u0159\u00edjmech pod\u00edl\u00ed vstupn\u00e9? A&nbsp;neuva\u017eoval jste n\u011bkdy, \u017ee byste zavedl den vstupu zdarma?<\/strong> <br \/>\r\n My bychom to nejrad\u011bji d\u011blali cel\u00e9 zdarma. Ze vstupn\u00e9ho je zhruba deset procent na\u0161ich p\u0159\u00edjm\u016f. Kdy\u017e jste n\u011bkde mezi osmi a&nbsp;dvan\u00e1cti procenty, tak u\u017e to je dobr\u00e9 \u010d\u00edslo. Ze vstupn\u00e9ho se neu\u017eiv\u00ed ani ty ne\u00fasp\u011b\u0161n\u011bj\u0161\u00ed galerie na sv\u011bt\u011b, a\u0165 je to Centre Pompidou, Tate Modern, MoMa. Ty maj\u00ed obrovsk\u00e1 fundraisingov\u00e1 odd\u011blen\u00ed, des\u00edtky lid\u00ed, kte\u0159\u00ed ned\u011blaj\u00ed nic jin\u00e9ho, ne\u017e neust\u00e1le kultivuj\u00ed z\u00e1kladnu podporovatel\u016f. U&nbsp;n\u00e1s to d\u011blaj\u00ed dva lid\u00e9. V\u011bt\u0161ina t\u011bch potenci\u00e1ln\u00edch partner\u016f, sponzor\u016f, firem, korporac\u00ed, m\u00e1 nav\u00edc dost zjednodu\u0161enou p\u0159edstavu o&nbsp;spolupr\u00e1ci s\u00a0kulturn\u00edmi institucemi. V\u011bt\u0161inou cht\u011bj\u00ed vid\u011bt p\u0159\u00edm\u00e9 spojen\u00ed sv\u00e9ho produktu a&nbsp;sv\u00e9ho byznysu s\u00a0v\u00fdstavou nebo s\u00a0instituc\u00ed. <br \/>\r\n <br \/>\r\n <strong>Jak velk\u00fd t\u00fdm se vlastn\u011b na\u00a0provozu DOXu pod\u00edl\u00ed?<\/strong> <br \/>\r\n Dvac\u00edtka lid\u00ed, kte\u0159\u00ed zaji\u0161\u0165uj\u00ed v\u00fdstavy, programy, eduka\u010dn\u00ed aktivity, komunikaci, marketing, PR, n\u00e1v\u0161t\u011bvnick\u00fd servis, technick\u00e9 zaji\u0161t\u011bn\u00ed projekt\u016f\u2026 K&nbsp;tomu je dal\u0161\u00edch pades\u00e1t lid\u00ed v\u00a0pozici kustod\u016f, kte\u0159\u00ed rotuj\u00ed na r\u016fzn\u00e9 t\u0159etinov\u00e9, \u010dtvrtinov\u00e9 \u00favazky \u2013 studenti, d\u016fchodci. Pak je tady \u00fadr\u017eba, technici instalace. To u\u017e je takov\u00e1 vydatn\u00e1 instituce.<\/p>\r\n<p><strong>Na \u010dem te\u010f aktu\u00e1ln\u011b pracujete?<\/strong><br \/>\r\n V\u00fdstavn\u00ed program m\u00e1me napl\u00e1novan\u00fd na dva a&nbsp;p\u016fl roku dop\u0159edu, tak\u017ee se nenud\u00edm. Sou\u010dasn\u011b je pot\u0159eba DOX udr\u017eet v\u00a0chodu a&nbsp;t\u011bch v\u011bc\u00ed, co mus\u00edm post\u00edhat, je opravdu hodn\u011b. Je to takov\u00fd nekone\u010dn\u00fd proces, ale j\u00e1 jsem na to navykl\u00fd. Prost\u011b jsem se takov\u00fd narodil, nem\u016f\u017eu si pomoct.\u00a0<\/p>\r\n<p><strong>Um\u00edte odpo\u010d\u00edvat?<\/strong> <br \/>\r\n Ne. Nechyb\u00ed mi to, i&nbsp;kdy\u017e v\u00edm, \u017ee je to nezdrav\u00e9. Samoz\u0159ejm\u011b, \u017ee um\u00edm n\u011bkde poleh\u00e1vat a&nbsp;\u010d\u00edst si, ale tak jeden den. Ale opravdu nem\u00e1m vybalancovan\u00fd \u017eivotn\u00ed styl, \u017ee bych r\u00e1no vypil p\u016fl litru vody a&nbsp;\u0161el si zacvi\u010dit\u2026 (sm\u00edch)<br \/>\r\n <br \/>\r\n <strong>Ani na hory si neud\u011bl\u00e1te \u010das?\u00a0<\/strong> <br \/>\r\n Ale ano, ob\u010das ano, se star\u00fdmi zn\u00e1m\u00fdmi, ale opravdu jen velmi rekrea\u010dn\u011b.\u00a0<\/p>\r\n<p><strong>Tak\u017ee DOX je v\u00e1\u0161 sv\u011bt\u2026<\/strong><br \/>\r\n Je to tak, v\u00a0podstat\u011b ned\u011bl\u00e1m nic jin\u00e9ho, ale je to ko\u0161at\u00fd sv\u011bt a&nbsp;je to pot\u011b\u0161uj\u00edc\u00ed. Je to privilegium, \u017ee \u010dlov\u011bk m\u016f\u017ee d\u011blat to, co chce d\u011blat. J\u00e1 jsem takov\u00fd zarputilec, a&nbsp;kdy\u017e se do n\u011b\u010deho zakousnu, tak to nepust\u00edm. A&nbsp;kdyby n\u00e1m n\u00e1hodou do\u0161el dech, tak je za n\u00e1mi t\u011bch deset let. Galerie, kter\u00e1 je jasn\u011b na map\u011b. <br \/>\r\n <br \/>\r\n <strong>Kdykoliv v\u00e1s n\u011bkde vid\u00edm, m\u00e1te na sob\u011b vestu, co v\u00a0n\u00ed nos\u00edte?<\/strong><br \/>\r\n V\u0161echno. \u017d\u00e1dn\u00e9 poklady ale ne\u010dekejte, jsou to \u010dist\u011b praktick\u00e9 v\u011bci \u2013 t\u0159eba baterka, ta je stra\u0161n\u011b d\u016fle\u017eit\u00e1, proto\u017ee po\u0159\u00e1d kouk\u00e1te do n\u011bjak\u00fdch technick\u00fdch v\u011bc\u00ed. Tu\u017eky, n\u016f\u017e, zv\u011bt\u0161ovac\u00ed sklo, kombinovan\u00fd n\u016f\u017e, \u010delovka, pak m\u00edsto na m\u016fj velk\u00fd notes, t\u011bch v\u011bc\u00ed je asi dvacet. Po\u0159\u00e1d p\u0159eskakuju z\u00a0role do role\u2026<br \/>\r\n <br \/>\r\n <strong>Kolik jich m\u00e1te?<\/strong><br \/>\r\n No asi deset, od v\u011bc\u00ed kur\u00e1torsk\u00fdch p\u0159es produk\u010dn\u00ed, technick\u00e9, servisn\u00ed, finan\u010dn\u00ed a\u017e po ty teoretick\u00e9\u2026<br \/>\r\n <br \/>\r\n <strong>Anebo jdete opravit okap\u2026<\/strong> <br \/>\r\n No, kdy\u017e tam nikdo jin\u00fd nevleze, tak ano. <br \/>\r\n <br \/>\r\n <strong>Jak\u00fd m\u00e1te vztah k\u00a0Praze 7? Bydl\u00edte na Sedmi\u010dce?<\/strong><br \/>\r\n Ne, to ne. J\u00e1 nechci b\u00fdt na DOX nalepen\u00fd, to bych tu opravdu u\u017e mohl i&nbsp;sp\u00e1t. Ale je to tu v\u00fdborn\u00e9, j\u00e1 jsem hodn\u011b cestoval, a&nbsp;tady to prost\u011b milujeme, Hole\u0161ovice jsou opravdu pupek sv\u011bta. (sm\u00edch) Ta atmosf\u00e9ra je fajn. Ono se to sice zkaz\u00ed \u2013 je to toti\u017e hez\u010d\u00ed a&nbsp;hez\u010d\u00ed a&nbsp;to je probl\u00e9m, ale to se ned\u00e1 nic d\u011blat, to je nevyhnuteln\u00fd proces. Na\u0161t\u011bst\u00ed to jde o&nbsp;dost pomaleji, ne\u017e si v\u0161ichni mysleli. Je tady t\u0159eba spousta kav\u00e1rni\u010dek, m\u00e1 to sv\u016fj charakter a&nbsp;po\u0159\u00e1d je to zaj\u00edmav\u00e9. Zat\u00edm to nen\u00ed v\u0161echno leskl\u00e9 a&nbsp;barevn\u00e9. <br \/>\r\n <br \/>\r\n <strong>Co tu m\u00e1te nejrad\u011bji?<\/strong><br \/>\r\n M\u00e1m moc r\u00e1d hosp\u016fdku U&nbsp;Budyho u&nbsp;Libe\u0148sk\u00e9ho mostu. Jsou tam tramp\u00edci, brnkaj\u00ed na kytary, pop\u00edjej\u00ed pivo, to je romantika. <br \/>\r\n <br \/>\r\n <strong>Co \u0159\u00edk\u00e1te projektu Art District 7?<\/strong><br \/>\r\n Nen\u00ed to \u00fapln\u011b nejorigin\u00e1ln\u011bj\u0161\u00ed koncept, ten model ve sv\u011bt\u011b existuje u\u017e t\u0159icet let, ale je fajn, \u017ee se to d\u011bje, proto\u017ee \u010d\u00edm v\u00edc galeri\u00ed tu bude narvan\u00fdch, t\u00edm l\u00edp.<br \/>\r\n <br \/>\r\n <img loading=\"lazy\" src=\"https:\/\/www.praha7.cz\/wp-content\/uploads\/2018\/12\/Leos-Valka3-600x400.jpg\" alt=\"\" width=\"600\" height=\"400\" class=\"alignnone size-medium wp-image-21734\" srcset=\"https:\/\/www.praha7.cz\/wp-content\/uploads\/2018\/12\/Leos-Valka3-600x400.jpg 600w, https:\/\/www.praha7.cz\/wp-content\/uploads\/2018\/12\/Leos-Valka3-768x513.jpg 768w, https:\/\/www.praha7.cz\/wp-content\/uploads\/2018\/12\/Leos-Valka3-1497x1000.jpg 1497w, https:\/\/www.praha7.cz\/wp-content\/uploads\/2018\/12\/Leos-Valka3.jpg 1593w\" sizes=\"(max-width: 600px) 100vw, 600px\" \/><\/p>\r\n<hr \/>\r\n<p>Leo\u0161 V\u00e1lka (*1953) emigroval v&nbsp;roce 1981 do Austr\u00e1lie, kde zalo\u017eil n\u011bkolik firem a&nbsp;podnikal v&nbsp;oblasti staveb, interi\u00e9rov\u00e9ho designu a&nbsp;developmentu. V&nbsp;roce 1996 se natrvalo usadil v&nbsp;Praze, kde inicioval a&nbsp;s&nbsp;finan\u010dn\u00ed pomoc\u00ed dal\u0161\u00edch partner\u016f otev\u0159el Centrum sou\u010dasn\u00e9ho um\u011bn\u00ed DOX, nejv\u011bt\u0161\u00ed soukromou v\u00fdstavn\u00ed instituci v&nbsp;\u010cesk\u00e9 republice, kter\u00e1 ro\u010dn\u011b po\u0159\u00e1d\u00e1 des\u00edtky v\u00fdstav a&nbsp;stovky program\u016f. V&nbsp;roce 2011 z\u00edskal Leo\u0161 V\u00e1lka na z\u00e1klad\u011b nominace prezidentem V\u00e1clavem Havlem cenu Ministerstva kultury \u010cR za dlouhodob\u00fd p\u0159\u00ednos a&nbsp;z\u00e1sluhy v&nbsp;oblasti v\u00fdtvarn\u00e9ho um\u011bn\u00ed.<\/p>","protected":false},"excerpt":{"rendered":"[perex] Koupil tov\u00e1rnu v\u00a0Poup\u011btov\u011b ulici s\u00a0\u00famyslem vybudovat zde lofty. Pak sv\u016fj n\u00e1zor zm\u011bnil. \u201eSt\u00e1l jsem v\u00a0hale a&nbsp;dovnit\u0159 sv\u00edtilo slunce p\u0159es ta industri\u00e1ln\u00ed ok\u00fdnka. Bylo to \u00fa\u017easn\u011b romantick\u00e9 a&nbsp;j\u00e1 jsem pochopil, \u017ee by byl h\u0159\u00edch ud\u011blat z&nbsp;toho byty,\u201c \u0159\u00edk\u00e1 Leo\u0161 V\u00e1lka, zakladatel a&nbsp;\u0159editel Centra sou\u010dasn\u00e9ho um\u011bn\u00ed DOX, kter\u00e9 letos oslavilo des\u00e1t\u00e9 narozeniny.\u00a0 [\/perex] DOX se za [&hellip;]","protected":false},"author":76,"featured_media":21735,"comment_status":"closed","ping_status":"open","sticky":false,"template":"","format":"standard","meta":[],"categories":[37],"tags":[],"_links":{"self":[{"href":"https:\/\/www.praha7.cz\/api\/wp\/v2\/posts\/21730"}],"collection":[{"href":"https:\/\/www.praha7.cz\/api\/wp\/v2\/posts"}],"about":[{"href":"https:\/\/www.praha7.cz\/api\/wp\/v2\/types\/post"}],"author":[{"embeddable":true,"href":"https:\/\/www.praha7.cz\/api\/wp\/v2\/users\/76"}],"replies":[{"embeddable":true,"href":"https:\/\/www.praha7.cz\/api\/wp\/v2\/comments?post=21730"}],"version-history":[{"count":8,"href":"https:\/\/www.praha7.cz\/api\/wp\/v2\/posts\/21730\/revisions"}],"predecessor-version":[{"id":21768,"href":"https:\/\/www.praha7.cz\/api\/wp\/v2\/posts\/21730\/revisions\/21768"}],"wp:featuredmedia":[{"embeddable":true,"href":"https:\/\/www.praha7.cz\/api\/wp\/v2\/media\/21735"}],"wp:attachment":[{"href":"https:\/\/www.praha7.cz\/api\/wp\/v2\/media?parent=21730"}],"wp:term":[{"taxonomy":"category","embeddable":true,"href":"https:\/\/www.praha7.cz\/api\/wp\/v2\/categories?post=21730"},{"taxonomy":"post_tag","embeddable":true,"href":"https:\/\/www.praha7.cz\/api\/wp\/v2\/tags?post=21730"}],"curies":[{"name":"wp","href":"https:\/\/api.w.org\/{rel}","templated":true}]}}