    
{"id":21529,"date":"2018-11-27T13:34:41","date_gmt":"2018-11-27T12:34:41","guid":{"rendered":"https:\/\/www.praha7.cz\/?p=21529"},"modified":"2018-12-04T14:41:16","modified_gmt":"2018-12-04T13:41:16","slug":"rada-hl-m-prahy-schvalila-zamer-rekonstrukce-libenskeho-mostu","status":"publish","type":"post","link":"https:\/\/www.praha7.cz\/rada-hl-m-prahy-schvalila-zamer-rekonstrukce-libenskeho-mostu\/","title":{"rendered":"Rada hl. m. Prahy schv\u00e1lila z\u00e1m\u011br rekonstrukce Libe\u0148sk\u00e9ho mostu"},"content":{"rendered":"<p>[perex]<\/p>\r\n<p>Libe\u0148sk\u00fd most \u010dek\u00e1 citliv\u00e1 rekonstrukce a&nbsp;nebude se bourat. Takov\u00e9 rozhodnut\u00ed dnes schv\u00e1lila Rada hlavn\u00edho m\u011bsta Prahy. Nyn\u00ed budou prov\u011b\u0159eny r\u016fzn\u00e9 varianty oprav mostu a&nbsp;na ja\u0159e padne rozhodnut\u00ed o&nbsp;dal\u0161\u00edm postupu.<\/p>\r\n<p>[\/perex]<\/p>\r\n<p><em>\u201ePln\u00edme programov\u00e9 prohl\u00e1\u0161en\u00ed a&nbsp;p\u0159edvolebn\u00ed slib, kdy okam\u017eit\u011b po ustanoven\u00ed Rady schvalujeme pl\u00e1n na rekonstrukci Libe\u0148sk\u00e9ho mostu a&nbsp;dal\u0161\u00ed kroky k\u00a0jeho z\u00e1chran\u011b. D\u00edky koali\u010dn\u00ed shod\u011b dojde k\u00a0zastaven\u00ed degradac\u00ed mostu z\u00e1kladn\u00edmi opravami, kter\u00e9 budou vizu\u00e1ln\u011b znateln\u00e9 ji\u017e p\u0159\u00ed\u0161t\u00ed rok. D\u00edky p\u0159\u00edpravn\u00fdm prac\u00edm a&nbsp;studii porovn\u00e1me nejlep\u0161\u00ed variantu pro Libe\u0148sk\u00fd most. D\u00e1v\u00e1me jasn\u00fd sign\u00e1l a&nbsp;po 90 letech, kdy se mostu nikdo nev\u011bnoval, mu dop\u0159ejeme p\u00e9\u010di, kterou si tolik zaslou\u017e\u00ed,\u201c<\/em> uvedl <em><strong>n\u00e1<\/strong><strong>m\u011bstek prim\u00e1tora hl. m. Prahy Adam Scheinherr<\/strong><\/em>.<\/p>\r\n<p>Za\u010dnou tedy opravy vn\u011bj\u0161\u00edho l\u00edce, schodi\u0161\u0165, sloup\u016f osv\u011btlen\u00ed a&nbsp;z\u00e1bradl\u00ed s\u00a0c\u00edlem zastavit degradaci mostu a&nbsp;obnoven jeho d\u016fstojn\u00fd vzhled. Z\u00a0mostu budou tak\u00e9 p\u0159elo\u017eeny in\u017een\u00fdrsk\u00e9 s\u00edt\u011b, a&nbsp;to do podchod\u016f proveden\u00fdch pod Vltavou. Po zvolen\u00ed jedn\u00e9 varianty opravy mostu bude organizov\u00e1n workshop s\u00a0t\u00e9matem kompletn\u00edho \u0159e\u0161en\u00ed \u010d\u00e1sti Libe\u0148sk\u00e9ho mostu mimo \u0159eku s\u00a0d\u016frazem na \u0159e\u0161en\u00ed protipovod\u0148ov\u00e9 ochrany a&nbsp;dopravy v\u00a0prostoru Palmovky.<\/p>","protected":false},"excerpt":{"rendered":"[perex] Libe\u0148sk\u00fd most \u010dek\u00e1 citliv\u00e1 rekonstrukce a&nbsp;nebude se bourat. Takov\u00e9 rozhodnut\u00ed dnes schv\u00e1lila Rada hlavn\u00edho m\u011bsta Prahy. Nyn\u00ed budou prov\u011b\u0159eny r\u016fzn\u00e9 varianty oprav mostu a&nbsp;na ja\u0159e padne rozhodnut\u00ed o&nbsp;dal\u0161\u00edm postupu. [\/perex] \u201ePln\u00edme programov\u00e9 prohl\u00e1\u0161en\u00ed a&nbsp;p\u0159edvolebn\u00ed slib, kdy okam\u017eit\u011b po ustanoven\u00ed Rady schvalujeme pl\u00e1n na rekonstrukci Libe\u0148sk\u00e9ho mostu a&nbsp;dal\u0161\u00ed kroky k\u00a0jeho z\u00e1chran\u011b. D\u00edky koali\u010dn\u00ed shod\u011b dojde [&hellip;]","protected":false},"author":5,"featured_media":12404,"comment_status":"closed","ping_status":"open","sticky":false,"template":"","format":"standard","meta":[],"categories":[34,74],"tags":[],"_links":{"self":[{"href":"https:\/\/www.praha7.cz\/api\/wp\/v2\/posts\/21529"}],"collection":[{"href":"https:\/\/www.praha7.cz\/api\/wp\/v2\/posts"}],"about":[{"href":"https:\/\/www.praha7.cz\/api\/wp\/v2\/types\/post"}],"author":[{"embeddable":true,"href":"https:\/\/www.praha7.cz\/api\/wp\/v2\/users\/5"}],"replies":[{"embeddable":true,"href":"https:\/\/www.praha7.cz\/api\/wp\/v2\/comments?post=21529"}],"version-history":[{"count":1,"href":"https:\/\/www.praha7.cz\/api\/wp\/v2\/posts\/21529\/revisions"}],"predecessor-version":[{"id":21530,"href":"https:\/\/www.praha7.cz\/api\/wp\/v2\/posts\/21529\/revisions\/21530"}],"wp:featuredmedia":[{"embeddable":true,"href":"https:\/\/www.praha7.cz\/api\/wp\/v2\/media\/12404"}],"wp:attachment":[{"href":"https:\/\/www.praha7.cz\/api\/wp\/v2\/media?parent=21529"}],"wp:term":[{"taxonomy":"category","embeddable":true,"href":"https:\/\/www.praha7.cz\/api\/wp\/v2\/categories?post=21529"},{"taxonomy":"post_tag","embeddable":true,"href":"https:\/\/www.praha7.cz\/api\/wp\/v2\/tags?post=21529"}],"curies":[{"name":"wp","href":"https:\/\/api.w.org\/{rel}","templated":true}]}}