    
{"id":21523,"date":"2018-11-27T12:33:36","date_gmt":"2018-11-27T11:33:36","guid":{"rendered":"https:\/\/www.praha7.cz\/?p=21523"},"modified":"2018-11-27T12:33:36","modified_gmt":"2018-11-27T11:33:36","slug":"od-stredy-zacnou-prace-na-oprave-komunikace-u-prazske-zoo","status":"publish","type":"post","link":"https:\/\/www.praha7.cz\/od-stredy-zacnou-prace-na-oprave-komunikace-u-prazske-zoo\/","title":{"rendered":"Od st\u0159edy za\u010dnou pr\u00e1ce na oprav\u011b komunikace u&nbsp;pra\u017esk\u00e9 ZOO"},"content":{"rendered":"<p>[perex]<\/p>\r\n<p>Ve st\u0159edu 28.&nbsp;11.&nbsp;za\u010dne Technick\u00e1 spr\u00e1va komunikac\u00ed hl. m. Prahy s\u00a0opravou ulice U&nbsp;Trojsk\u00e9ho z\u00e1mku, a&nbsp;to p\u0159ed vjezdem na spodn\u00ed parkovi\u0161t\u011b u&nbsp;ZOO Praha. Pr\u00e1ce budou v&nbsp;prvn\u00ed f\u00e1zi prov\u00e1zet kr\u00e1tkodob\u00e1 m\u00edstn\u00ed dopravn\u00ed omezen\u00ed. Na p\u0159elomu b\u0159ezna a&nbsp;dubna pak bude komunikace na 14&nbsp;dn\u00ed uzav\u0159en\u00e1 z&nbsp;d\u016fvodu rekonstrukce vozovky a&nbsp;pokl\u00e1dky nov\u00e9ho povrchu.<br \/>\r\n [\/perex]<\/p>\r\n<p>Pr\u00e1ce budou zah\u00e1jeny roz\u0161\u00ed\u0159en\u00edm vozovky ji\u017en\u011b od Trojsk\u00e9ho z\u00e1mku mezi parkovi\u0161ti u&nbsp;z\u00e1mku a&nbsp;do ZOO Praha, kter\u00e9 potrvaj\u00ed dle pl\u00e1nu do 7.&nbsp;12.&nbsp;2018. D\u016fvodem roz\u0161\u00ed\u0159en\u00ed je n\u00e1sledn\u00e1 oprava kanalizace a&nbsp;jej\u00ed proveden\u00ed za \u010d\u00e1ste\u010dn\u00e9ho provozu tak, aby nebyl v\u00fdrazn\u011b naru\u0161en provoz parkovi\u0161\u0165 s\u00a0ohledem na n\u00e1v\u0161t\u011bvn\u00edky ZOO.<\/p>\r\n<p>Sou\u010d\u00e1st\u00ed projektu je rekonstrukce samotn\u00e9 komunikace, kdy dojde k\u00a0jej\u00ed prostorov\u00e9 \u00faprav\u011b, a&nbsp;d\u00e1le nov\u011b \u0159e\u0161en\u00e9 odvodn\u011bn\u00ed. Bude z\u0159\u00edzena nov\u00e1 de\u0161\u0165ov\u00e1 kanalizace v&nbsp;d\u00e9lce cca 70m s&nbsp;napojen\u00edm do vodote\u010de a&nbsp;budou z\u0159\u00edzeny nov\u00e9 uli\u010dn\u00ed vpusti.<\/p>\r\n<p><strong>DOPRAVN\u00cd OMEZEN\u00cd:<\/strong><\/p>\r\n<p>&#8211;\u00a0\u00a0\u00a0\u00a0\u00a0\u00a0\u00a0 od 28.&nbsp;11.&nbsp;2018 \u2013 m\u00edstn\u00ed omezen\u00ed<\/p>\r\n<p>&#8211;\u00a0\u00a0\u00a0\u00a0\u00a0\u00a0\u00a0 b\u0159ezen &#8211; duben 2019 \u2013 uzav\u0159en\u00ed komunikace na cca 14 dn\u016f z\u00a0d\u016fvodu rekonstrukce vozovky a&nbsp;pokl\u00e1dky nov\u00e9ho povrchu<\/p>","protected":false},"excerpt":{"rendered":"[perex] Ve st\u0159edu 28.&nbsp;11.&nbsp;za\u010dne Technick\u00e1 spr\u00e1va komunikac\u00ed hl. m. Prahy s\u00a0opravou ulice U&nbsp;Trojsk\u00e9ho z\u00e1mku, a&nbsp;to p\u0159ed vjezdem na spodn\u00ed parkovi\u0161t\u011b u&nbsp;ZOO Praha. Pr\u00e1ce budou v&nbsp;prvn\u00ed f\u00e1zi prov\u00e1zet kr\u00e1tkodob\u00e1 m\u00edstn\u00ed dopravn\u00ed omezen\u00ed. Na p\u0159elomu b\u0159ezna a&nbsp;dubna pak bude komunikace na 14&nbsp;dn\u00ed uzav\u0159en\u00e1 z&nbsp;d\u016fvodu rekonstrukce vozovky a&nbsp;pokl\u00e1dky nov\u00e9ho povrchu. [\/perex] Pr\u00e1ce budou zah\u00e1jeny roz\u0161\u00ed\u0159en\u00edm vozovky ji\u017en\u011b od [&hellip;]","protected":false},"author":5,"featured_media":15167,"comment_status":"closed","ping_status":"open","sticky":false,"template":"","format":"standard","meta":[],"categories":[34],"tags":[],"_links":{"self":[{"href":"https:\/\/www.praha7.cz\/api\/wp\/v2\/posts\/21523"}],"collection":[{"href":"https:\/\/www.praha7.cz\/api\/wp\/v2\/posts"}],"about":[{"href":"https:\/\/www.praha7.cz\/api\/wp\/v2\/types\/post"}],"author":[{"embeddable":true,"href":"https:\/\/www.praha7.cz\/api\/wp\/v2\/users\/5"}],"replies":[{"embeddable":true,"href":"https:\/\/www.praha7.cz\/api\/wp\/v2\/comments?post=21523"}],"version-history":[{"count":2,"href":"https:\/\/www.praha7.cz\/api\/wp\/v2\/posts\/21523\/revisions"}],"predecessor-version":[{"id":21525,"href":"https:\/\/www.praha7.cz\/api\/wp\/v2\/posts\/21523\/revisions\/21525"}],"wp:featuredmedia":[{"embeddable":true,"href":"https:\/\/www.praha7.cz\/api\/wp\/v2\/media\/15167"}],"wp:attachment":[{"href":"https:\/\/www.praha7.cz\/api\/wp\/v2\/media?parent=21523"}],"wp:term":[{"taxonomy":"category","embeddable":true,"href":"https:\/\/www.praha7.cz\/api\/wp\/v2\/categories?post=21523"},{"taxonomy":"post_tag","embeddable":true,"href":"https:\/\/www.praha7.cz\/api\/wp\/v2\/tags?post=21523"}],"curies":[{"name":"wp","href":"https:\/\/api.w.org\/{rel}","templated":true}]}}