    
{"id":21480,"date":"2018-11-23T10:41:58","date_gmt":"2018-11-23T09:41:58","guid":{"rendered":"https:\/\/www.praha7.cz\/?p=21480"},"modified":"2018-11-23T10:44:12","modified_gmt":"2018-11-23T09:44:12","slug":"vanocni-stromky-ktere-se-vrati-do-lesa","status":"publish","type":"post","link":"https:\/\/www.praha7.cz\/vanocni-stromky-ktere-se-vrati-do-lesa\/","title":{"rendered":"V\u00e1no\u010dn\u00ed stromky, kter\u00e9 se vr\u00e1t\u00ed do lesa"},"content":{"rendered":"<p>[perex]<br \/>\r\n Po lo\u0148sk\u00e9m \u00fasp\u011bchu pilotn\u00edho ro\u010dn\u00edku projektu V\u00e1no\u010dn\u00ed jedli\u010dka s&nbsp;budoucnost\u00ed p\u0159\u00edsp\u011bvkov\u00e1 organizace Lesy hl. m. Prahy v&nbsp;p\u0159edv\u00e1no\u010dn\u00edm \u010dase znovu zahajuje prodej speci\u00e1ln\u00edch v\u00e1no\u010dn\u00edch jedli\u010dek v&nbsp;kv\u011btin\u00e1\u010d\u00edch. Lesy hl. m. Prahy tak Pra\u017ean\u016fm nab\u00edzej\u00ed mo\u017enost zvolit si za sv\u016fj v\u00e1no\u010dn\u00ed strom takov\u00fd stromek, kter\u00fd mo\u017en\u00e1 nespl\u0148uje v\u0161echny n\u00e1ro\u010dn\u00e9 parametry dokonal\u00e9ho v\u00e1no\u010dn\u00edho stromu, ale jeho\u017e zato po V\u00e1noc\u00edch ne\u010dek\u00e1 smutn\u00fd osud u&nbsp;kontejner\u016f nebo na skl\u00e1dce. Lesn\u00edci letos p\u0159ipravili celkem 400 jedli\u010dek, kter\u00e9 bude mo\u017en\u00e9 na ja\u0159e vysadit bu\u010f na zahradu, anebo p\u0159\u00edmo do lesa mezi ostatn\u00ed stromy. Spole\u010dn\u00e9 vysazov\u00e1n\u00ed b\u00fdval\u00fdch v\u00e1no\u010dn\u00edch jedli\u010dek Lesy hl. m. Prahy pl\u00e1nuj\u00ed na 7.&nbsp;dubna 2019 v&nbsp;Kunratick\u00e9m lese.<\/p>\r\n<p>[\/perex]<\/p>\r\n<p>Zhruba p\u016flmetrov\u00e9 stromky poch\u00e1zej\u00ed z&nbsp;lesn\u00ed \u0161kolky ve Star\u00e9 Boleslavi. P\u0159i dodr\u017een\u00ed spr\u00e1vn\u00e9ho postupu (pomal\u00e1 teplotn\u00ed aklimatizace, zal\u00e9v\u00e1n\u00ed a&nbsp;zaji\u0161\u0165ov\u00e1n\u00ed vzdu\u0161n\u00e9 vlhkosti) by m\u011bly v&nbsp;po\u0159\u00e1dku zvl\u00e1dnout sv\u016fj n\u00e1ro\u010dn\u00fd v\u00e1no\u010dn\u00ed \u00fakol ve vytopen\u00fdch pra\u017esk\u00fdch domech a&nbsp;bytech. \u201eA proto\u017ee se nejedn\u00e1 o&nbsp;standardn\u00ed v\u00e1no\u010dn\u00ed jehli\u010dnany p\u011bstovan\u00e9 pr\u00e1v\u011b a&nbsp;pouze pro v\u00e1no\u010dn\u00ed obdob\u00ed, n\u00fdbr\u017e o&nbsp;stromky b\u011b\u017en\u011b p\u011bstovan\u00e9 pro v\u00fdsadby v&nbsp;krajin\u011b, m\u011bly by posl\u00e9ze \u00fasp\u011b\u0161n\u011b zvl\u00e1dnout i&nbsp;p\u0159esun do zem\u011b na zahrad\u011b nebo v&nbsp;lese,\u201c \u0159\u00edk\u00e1 Petra Fi\u0161erov\u00e1, tiskov\u00e1 mluv\u010d\u00ed Les\u016f hl. m. Prahy. Ten, kdo nedisponuje zahradou, kam by jedli\u010dku po zim\u011b mohl zasadit, anebo ten, kdo chce stromku v\u011bnovat \u00faplnou svobodu, m\u016f\u017ee jej vz\u00edt v&nbsp;ned\u011bli 7.&nbsp;dubna 2019 ve 14 hodin do Kunratick\u00e9ho lesa, kde se budou b\u00fdval\u00e9 v\u00e1no\u010dn\u00ed jedli\u010dky pod dohledem pra\u017esk\u00fdch lesn\u00edk\u016f vysazovat. Jedli\u010dky se zde p\u0159ipoj\u00ed ke sv\u00fdm p\u0159edch\u016fdkyn\u00edm, kter\u00e9 Pra\u017ean\u00e9 v&nbsp;lese vysadili letos na ja\u0159e. Z&nbsp;lo\u0148sk\u00fdch 250 v\u00e1no\u010dn\u00edch jedli\u010dek se do lesa dostala asi stovka.<\/p>\r\n<p>Od pond\u011bl\u00ed 19.&nbsp;11.&nbsp;2018 si z\u00e1jemci mohou stromky zakoupit na n\u011bkter\u00e9m ze 7 prodejn\u00edch m\u00edst v&nbsp;r\u016fzn\u00fdch \u010d\u00e1stech hlavn\u00edho m\u011bsta: Pro jedli\u010dku mohou vyrazit do Zahradnictv\u00ed \u010e\u00e1blice \u2013 b\u011bhem otev\u00edrac\u00ed doby, do ekocentra Prales ve Kbel\u00edch \u2013 b\u011bhem otev\u00edrac\u00ed doby nebo p\u0159\u00edmo k&nbsp;jednotliv\u00fdm h\u00e1jovn\u00e1m Les\u016f hl. m. Prahy (\u010cimick\u00fd h\u00e1j, Chuchelsk\u00fd h\u00e1j, Hostiva\u0159sk\u00fd lesopark a&nbsp;Divok\u00e1 \u0160\u00e1rka). V&nbsp;leto\u0161n\u00edm roce se pro stromek m\u016f\u017eete nov\u011b vydat tak\u00e9 do Stromovky, do zdej\u0161\u00edho are\u00e1lu Les\u016f hl. m. Prahy nedaleko vstupu z&nbsp;ulice Gotthardsk\u00e1. Na uveden\u00e1 \u010d\u00edsla, pros\u00edme, volejte pouze v&nbsp;pracovn\u00edch dnech. S&nbsp;odpov\u011bdnou osobou se po telefonu domluv\u00edte, kdy si stromek vyzvednete.<\/p>\r\n<p>&nbsp;<\/p>\r\n<table style=\"width: 1185px;\">\r\n<tbody>\r\n<tr>\r\n<td style=\"width: 301px;\"><strong>Prodejn\u00ed m\u00edsto<\/strong><\/td>\r\n<td style=\"width: 391px;\"><strong>Odpov\u011bdn\u00e1 osoba<\/strong><\/td>\r\n<td style=\"width: 507px;\"><strong>Prodejn\u00ed doba<\/strong><\/td>\r\n<\/tr>\r\n<tr>\r\n<td style=\"width: 301px;\">Zahradnictv\u00ed \u010e\u00e1blice<\/td>\r\n<td style=\"width: 391px;\">Lenka Zimmelov\u00e1, tel.: 775&nbsp;565&nbsp;729<\/td>\r\n<td style=\"width: 507px;\"><a href=\"http:\/\/www.lhmp.cz\/zelen\/okrasna-skolka-a-zahradnictvi\/oteviraci-doba-a-kontakty\/\">B\u011bhem otv\u00edrac\u00ed doby<\/a><\/td>\r\n<\/tr>\r\n<tr>\r\n<td style=\"width: 301px;\">ekocentrum Prales<\/td>\r\n<td style=\"width: 391px;\">Michaela Kubernatov\u00e1, tel.: 773&nbsp;776&nbsp;575<\/td>\r\n<td style=\"width: 507px;\"><a href=\"http:\/\/www.lhmp.cz\/eko\/ekocentrum-prales\/kudy-a-kdy-do-pralesa\/\">B\u011bhem otv\u00edrac\u00ed doby<\/a><\/td>\r\n<\/tr>\r\n<tr>\r\n<td style=\"width: 301px;\">\u010cimick\u00fd h\u00e1j<\/td>\r\n<td style=\"width: 391px;\">Karel Malenick\u00fd, tel.: 777&nbsp;827&nbsp;798<\/td>\r\n<td style=\"width: 507px;\"><em>Bude dopln\u011bno<\/em><\/td>\r\n<\/tr>\r\n<tr>\r\n<td style=\"width: 301px;\">Chuchelsk\u00fd h\u00e1j<\/td>\r\n<td style=\"width: 391px;\">Daniel \u0160\u00edpek, tel.: 774&nbsp;176&nbsp;422<\/td>\r\n<td style=\"width: 507px;\">\u00daT 7:00 \u2013 8:30, \u010cT 14:30 \u2013 15:30<\/td>\r\n<\/tr>\r\n<tr>\r\n<td style=\"width: 301px;\">Hostiva\u0159sk\u00fd lesopark<\/td>\r\n<td style=\"width: 391px;\">Zuzana Hejzlarov\u00e1, tel.: 770&nbsp;152&nbsp;581<\/td>\r\n<td style=\"width: 507px;\">ST 16:00 \u2013 18:00<\/td>\r\n<\/tr>\r\n<tr>\r\n<td style=\"width: 301px;\">Divok\u00e1 \u0160\u00e1rka<\/td>\r\n<td style=\"width: 391px;\">Ond\u0159ej Gadu\u0161, tel.: 777&nbsp;827&nbsp;799<\/td>\r\n<td style=\"width: 507px;\">ST a&nbsp;P\u00c1 11:30 \u2013 12:00<\/td>\r\n<\/tr>\r\n<tr>\r\n<td style=\"width: 301px;\">Stromovka<\/td>\r\n<td style=\"width: 391px;\">Ivana Ko\u017ee\u0161n\u00edkov\u00e1, tel.: 778&nbsp;477&nbsp;394<\/td>\r\n<td style=\"width: 507px;\">PO-P\u00c1 11:00 \u2013 11:30, 14:30 \u2013 15:00<\/td>\r\n<\/tr>\r\n<\/tbody>\r\n<\/table>\r\n<p>&nbsp;<\/p>\r\n<p>Cena za jeden stromek je 100&nbsp;K\u010d. Krom\u011b stromku kupuj\u00edc\u00ed obdr\u017e\u00ed i&nbsp;podrobn\u00fd n\u00e1vod, jak se o&nbsp;jedli\u010dku b\u011bhem V\u00e1noc starat. Akce Les\u016f hl. m. Prahy je inspirov\u00e1na projektem V\u00e1no\u010dn\u00ed stromky zp\u00e1tky do lesa, kter\u00fd ji\u017e od roku 1998 v&nbsp;Brn\u011b realizuje Ekologick\u00fd institut Veronica.<\/p>\r\n<p>Jedle b\u011blokor\u00e1 v&nbsp;minulosti b\u00fdvala na\u0161\u00edm nejhojn\u011bj\u0161\u00edm jehli\u010dnanem, v&nbsp;pr\u016fb\u011bhu 20.&nbsp;stolet\u00ed v\u0161ak z&nbsp;\u010desk\u00fdch les\u016f tak\u0159ka vymizela, a&nbsp;to hlavn\u011b kv\u016fli nevhodn\u00e9mu zp\u016fsobu hospoda\u0159en\u00ed v&nbsp;les\u00edch, vysou\u0161en\u00ed krajiny nebo pr\u016fmyslov\u00fdm imis\u00edm. V\u00fdsadbami mlad\u00fdch sazenic j\u00ed pom\u00e1h\u00e1me postupn\u011b se do \u010desk\u00e9 p\u0159\u00edrody zase vracet. Jej\u00ed sazenice jsou pravideln\u011b sou\u010d\u00e1st\u00ed ka\u017edoro\u010dn\u00edch v\u00fdsadeb v&nbsp;pra\u017esk\u00fdch les\u00edch, jen letos na ja\u0159e jsme v&nbsp;Praze vysadili skoro 4,5 tis\u00edce mlad\u00fdch jedl\u00ed.<\/p>\r\n<p>Krom\u011b jedli\u010dek v&nbsp;kv\u011btin\u00e1\u010d\u00edch budou Lesy hl. m. Prahy v&nbsp;p\u0159edv\u00e1no\u010dn\u00edm obdob\u00ed prod\u00e1vat tak\u00e9 klasick\u00e9 \u0159ezan\u00e9 v\u00e1no\u010dn\u00ed stromky, kter\u00e9 lesn\u00edci vytipovali p\u0159i nezbytn\u00fdch v\u00fdchovn\u00fdch prob\u00edrk\u00e1ch v&nbsp;lesn\u00edch porostech.<\/p>","protected":false},"excerpt":{"rendered":"[perex] Po lo\u0148sk\u00e9m \u00fasp\u011bchu pilotn\u00edho ro\u010dn\u00edku projektu V\u00e1no\u010dn\u00ed jedli\u010dka s&nbsp;budoucnost\u00ed p\u0159\u00edsp\u011bvkov\u00e1 organizace Lesy hl. m. Prahy v&nbsp;p\u0159edv\u00e1no\u010dn\u00edm \u010dase znovu zahajuje prodej speci\u00e1ln\u00edch v\u00e1no\u010dn\u00edch jedli\u010dek v&nbsp;kv\u011btin\u00e1\u010d\u00edch. Lesy hl. m. Prahy tak Pra\u017ean\u016fm nab\u00edzej\u00ed mo\u017enost zvolit si za sv\u016fj v\u00e1no\u010dn\u00ed strom takov\u00fd stromek, kter\u00fd mo\u017en\u00e1 nespl\u0148uje v\u0161echny n\u00e1ro\u010dn\u00e9 parametry dokonal\u00e9ho v\u00e1no\u010dn\u00edho stromu, ale jeho\u017e zato po V\u00e1noc\u00edch [&hellip;]","protected":false},"author":5,"featured_media":21481,"comment_status":"closed","ping_status":"open","sticky":false,"template":"","format":"standard","meta":[],"categories":[34],"tags":[],"_links":{"self":[{"href":"https:\/\/www.praha7.cz\/api\/wp\/v2\/posts\/21480"}],"collection":[{"href":"https:\/\/www.praha7.cz\/api\/wp\/v2\/posts"}],"about":[{"href":"https:\/\/www.praha7.cz\/api\/wp\/v2\/types\/post"}],"author":[{"embeddable":true,"href":"https:\/\/www.praha7.cz\/api\/wp\/v2\/users\/5"}],"replies":[{"embeddable":true,"href":"https:\/\/www.praha7.cz\/api\/wp\/v2\/comments?post=21480"}],"version-history":[{"count":4,"href":"https:\/\/www.praha7.cz\/api\/wp\/v2\/posts\/21480\/revisions"}],"predecessor-version":[{"id":21485,"href":"https:\/\/www.praha7.cz\/api\/wp\/v2\/posts\/21480\/revisions\/21485"}],"wp:featuredmedia":[{"embeddable":true,"href":"https:\/\/www.praha7.cz\/api\/wp\/v2\/media\/21481"}],"wp:attachment":[{"href":"https:\/\/www.praha7.cz\/api\/wp\/v2\/media?parent=21480"}],"wp:term":[{"taxonomy":"category","embeddable":true,"href":"https:\/\/www.praha7.cz\/api\/wp\/v2\/categories?post=21480"},{"taxonomy":"post_tag","embeddable":true,"href":"https:\/\/www.praha7.cz\/api\/wp\/v2\/tags?post=21480"}],"curies":[{"name":"wp","href":"https:\/\/api.w.org\/{rel}","templated":true}]}}