    
{"id":21457,"date":"2018-11-22T11:57:41","date_gmt":"2018-11-22T10:57:41","guid":{"rendered":"https:\/\/www.praha7.cz\/?p=21457"},"modified":"2018-11-23T15:55:27","modified_gmt":"2018-11-23T14:55:27","slug":"poradna-ergoterapie-dne-22-11-zrusena","status":"publish","type":"post","link":"https:\/\/www.praha7.cz\/poradna-ergoterapie-dne-22-11-zrusena\/","title":{"rendered":"Zru\u0161en\u00e1 poradna ergoterapie dne 22.11."},"content":{"rendered":"<p>[perex]<br \/>\r\n Z&nbsp;d\u016fvodu nemoci je poradna ergoterapie dne 22.&nbsp;listopadu (14-16 hodin Infocentrum P7, Milady Hor\u00e1kov\u00e9 2) zav\u0159ena.<br \/>\r\n <br \/>\r\n D\u011bkujeme za pochopen\u00ed.<\/p>\r\n<p>[\/perex]<\/p>","protected":false},"excerpt":{"rendered":"[perex] Z&nbsp;d\u016fvodu nemoci je poradna ergoterapie dne 22.&nbsp;listopadu (14-16 hodin Infocentrum P7, Milady Hor\u00e1kov\u00e9 2) zav\u0159ena. D\u011bkujeme za pochopen\u00ed. [\/perex]","protected":false},"author":76,"featured_media":21459,"comment_status":"closed","ping_status":"open","sticky":false,"template":"","format":"standard","meta":[],"categories":[1],"tags":[],"_links":{"self":[{"href":"https:\/\/www.praha7.cz\/api\/wp\/v2\/posts\/21457"}],"collection":[{"href":"https:\/\/www.praha7.cz\/api\/wp\/v2\/posts"}],"about":[{"href":"https:\/\/www.praha7.cz\/api\/wp\/v2\/types\/post"}],"author":[{"embeddable":true,"href":"https:\/\/www.praha7.cz\/api\/wp\/v2\/users\/76"}],"replies":[{"embeddable":true,"href":"https:\/\/www.praha7.cz\/api\/wp\/v2\/comments?post=21457"}],"version-history":[{"count":4,"href":"https:\/\/www.praha7.cz\/api\/wp\/v2\/posts\/21457\/revisions"}],"predecessor-version":[{"id":21499,"href":"https:\/\/www.praha7.cz\/api\/wp\/v2\/posts\/21457\/revisions\/21499"}],"wp:featuredmedia":[{"embeddable":true,"href":"https:\/\/www.praha7.cz\/api\/wp\/v2\/media\/21459"}],"wp:attachment":[{"href":"https:\/\/www.praha7.cz\/api\/wp\/v2\/media?parent=21457"}],"wp:term":[{"taxonomy":"category","embeddable":true,"href":"https:\/\/www.praha7.cz\/api\/wp\/v2\/categories?post=21457"},{"taxonomy":"post_tag","embeddable":true,"href":"https:\/\/www.praha7.cz\/api\/wp\/v2\/tags?post=21457"}],"curies":[{"name":"wp","href":"https:\/\/api.w.org\/{rel}","templated":true}]}}