    
{"id":21453,"date":"2018-11-22T11:23:32","date_gmt":"2018-11-22T10:23:32","guid":{"rendered":"https:\/\/www.praha7.cz\/?p=21453"},"modified":"2018-11-22T11:23:32","modified_gmt":"2018-11-22T10:23:32","slug":"zatory-zatory","status":"publish","type":"post","link":"https:\/\/www.praha7.cz\/zatory-zatory\/","title":{"rendered":"Z\u00e1tory? Z\u00e1tory!"},"content":{"rendered":"<p>[perex]<\/p>\r\n<p>Tajupln\u00e1 \u010dtvr\u0165 Prahy&nbsp;7 vst\u00e1v\u00e1 z&nbsp;popela. Zveme v\u00e1s na proch\u00e1zku v&nbsp;obrazech, prom\u00edt\u00e1n\u00ed filmu a&nbsp;pov\u00edd\u00e1n\u00ed o&nbsp;zmizel\u00e9 \u010d\u00e1sti Sedmi\u010dky. Setk\u00e1n\u00ed se kon\u00e1 ve \u010dtvrtek 29.&nbsp;11., od 18:00 hodin, na \u00da\u0159ad\u011b M\u010c Praha&nbsp;7, m\u00edstnost \u010d. 225, 2.&nbsp;patro. Vstup zdarma.<br \/>\r\n [\/perex]<\/p>\r\n<p>V\u00edce informac\u00ed: TaichT@Praha7.cz, tel. 603\u00a0372&nbsp;148<\/p>","protected":false},"excerpt":{"rendered":"[perex] Tajupln\u00e1 \u010dtvr\u0165 Prahy&nbsp;7 vst\u00e1v\u00e1 z&nbsp;popela. Zveme v\u00e1s na proch\u00e1zku v&nbsp;obrazech, prom\u00edt\u00e1n\u00ed filmu a&nbsp;pov\u00edd\u00e1n\u00ed o&nbsp;zmizel\u00e9 \u010d\u00e1sti Sedmi\u010dky. Setk\u00e1n\u00ed se kon\u00e1 ve \u010dtvrtek 29.&nbsp;11., od 18:00 hodin, na \u00da\u0159ad\u011b M\u010c Praha&nbsp;7, m\u00edstnost \u010d. 225, 2.&nbsp;patro. Vstup zdarma. [\/perex] V\u00edce informac\u00ed: TaichT@Praha7.cz, tel. 603\u00a0372&nbsp;148","protected":false},"author":5,"featured_media":21454,"comment_status":"closed","ping_status":"open","sticky":false,"template":"","format":"standard","meta":[],"categories":[34],"tags":[],"_links":{"self":[{"href":"https:\/\/www.praha7.cz\/api\/wp\/v2\/posts\/21453"}],"collection":[{"href":"https:\/\/www.praha7.cz\/api\/wp\/v2\/posts"}],"about":[{"href":"https:\/\/www.praha7.cz\/api\/wp\/v2\/types\/post"}],"author":[{"embeddable":true,"href":"https:\/\/www.praha7.cz\/api\/wp\/v2\/users\/5"}],"replies":[{"embeddable":true,"href":"https:\/\/www.praha7.cz\/api\/wp\/v2\/comments?post=21453"}],"version-history":[{"count":2,"href":"https:\/\/www.praha7.cz\/api\/wp\/v2\/posts\/21453\/revisions"}],"predecessor-version":[{"id":21456,"href":"https:\/\/www.praha7.cz\/api\/wp\/v2\/posts\/21453\/revisions\/21456"}],"wp:featuredmedia":[{"embeddable":true,"href":"https:\/\/www.praha7.cz\/api\/wp\/v2\/media\/21454"}],"wp:attachment":[{"href":"https:\/\/www.praha7.cz\/api\/wp\/v2\/media?parent=21453"}],"wp:term":[{"taxonomy":"category","embeddable":true,"href":"https:\/\/www.praha7.cz\/api\/wp\/v2\/categories?post=21453"},{"taxonomy":"post_tag","embeddable":true,"href":"https:\/\/www.praha7.cz\/api\/wp\/v2\/tags?post=21453"}],"curies":[{"name":"wp","href":"https:\/\/api.w.org\/{rel}","templated":true}]}}