    
{"id":21433,"date":"2018-11-21T14:21:52","date_gmt":"2018-11-21T13:21:52","guid":{"rendered":"https:\/\/www.praha7.cz\/?p=21433"},"modified":"2018-11-21T14:21:52","modified_gmt":"2018-11-21T13:21:52","slug":"udrzba-mostu-v-ulici-zeleznicaru","status":"publish","type":"post","link":"https:\/\/www.praha7.cz\/udrzba-mostu-v-ulici-zeleznicaru\/","title":{"rendered":"\u00dadr\u017eba mostu v&nbsp;ulici \u017delezni\u010d\u00e1\u0159\u016f"},"content":{"rendered":"<p>[perex]<\/p>\r\n<p>Upozor\u0148ujeme ob\u010dany na \u010d\u00e1ste\u010dn\u00e9 omezen\u00ed automobilov\u00e9 dopravy z\u00a0d\u016fvodu \u00fadr\u017eby mostu p\u0159es \u017eelezni\u010dn\u00ed tra\u0165 v&nbsp;ulici \u017delezni\u010d\u00e1\u0159\u016f, ke kter\u00e9mu dojde o&nbsp;v\u00edkendu 24.&nbsp;a&nbsp;25.&nbsp;11.<br \/>\r\n [\/perex]<\/p>\r\n<p>Most p\u0159es tra\u0165 v\u00a0ulici \u017delezni\u010d\u00e1\u0159\u016f bude po dobu \u00fadr\u017eby \u010d\u00e1ste\u010dn\u011b uzav\u0159en ve dvou etap\u00e1ch &#8211; 24.&nbsp;11., 6:00 &#8211; 20:00 a&nbsp;25.&nbsp;11., 6:00 &#8211; 16:00.<\/p>\r\n<p>V 1.&nbsp;etap\u011b dojde na most\u011b k&nbsp;z\u00e1boru j\u00edzdn\u00edho pruhu ve sm\u011bru do centra (sm\u011br z\u00a0ul. Jankovcova do ul. Bubensk\u00e1). Ve 2.&nbsp;etap\u011b bude uzav\u0159en j\u00edzdn\u00ed pruh ve sm\u011bru z&nbsp;centra. Provoz ve sm\u011bru do centra bude veden v&nbsp;obou etap\u00e1ch ul. \u017delezni\u010d\u00e1\u0159\u016f. Provoz ve sm\u011bru z&nbsp;centra bude veden po obj\u00edzdn\u00e9 trase (Bubensk\u00e1, Partiz\u00e1nsk\u00e1, Plyn\u00e1rn\u00ed, Veletr\u017en\u00ed, Dukelsk\u00fdch hrdin\u016f).<\/p>","protected":false},"excerpt":{"rendered":"[perex] Upozor\u0148ujeme ob\u010dany na \u010d\u00e1ste\u010dn\u00e9 omezen\u00ed automobilov\u00e9 dopravy z\u00a0d\u016fvodu \u00fadr\u017eby mostu p\u0159es \u017eelezni\u010dn\u00ed tra\u0165 v&nbsp;ulici \u017delezni\u010d\u00e1\u0159\u016f, ke kter\u00e9mu dojde o&nbsp;v\u00edkendu 24.&nbsp;a&nbsp;25.&nbsp;11. [\/perex] Most p\u0159es tra\u0165 v\u00a0ulici \u017delezni\u010d\u00e1\u0159\u016f bude po dobu \u00fadr\u017eby \u010d\u00e1ste\u010dn\u011b uzav\u0159en ve dvou etap\u00e1ch &#8211; 24.&nbsp;11., 6:00 &#8211; 20:00 a&nbsp;25.&nbsp;11., 6:00 &#8211; 16:00. V&nbsp;1.&nbsp;etap\u011b dojde na most\u011b k&nbsp;z\u00e1boru j\u00edzdn\u00edho pruhu ve sm\u011bru [&hellip;]","protected":false},"author":5,"featured_media":21436,"comment_status":"closed","ping_status":"open","sticky":false,"template":"","format":"standard","meta":[],"categories":[34],"tags":[],"_links":{"self":[{"href":"https:\/\/www.praha7.cz\/api\/wp\/v2\/posts\/21433"}],"collection":[{"href":"https:\/\/www.praha7.cz\/api\/wp\/v2\/posts"}],"about":[{"href":"https:\/\/www.praha7.cz\/api\/wp\/v2\/types\/post"}],"author":[{"embeddable":true,"href":"https:\/\/www.praha7.cz\/api\/wp\/v2\/users\/5"}],"replies":[{"embeddable":true,"href":"https:\/\/www.praha7.cz\/api\/wp\/v2\/comments?post=21433"}],"version-history":[{"count":1,"href":"https:\/\/www.praha7.cz\/api\/wp\/v2\/posts\/21433\/revisions"}],"predecessor-version":[{"id":21437,"href":"https:\/\/www.praha7.cz\/api\/wp\/v2\/posts\/21433\/revisions\/21437"}],"wp:featuredmedia":[{"embeddable":true,"href":"https:\/\/www.praha7.cz\/api\/wp\/v2\/media\/21436"}],"wp:attachment":[{"href":"https:\/\/www.praha7.cz\/api\/wp\/v2\/media?parent=21433"}],"wp:term":[{"taxonomy":"category","embeddable":true,"href":"https:\/\/www.praha7.cz\/api\/wp\/v2\/categories?post=21433"},{"taxonomy":"post_tag","embeddable":true,"href":"https:\/\/www.praha7.cz\/api\/wp\/v2\/tags?post=21433"}],"curies":[{"name":"wp","href":"https:\/\/api.w.org\/{rel}","templated":true}]}}