    
{"id":21355,"date":"2018-11-24T14:48:00","date_gmt":"2018-11-24T13:48:00","guid":{"rendered":"https:\/\/www.praha7.cz\/?p=21355"},"modified":"2018-11-26T12:49:23","modified_gmt":"2018-11-26T11:49:23","slug":"docasne-preruseni-provozu-tramvaji-v-useku-vystaviste-holesovice-nadrazi-holesovice","status":"publish","type":"post","link":"https:\/\/www.praha7.cz\/docasne-preruseni-provozu-tramvaji-v-useku-vystaviste-holesovice-nadrazi-holesovice\/","title":{"rendered":"Do\u010dasn\u00e9 p\u0159eru\u0161en\u00ed provozu tramvaj\u00ed v&nbsp;\u00faseku V\u00fdstavi\u0161t\u011b Hole\u0161ovice \u2013 N\u00e1dra\u017e\u00ed Hole\u0161ovice"},"content":{"rendered":"<p>[perex]<\/p>\r\n<p>Informujeme ob\u010dany, \u017ee z\u00a0d\u016fvodu opravy tramvajov\u00e9 trati bude\u00a0od\u00a0pond\u011bl\u00ed 26.\u00a0listopadu 2018\u00a0(p\u0159ibli\u017en\u011b od\u00a00.30\u00a0hodin) do\u00a0pond\u011bl\u00ed 3.\u00a0prosince 2018\u00a0(p\u0159ibli\u017en\u011b 0.30\u00a0hodin) obousm\u011brn\u011b p\u0159eru\u0161en tramvajov\u00fd provoz v\u00a0\u00faseku V\u00fdstavi\u0161t\u011b Hole\u0161ovice\u00a0\u2013\u00a0N\u00e1dra\u017e\u00ed Hole\u0161ovice.\u00a0V ulici U&nbsp;V\u00fdstavi\u0161t\u011b bude omezen tak\u00e9 automobilov\u00fd provoz.<br \/>\r\n [\/perex]<\/p>\r\n<p><strong>Zm\u011bny tras tramvajov\u00fdch linek<\/strong><\/p>\r\n<p>Linky \u010d\u00edslo 6 a\u00a094 budou v\u00a0\u00faseku Strossmayerovo n\u00e1m\u011bst\u00ed \u2013 Maniny odklon\u011bny p\u0159es zast\u00e1vky Vltavsk\u00e1 a\u00a0Pra\u017esk\u00e1 tr\u017enice.<br \/>\r\n Linka \u010d\u00edslo 12 bude\u00a0ve\u00a0sm\u011bru od\u00a0S\u00eddli\u0161t\u011b Barrandov ze zast\u00e1vky N\u00e1dra\u017e\u00ed Hole\u0161ovice odklon\u011bna p\u0159es\u00a0zast\u00e1vky Trojsk\u00e1, Ke\u00a0St\u00edrce a\u00a0Kobylisy do obrati\u0161t\u011b Vozovna Kobylisy, kde\u00a0bude\u00a0ukon\u010dena.<br \/>\r\n V\u0161echny spoje linky \u010d\u00edslo 17 budou vedeny pouze v\u00a0trase Levsk\u00e9ho \u2013 V\u00fdstavi\u0161t\u011b Hole\u0161ovice.<br \/>\r\n Linka \u010d\u00edslo 93 bude\u00a0v\u00a0\u00faseku Strossmayerovo n\u00e1m\u011bst\u00ed \u2013 N\u00e1dra\u017e\u00ed Hole\u0161ovice odklon\u011bna p\u0159es\u00a0zast\u00e1vky Vltavsk\u00e1, D\u011blnick\u00e1 a\u00a0Ortenovo n\u00e1m\u011bst\u00ed.<\/p>\r\n<p><strong>Zavedena bude tramvajov\u00e1 linka 37<\/strong><\/p>\r\n<p>V\u00a0denn\u00edm provozu bude\u00a0zavedena linka \u010d\u00edslo 37, kter\u00e1 zajist\u00ed n\u00e1hradn\u00ed dopravu v\u00a0oblasti Hole\u0161ovic. Pojede v\u00a0trase V\u00fdstavi\u0161t\u011b Hole\u0161ovice \u2013 Strossmayerovo n\u00e1m\u011bst\u00ed \u2013 Vltavsk\u00e1 \u2013 D\u011blnick\u00e1 \u2013 Ortenovo n\u00e1m\u011bst\u00ed \u2013 N\u00e1dra\u017e\u00ed Hole\u0161ovice \u2013 Ke\u00a0St\u00edrce \u2013 Kobylisy \u2013 Vozovna Kobylisy (provoz v\u00a0\u00faseku Kobylisy \u2013 Vozovna Kobylisy v\u00a0pracovn\u00ed dny p\u0159ibli\u017en\u011b od\u00a06.00 hodin do 19.30 hodin).<\/p>\r\n<p>N\u00e1hradn\u00ed autobusov\u00e1 doprava nebude zavedena.<\/p>\r\n<p><strong>Omezen\u00ed automobilov\u00e9ho provozu<\/strong><\/p>\r\n<p>Omezen\u00ed se v\u00a0ulici U&nbsp;V\u00fdstavi\u0161t\u011b dotknou tak\u00e9 automobilov\u00e9 dopravy. Uzav\u0159en je \u017eelezni\u010dn\u00ed podjezd z\u00a0ulice Partyz\u00e1nsk\u00e1 a&nbsp;spojen\u00ed do ulice Dukelsk\u00fdch hrdin\u016f funguje pouze jednosm\u011brn\u011b sm\u011brem od V\u00fdstavi\u0161t\u011b. K\u00a0V\u00fdstavi\u0161ti se tak \u0159idi\u010di dostanou z\u00a0ulice Bubensk\u00e1. \u00a0<\/p>\r\n<p>&nbsp;<\/p>\r\n<p><img loading=\"lazy\" src=\"https:\/\/www.praha7.cz\/wp-content\/uploads\/2018\/11\/v\u00fdluka-v\u00fdstavi\u0161t\u011b.png\" alt=\"\" width=\"731\" height=\"600\" class=\"alignnone size-full wp-image-21428\" srcset=\"https:\/\/www.praha7.cz\/wp-content\/uploads\/2018\/11\/v\u00fdluka-v\u00fdstavi\u0161t\u011b.png 731w, https:\/\/www.praha7.cz\/wp-content\/uploads\/2018\/11\/v\u00fdluka-v\u00fdstavi\u0161t\u011b-487x400.png 487w\" sizes=\"(max-width: 731px) 100vw, 731px\" \/><\/p>","protected":false},"excerpt":{"rendered":"[perex] Informujeme ob\u010dany, \u017ee z\u00a0d\u016fvodu opravy tramvajov\u00e9 trati bude\u00a0od\u00a0pond\u011bl\u00ed 26.\u00a0listopadu 2018\u00a0(p\u0159ibli\u017en\u011b od\u00a00.30\u00a0hodin) do\u00a0pond\u011bl\u00ed 3.\u00a0prosince 2018\u00a0(p\u0159ibli\u017en\u011b 0.30\u00a0hodin) obousm\u011brn\u011b p\u0159eru\u0161en tramvajov\u00fd provoz v\u00a0\u00faseku V\u00fdstavi\u0161t\u011b Hole\u0161ovice\u00a0\u2013\u00a0N\u00e1dra\u017e\u00ed Hole\u0161ovice.\u00a0V ulici U&nbsp;V\u00fdstavi\u0161t\u011b bude omezen tak\u00e9 automobilov\u00fd provoz. [\/perex] Zm\u011bny tras tramvajov\u00fdch linek Linky \u010d\u00edslo 6 a\u00a094 budou v\u00a0\u00faseku Strossmayerovo n\u00e1m\u011bst\u00ed \u2013 Maniny odklon\u011bny p\u0159es zast\u00e1vky Vltavsk\u00e1 a\u00a0Pra\u017esk\u00e1 tr\u017enice. Linka \u010d\u00edslo 12 [&hellip;]","protected":false},"author":5,"featured_media":21356,"comment_status":"closed","ping_status":"open","sticky":false,"template":"","format":"standard","meta":[],"categories":[34],"tags":[],"_links":{"self":[{"href":"https:\/\/www.praha7.cz\/api\/wp\/v2\/posts\/21355"}],"collection":[{"href":"https:\/\/www.praha7.cz\/api\/wp\/v2\/posts"}],"about":[{"href":"https:\/\/www.praha7.cz\/api\/wp\/v2\/types\/post"}],"author":[{"embeddable":true,"href":"https:\/\/www.praha7.cz\/api\/wp\/v2\/users\/5"}],"replies":[{"embeddable":true,"href":"https:\/\/www.praha7.cz\/api\/wp\/v2\/comments?post=21355"}],"version-history":[{"count":4,"href":"https:\/\/www.praha7.cz\/api\/wp\/v2\/posts\/21355\/revisions"}],"predecessor-version":[{"id":21514,"href":"https:\/\/www.praha7.cz\/api\/wp\/v2\/posts\/21355\/revisions\/21514"}],"wp:featuredmedia":[{"embeddable":true,"href":"https:\/\/www.praha7.cz\/api\/wp\/v2\/media\/21356"}],"wp:attachment":[{"href":"https:\/\/www.praha7.cz\/api\/wp\/v2\/media?parent=21355"}],"wp:term":[{"taxonomy":"category","embeddable":true,"href":"https:\/\/www.praha7.cz\/api\/wp\/v2\/categories?post=21355"},{"taxonomy":"post_tag","embeddable":true,"href":"https:\/\/www.praha7.cz\/api\/wp\/v2\/tags?post=21355"}],"curies":[{"name":"wp","href":"https:\/\/api.w.org\/{rel}","templated":true}]}}