    
{"id":20872,"date":"2018-11-06T09:34:03","date_gmt":"2018-11-06T08:34:03","guid":{"rendered":"https:\/\/www.praha7.cz\/?p=20872"},"modified":"2018-11-14T11:01:43","modified_gmt":"2018-11-14T10:01:43","slug":"barbora-kolouchova-vyrustani","status":"publish","type":"post","link":"https:\/\/www.praha7.cz\/barbora-kolouchova-vyrustani\/","title":{"rendered":"Barbora Kolouchov\u00e1 &#8211; Vyr\u016fst\u00e1n\u00ed"},"content":{"rendered":"<p>[perex]<br \/>\r\n M\u011bstsk\u00e1 \u010d\u00e1st Praha&nbsp;7 v\u00e1s srde\u010dn\u011b zve na v\u00fdstavu socha\u0159sk\u00fdch objekt\u016f Barbory Kolouchov\u00e9 s&nbsp;n\u00e1zvem Vyr\u016fst\u00e1n\u00ed. Instalac\u00ed ve v\u00fdloze polikliniky p\u0159edstavuje s\u00e9rii d\u011bl vznikl\u00fdch v&nbsp;r\u00e1mci jej\u00ed diplomov\u00e9 pr\u00e1ce na Akademii v\u00fdtvarn\u00fdch um\u011bn\u00ed v&nbsp;Praze. Barbora Kolouchov\u00e1 je absolventkou AVU v&nbsp;Ateli\u00e9ru socha\u0159stv\u00ed u&nbsp;Luk\u00e1\u0161e Rittsteina. <br \/>\r\n <br \/>\r\n Ve sv\u00e9 tvorb\u011b se inspiruje procesy prob\u00edhaj\u00edc\u00edmi v&nbsp;p\u0159\u00edrod\u011b, sakr\u00e1ln\u00ed architekturou a&nbsp;lidov\u00fdm um\u011bn\u00edm. Zab\u00fdv\u00e1 se hmotou z&nbsp;rozli\u010dn\u00fdch \u00fahl\u016f pohledu, zkoum\u00e1 mikrostruktury a&nbsp;vnit\u0159n\u00ed stavbu organism\u016f i&nbsp;materi\u00e1l\u016f.<br \/>\r\n [\/perex]<\/p>\r\n<p><strong>Vernis\u00e1\u017e v\u00fdstavy se uskute\u010dn\u00ed ve st\u0159edu 14.&nbsp;listopadu 2018 v&nbsp;16.00 hod. p\u0159ed V\u00fdlohou Milada<\/strong>, V\u00fdloha polikliniky Prahy&nbsp;7 v&nbsp;ulici Milady Hor\u00e1kov\u00e9.<\/p>\r\n<p>V\u00fdstava potrv\u00e1 do 31.&nbsp;prosince 2018.<\/p>\r\n<p>Vstup voln\u00fd.<\/p>","protected":false},"excerpt":{"rendered":"[perex] M\u011bstsk\u00e1 \u010d\u00e1st Praha&nbsp;7 v\u00e1s srde\u010dn\u011b zve na v\u00fdstavu socha\u0159sk\u00fdch objekt\u016f Barbory Kolouchov\u00e9 s&nbsp;n\u00e1zvem Vyr\u016fst\u00e1n\u00ed. Instalac\u00ed ve v\u00fdloze polikliniky p\u0159edstavuje s\u00e9rii d\u011bl vznikl\u00fdch v&nbsp;r\u00e1mci jej\u00ed diplomov\u00e9 pr\u00e1ce na Akademii v\u00fdtvarn\u00fdch um\u011bn\u00ed v&nbsp;Praze. Barbora Kolouchov\u00e1 je absolventkou AVU v&nbsp;Ateli\u00e9ru socha\u0159stv\u00ed u&nbsp;Luk\u00e1\u0161e Rittsteina. Ve sv\u00e9 tvorb\u011b se inspiruje procesy prob\u00edhaj\u00edc\u00edmi v&nbsp;p\u0159\u00edrod\u011b, sakr\u00e1ln\u00ed architekturou a&nbsp;lidov\u00fdm um\u011bn\u00edm. Zab\u00fdv\u00e1 se [&hellip;]","protected":false},"author":76,"featured_media":20873,"comment_status":"closed","ping_status":"open","sticky":false,"template":"","format":"standard","meta":[],"categories":[34],"tags":[],"_links":{"self":[{"href":"https:\/\/www.praha7.cz\/api\/wp\/v2\/posts\/20872"}],"collection":[{"href":"https:\/\/www.praha7.cz\/api\/wp\/v2\/posts"}],"about":[{"href":"https:\/\/www.praha7.cz\/api\/wp\/v2\/types\/post"}],"author":[{"embeddable":true,"href":"https:\/\/www.praha7.cz\/api\/wp\/v2\/users\/76"}],"replies":[{"embeddable":true,"href":"https:\/\/www.praha7.cz\/api\/wp\/v2\/comments?post=20872"}],"version-history":[{"count":5,"href":"https:\/\/www.praha7.cz\/api\/wp\/v2\/posts\/20872\/revisions"}],"predecessor-version":[{"id":21075,"href":"https:\/\/www.praha7.cz\/api\/wp\/v2\/posts\/20872\/revisions\/21075"}],"wp:featuredmedia":[{"embeddable":true,"href":"https:\/\/www.praha7.cz\/api\/wp\/v2\/media\/20873"}],"wp:attachment":[{"href":"https:\/\/www.praha7.cz\/api\/wp\/v2\/media?parent=20872"}],"wp:term":[{"taxonomy":"category","embeddable":true,"href":"https:\/\/www.praha7.cz\/api\/wp\/v2\/categories?post=20872"},{"taxonomy":"post_tag","embeddable":true,"href":"https:\/\/www.praha7.cz\/api\/wp\/v2\/tags?post=20872"}],"curies":[{"name":"wp","href":"https:\/\/api.w.org\/{rel}","templated":true}]}}