    
{"id":20833,"date":"2018-11-02T15:33:12","date_gmt":"2018-11-02T14:33:12","guid":{"rendered":"https:\/\/www.praha7.cz\/?p=20833"},"modified":"2018-11-13T12:12:18","modified_gmt":"2018-11-13T11:12:18","slug":"ustavujici-zasedani-zastupitelstva-mestske-casti-praha-7","status":"publish","type":"post","link":"https:\/\/www.praha7.cz\/ustavujici-zasedani-zastupitelstva-mestske-casti-praha-7\/","title":{"rendered":"Ustavuj\u00edc\u00ed zased\u00e1n\u00ed Zastupitelstva m\u011bstsk\u00e9 \u010d\u00e1sti Praha&nbsp;7"},"content":{"rendered":"<p>[perex]<\/p>\r\n<p>Ustavuj\u00edc\u00ed zased\u00e1n\u00ed Zastupitelstva m\u011bstsk\u00e9 \u010d\u00e1sti Praha&nbsp;7 se kon\u00e1 v&nbsp;pond\u011bl\u00ed dne 12.&nbsp;listopadu 2018\u00a0 od 17:00 hodin ve velk\u00e9 zasedac\u00ed m\u00edstnosti \u010d. 227 \u00da\u0159adu m\u011bstsk\u00e9 \u010d\u00e1sti, n\u00e1b\u0159. Kpt. Jaro\u0161e 1000, Praha&nbsp;7. Online p\u0159enos naleznete <a href=\"https:\/\/www.youtube.com\/watch?v=WJQe88YP5wM\">zde<\/a>.<\/p>\r\n<p>[\/perex]<\/p>\r\n<p><strong>Program zased\u00e1n\u00ed Zastupitelstva M\u010c Praha\u00a07<\/strong><\/p>\r\n<p><strong>1.<\/strong> Zah\u00e1jen\u00ed<\/p>\r\n<p><strong>2.<\/strong> Ustanoven\u00ed Mand\u00e1tov\u00e9ho v\u00fdboru a&nbsp;ov\u011b\u0159en\u00ed osv\u011bd\u010den\u00ed o&nbsp;zvolen\u00ed do Zastupitelstva M\u010c Praha&nbsp;7<\/p>\r\n<p><strong>3.<\/strong> Slo\u017een\u00ed slibu zvolen\u00fdch \u010dlen\u016f Zastupitelstva M\u010c Praha&nbsp;7<\/p>\r\n<p><strong>4.<\/strong> Schv\u00e1len\u00ed programu<\/p>\r\n<p><strong>5.<\/strong> Volba spole\u010dn\u00e9ho n\u00e1vrhov\u00e9ho a&nbsp;volebn\u00edho v\u00fdboru<\/p>\r\n<p><strong>6.<\/strong> N\u00e1vrh na schv\u00e1len\u00ed zpr\u00e1vy mand\u00e1tov\u00e9ho v\u00fdboru pro volebn\u00ed obdob\u00ed 2018 &#8211; 2022<\/p>\r\n<p><strong>7.<\/strong> N\u00e1vrh na schv\u00e1len\u00ed Volebn\u00edho \u0159\u00e1du Zastupitelstva M\u010c Praha&nbsp;7 pro volbu \u010dlen\u016f Rady M\u010c Praha&nbsp;7 pro volebn\u00ed obdob\u00ed 2018 &#8211; 2022<\/p>\r\n<p><strong>8.<\/strong> N\u00e1vrh na stanoven\u00ed po\u010dtu \u010dlen\u016f Rady M\u010c Praha&nbsp;7, po\u010dtu p\u0159edsed\u016f V\u00fdbor\u016f Zastupitelstva M\u010c Praha&nbsp;7 a&nbsp;funkc\u00ed, pro kter\u00e9 budou \u010dlenov\u00e9 Zastupitelstva M\u010c Praha&nbsp;7 uvoln\u011bni pro volebn\u00ed obdob\u00ed 2018 &#8211; 2022<\/p>\r\n<p><strong>9.<\/strong> N\u00e1vrh na volbu starosty, m\u00edstostarost\u016f a&nbsp;dal\u0161\u00edch \u010dlen\u016f Rady M\u010c Praha&nbsp;7 pro volebn\u00ed obdob\u00ed 2018 &#8211; 2022<\/p>\r\n<p><strong>10.<\/strong> N\u00e1vrh na z\u0159\u00edzen\u00ed Finan\u010dn\u00edho v\u00fdboru Zastupitelstva M\u010c Praha&nbsp;7 a&nbsp;volbu p\u0159edsedy Finan\u010dn\u00edho v\u00fdboru Zastupitelstva M\u010c Praha&nbsp;7 pro velebn\u00ed obdob\u00ed 2018 &#8211; 2022<\/p>\r\n<p><strong>11.<\/strong> N\u00e1vrh na z\u0159\u00edzen\u00ed Kontroln\u00edho v\u00fdboru Zastupitelstva M\u010c Praha&nbsp;7 a&nbsp;volbu\u00a0 p\u0159edsedy Kontroln\u00edho v\u00fdboru Zastupitelstva M\u010c Praha&nbsp;7 pro velebn\u00ed obdob\u00ed 2018 &#8211; 2022<\/p>\r\n<p><strong>12.<\/strong> N\u00e1vrh na z\u0159\u00edzen\u00ed V\u00fdboru pro v\u00fdchovu a&nbsp;vzd\u011bl\u00e1v\u00e1n\u00ed, soci\u00e1ln\u00ed politiku a&nbsp;zdravotnictv\u00ed Zastupitelstva M\u010c Praha&nbsp;7 a&nbsp;volbu p\u0159edsedy V\u00fdboru pro v\u00fdchovu a&nbsp;vzd\u011bl\u00e1v\u00e1n\u00ed, soci\u00e1ln\u00ed politiku a&nbsp;zdravotnictv\u00ed Zastupitelstva M\u010c Praha&nbsp;7 pro volebn\u00ed obdob\u00ed 2018 &#8211; 2022<\/p>\r\n<p><strong>13.<\/strong> N\u00e1vrh na pov\u011b\u0159en\u00ed \u010dlen\u016f Zastupitelstva M\u010c Praha&nbsp;7 k&nbsp;podpisu listin pro volebn\u00ed obdob\u00ed 2018 \u2013 2022 dle \u00a7 43 odst. 1 z\u00e1k. \u010d. 131\/2000 Sb. o&nbsp;hl. m. Praze, v\u00a0platn\u00e9m zn\u011bn\u00ed<\/p>\r\n<p><strong>14.<\/strong> N\u00e1vrh na pov\u011b\u0159en\u00ed \u010dlen\u016f Zastupitelstva M\u010c Praha&nbsp;7 odd\u00e1v\u00e1n\u00edm pro volebn\u00ed obdob\u00ed 2018 \u2013 2022 \u00a0dle \u00a7 11a odst.1 p\u00edsm. a) z\u00e1k. \u010d. 301\/2000 Sb. o&nbsp;matrik\u00e1ch, jm\u00e9nu a&nbsp;p\u0159\u00edjmen\u00ed a&nbsp;o&nbsp;zm\u011bn\u011b n\u011bkter\u00fdch souvisej\u00edc\u00edch z\u00e1kon\u016f, v\u00a0platn\u00e9m zn\u011bn\u00ed<\/p>\r\n<p><strong>15.<\/strong> N\u00e1vrh na schv\u00e1len\u00ed Jednac\u00edho \u0159\u00e1du Zastupitelstva M\u010c Praha&nbsp;7 pro volebn\u00ed obdob\u00ed 2018 \u2013 2022<\/p>\r\n<p><strong>16.<\/strong> N\u00e1vrh na schv\u00e1len\u00ed Jednac\u00edho \u0159\u00e1du V\u00fdbor\u016f Zastupitelstva M\u010c Praha&nbsp;7 pro volebn\u00ed obdob\u00ed 2018 &#8211; 2022<\/p>\r\n<p><strong>17.<\/strong> N\u00e1vrh na stanoven\u00ed v\u00fd\u0161e m\u011bs\u00ed\u010dn\u00edch odm\u011bn neuvoln\u011bn\u00fdm \u010dlen\u016fm Zastupitelstva M\u010c Praha&nbsp;7 pro volebn\u00ed obdob\u00ed 2018 \u2013 2022<\/p>\r\n<p><strong>18.<\/strong> Z\u00e1v\u011br<\/p>\r\n<p>&nbsp;<\/p>\r\n<p>Tato pozv\u00e1nka plat\u00ed jako omluvenka pro zam\u011bstnance podle z\u00e1kona \u010d. 131\/2000 o&nbsp;hl. m. Praze.<\/p>\r\n<p>&nbsp;<\/p>\r\n<p>Mgr. Jan \u010ci\u017einsk\u00fd v.r.<br \/>\r\n starosta m\u011bstsk\u00e9 \u010d\u00e1sti Praha&nbsp;7<\/p>\r\n<p>&nbsp;<\/p>\r\n<p><a href=\"http:\/\/file.praha7.cz\/odbory\/kst\/ustavujici_2018_8.zip\">n\u00e1vrhy ke sta\u017een\u00ed<\/a><\/p>","protected":false},"excerpt":{"rendered":"[perex] Ustavuj\u00edc\u00ed zased\u00e1n\u00ed Zastupitelstva m\u011bstsk\u00e9 \u010d\u00e1sti Praha&nbsp;7 se kon\u00e1 v&nbsp;pond\u011bl\u00ed dne 12.&nbsp;listopadu 2018\u00a0 od 17:00 hodin ve velk\u00e9 zasedac\u00ed m\u00edstnosti \u010d. 227 \u00da\u0159adu m\u011bstsk\u00e9 \u010d\u00e1sti, n\u00e1b\u0159. Kpt. Jaro\u0161e 1000, Praha&nbsp;7. Online p\u0159enos naleznete zde. [\/perex] Program zased\u00e1n\u00ed Zastupitelstva M\u010c Praha\u00a07&nbsp;1. Zah\u00e1jen\u00ed 2. Ustanoven\u00ed Mand\u00e1tov\u00e9ho v\u00fdboru a&nbsp;ov\u011b\u0159en\u00ed osv\u011bd\u010den\u00ed o&nbsp;zvolen\u00ed do Zastupitelstva M\u010c Praha&nbsp;7&nbsp;3. Slo\u017een\u00ed [&hellip;]","protected":false},"author":14,"featured_media":18173,"comment_status":"closed","ping_status":"open","sticky":false,"template":"","format":"standard","meta":[],"categories":[34],"tags":[],"_links":{"self":[{"href":"https:\/\/www.praha7.cz\/api\/wp\/v2\/posts\/20833"}],"collection":[{"href":"https:\/\/www.praha7.cz\/api\/wp\/v2\/posts"}],"about":[{"href":"https:\/\/www.praha7.cz\/api\/wp\/v2\/types\/post"}],"author":[{"embeddable":true,"href":"https:\/\/www.praha7.cz\/api\/wp\/v2\/users\/14"}],"replies":[{"embeddable":true,"href":"https:\/\/www.praha7.cz\/api\/wp\/v2\/comments?post=20833"}],"version-history":[{"count":6,"href":"https:\/\/www.praha7.cz\/api\/wp\/v2\/posts\/20833\/revisions"}],"predecessor-version":[{"id":21009,"href":"https:\/\/www.praha7.cz\/api\/wp\/v2\/posts\/20833\/revisions\/21009"}],"wp:featuredmedia":[{"embeddable":true,"href":"https:\/\/www.praha7.cz\/api\/wp\/v2\/media\/18173"}],"wp:attachment":[{"href":"https:\/\/www.praha7.cz\/api\/wp\/v2\/media?parent=20833"}],"wp:term":[{"taxonomy":"category","embeddable":true,"href":"https:\/\/www.praha7.cz\/api\/wp\/v2\/categories?post=20833"},{"taxonomy":"post_tag","embeddable":true,"href":"https:\/\/www.praha7.cz\/api\/wp\/v2\/tags?post=20833"}],"curies":[{"name":"wp","href":"https:\/\/api.w.org\/{rel}","templated":true}]}}