    
{"id":20677,"date":"2018-10-29T12:26:44","date_gmt":"2018-10-29T11:26:44","guid":{"rendered":"https:\/\/www.praha7.cz\/?p=20677"},"modified":"2018-10-29T12:27:55","modified_gmt":"2018-10-29T11:27:55","slug":"z-holesovic-do-gulagu","status":"publish","type":"post","link":"https:\/\/www.praha7.cz\/z-holesovic-do-gulagu\/","title":{"rendered":"Z Hole\u0161ovic do Gulagu"},"content":{"rendered":"<p><em>Spokojen\u00e1 rodina \u2013 v\u00a0Praze na\u0161li Geniu\u0161ovi nejen vzd\u011bl\u00e1n\u00ed a&nbsp;pr\u00e1ci, ale i&nbsp;skute\u010dnou demokracii. Nikdo se za nimi na ulici neohl\u00ed\u017eel, kdy\u017e mezi sebou mluvili b\u011blorusky.<\/em><\/p>\r\n<p>[perex]<\/p>\r\n<p>Okol\u00ed \u0158ez\u00e1\u010dova n\u00e1m\u011bst\u00ed si v\u00a0minulosti vybrala pro \u017eivot \u0159ada liter\u00e1t\u016f. B\u011bloruskou b\u00e1sn\u00ed\u0159ku Larisu Geniu\u0161ovou, kter\u00e1 bydlela v\u00a0He\u0159manov\u011b ulici \u010d. p. 7, znali soused\u00e9 sp\u00ed\u0161 jako pan\u00ed doktorovou. Spisovatelku i&nbsp;jej\u00edho mu\u017ee si obl\u00edbili natolik, \u017ee je v\u00a0kv\u011btnu 1945 br\u00e1nili p\u0159ed vyd\u00e1n\u00edm do b\u00fdval\u00e9 vlasti. Po \u00fanorov\u00e9m p\u0159evratu byli ale man\u017eel\u00e9 Geniu\u0161ovi p\u0159ed\u00e1ni \u010deskoslovenskou vl\u00e1dou do SSSR a&nbsp;skon\u010dili v\u00a0gulagu. Letos, 70 let po t\u00e9to ud\u00e1losti, by se m\u011bl na pultech kni\u017en\u00edch obchod\u016f objevit \u010desk\u00fd p\u0159eklad memo\u00e1r\u016f spisovatelky.<\/p>\r\n<p>[\/perex]<\/p>\r\n<hr \/>\r\n<p>B\u011blorusov\u00e9 byli sou\u010d\u00e1st\u00ed masarykovsk\u00e9 Rusk\u00e9 pomocn\u00e9 akce \u2013 humanit\u00e1rn\u00ed iniciativy na z\u00e1chranu lid\u00ed z&nbsp;rusk\u00e9 \u0159\u00ed\u0161e, kte\u0159\u00ed ut\u00edkali p\u0159ed komunismem. Tak se v\u00a0Praze ve 20.&nbsp;letech minul\u00e9ho stolet\u00ed objevil i&nbsp;Jan Geniu\u0161, kter\u00fd pak na Karlov\u011b Univerzit\u011b vystudoval medic\u00ednu. Kdy\u017e se usadil a&nbsp;z\u00edskal pr\u00e1ci jako ko\u017en\u00ed l\u00e9ka\u0159, p\u0159ijela za n\u00edm v\u00a0roce 1937 i&nbsp;jeho man\u017eelka Larisa s\u00a0dvoulet\u00fdm synem Jurkou.<\/p>\r\n<p>Mlad\u00e1 \u017eena byla Prahou nad\u0161en\u00e1. L\u00edbilo se j\u00ed, \u017ee na ve\u0159ejnosti mohla mluvit b\u011blorusky, ani\u017e by na ni n\u011bkdo ukazoval prstem \u010di se j\u00ed posm\u00edval, jako tomu bylo v\u00a0Polsku. \u010ceskoslovensko rodina za\u017e\u00edvala jako skute\u010dnou svobodnou demokracii. Larisa se velmi z\u00e1hy nau\u010dila \u010desky. Koupila si i&nbsp;\u010deskou kucha\u0159ku, kde ji jako holku ze statku p\u0159ekvapila \u017eab\u00ed steh\u00fdnka.\u00a0<\/p>\r\n<p>MUDr. Jan Geniu\u0161 pracoval v&nbsp;ordinaci odborn\u00e9ho l\u00e9ka\u0159e ko\u017en\u00edch a&nbsp;pohlavn\u00edch chorob \u010desk\u00e9ho legion\u00e1\u0159e a&nbsp;plukovn\u00edka V\u00edt\u011bzslava Hradila (Na Po\u0159\u00ed\u010d\u00ed \u010d. 14). Podle up\u0159esn\u011bn\u00ed pan\u00ed Larisy ale Hradil v\u00a0podstat\u011b pracoval na Pra\u017esk\u00e9m hrad\u011b, a&nbsp;jeho ordinaci tak vedl jej\u00ed man\u017eel. Pozd\u011bji Geniu\u0161 pracoval jako z\u00e1vodn\u00ed l\u00e9ka\u0159 v&nbsp;n\u011bkolika tov\u00e1rn\u00e1ch, mj. v\u00a0libe\u0148sk\u00e9 stroj\u00edrn\u011b Kolben-Dan\u011bk.<\/p>\r\n<p>Sv\u016fj prvn\u00ed pra\u017esk\u00fd domov na\u0161la rodina v\u00a0Nusl\u00edch v\u00a0pokoj\u00edku v&nbsp;dom\u011b zvan\u00e9m Ka\u0161par\u00e1k (nyn\u00ed ulice 5.&nbsp;kv\u011btna \u010d. 70), kde a\u017e na mal\u00e9 v\u00fdjimky \u017eila p\u0159ev\u00e1\u017en\u011b chudina, emigranti a&nbsp;prostitutky. Pr\u00e1v\u011b zde Geniu\u0161ovi za\u017e\u00edvaj\u00ed velk\u00e9 p\u0159edv\u00e1le\u010dn\u00e9 ud\u00e1losti \u2013 sokolsk\u00fd slet v\u00a0Praze, drama odtr\u017een\u00ed Sudet, v\u00a0rozhlase poprv\u00e9 poslouchaj\u00ed b\u011bsniv\u00fd projev Hitlera. Zde se spolu se sousedy \u0161\u0165astn\u011b obj\u00edmaj\u00ed, kdy\u017e p\u0159ijde zpr\u00e1va o&nbsp;vyhl\u00e1\u0161en\u00ed mobilizace. Rodina se cht\u011bla \u010ceskoslovensku odvd\u011b\u010dit za vzd\u011bl\u00e1n\u00ed a&nbsp;pohostinnost, a&nbsp;tak se Jan Geniu\u0161 p\u0159ihl\u00e1sil jako dobrovoln\u00edk. K&nbsp;boji, stejn\u011b jako tis\u00edce jin\u00fdch, ale povol\u00e1n nebyl. Kdy\u017e pak prezident Bene\u0161 ozn\u00e1mil sv\u016fj odjezd do emigrace, napsala mu Larisa Geniu\u0161ov\u00e1 jm\u00e9nem B\u011blorus\u016f dopis se slovy pod\u011bkovan\u00ed a&nbsp;podpory. Z\u00a0Hradu j\u00ed p\u0159i\u0161la odpov\u011b\u010f, kterou si rodina dlouho schov\u00e1vala.<\/p>\r\n<p><img loading=\"lazy\" src=\"https:\/\/www.praha7.cz\/wp-content\/uploads\/2018\/10\/portretLG-275x400.jpg\" alt=\"\" width=\"275\" height=\"400\" class=\"alignnone size-medium wp-image-20684\" srcset=\"https:\/\/www.praha7.cz\/wp-content\/uploads\/2018\/10\/portretLG-275x400.jpg 275w, https:\/\/www.praha7.cz\/wp-content\/uploads\/2018\/10\/portretLG.jpg 557w\" sizes=\"(max-width: 275px) 100vw, 275px\" \/><\/p>\r\n<p><em>Larisa Geniu\u0161ov\u00e1 psala b\u00e1sn\u011b a&nbsp;b\u011bhem v\u00e1lky pom\u00e1hala nejen B\u011blorus\u016fm, ale i&nbsp;\u010cech\u016fm. Kdyby byla mu\u017eem, stala by se prezidentem v&nbsp;exilov\u00e9 b\u011blorusk\u00e9 vl\u00e1d\u011b. V\u00edce se o&nbsp;n\u00ed do\u010dtete na Wikipedii pod hesly Larysa Heniju\u0161.<\/em><\/p>\r\n<p>&nbsp;<\/p>\r\n<p><strong>Ze spisovatelky politi\u010dkou?<\/strong><br \/>\r\n Pan\u00ed doktorov\u00e1 ale nez\u016fstala jen \u017eenou v\u00a0dom\u00e1cnosti \u2013 za\u010dala ps\u00e1t a&nbsp;publikovat ver\u0161e. V\u00a0roce 1942 vy\u0161la v\u00a0Praze b\u011blorusky jej\u00ed prvn\u00ed kniha Ad rodnych niu (Od rodn\u00fdch l\u00e1n\u016f). Jej\u00ed dobr\u00e1 du\u0161e a&nbsp;k\u0159es\u0165ansk\u00e1 laskavost k\u00a0n\u00ed p\u0159itahovaly spoustu lid\u00ed \u2013 jak krajan\u016f, tak i&nbsp;\u010cech\u016f. Zvl\u00e1\u0161\u0165 b\u011bhem v\u00e1lky od n\u00ed mnoz\u00ed z\u00edsk\u00e1vali tak pot\u0159ebnou pomoc \u2013 l\u00e9ky, pen\u00edze, oble\u010den\u00ed, ob\u011bd \u010di alespo\u0148 hrst tab\u00e1ku. Pro z\u00e1chranu krajan\u016f pracovala i&nbsp;v&nbsp;B\u011blorusk\u00e9m v\u00fdboru sv\u00e9pomoci. B\u00e1sn\u00ed\u0159ka byla v\u00a0kontaktu i&nbsp;s\u00a0veden\u00edm exilov\u00e9 vl\u00e1dy B\u011blorusk\u00e9 lidov\u00e9 republiky (BLR), kter\u00e1 byla vyhl\u00e1\u0161ena v\u00a0Minsku o&nbsp;p\u00e1r m\u011bs\u00edc\u016f d\u0159\u00edve ne\u017e \u00a0\u010ceskoslovensk\u00e1 republika (25.&nbsp;3.&nbsp;1918). BLR byla ale zanedlouho rozdrcena bol\u0161eviky a&nbsp;jej\u00ed l\u00edd\u0159i se ve\u00a020.&nbsp;letech usadili v\u00a0Praze. Larisa Geniu\u0161ov\u00e1 tak dob\u0159e znala jak vdovu prvn\u00edho exilov\u00e9ho prezidenta Petra Kre\u010deusk\u00e9ho, tak i&nbsp;Vasilja Zacharku, kter\u00fd p\u0159evzal prezidentsk\u00fd post po smrti sv\u00e9ho p\u0159edch\u016fdce. Kdy\u017e Zacharka v\u00a0roce 1943 um\u00edral, v\u00e1hal, komu m\u00e1 p\u0159edat \u0161tafetu. Povolal do nemocnice pan\u00ed Larisu a&nbsp;\u0159ekl j\u00ed, \u017ee sice nezn\u00e1 lep\u0161\u00edho kandid\u00e1ta, ne\u017e je ona, ale bohu\u017eel pr\u00fd \u017eena nem\u016f\u017ee b\u00fdt prezidentem. Ve sv\u00e9 posledn\u00ed v\u016fli tak dal\u0161\u00edm prezidentem BLR jmenoval Mikolu Abram\u010dyka, jednoho z\u00a0b\u00fdval\u00fdch pra\u017esk\u00fdch student\u016f, kter\u00fd tou dobou u\u017e \u017eil v\u00a0Pa\u0159\u00ed\u017ei. Larisu ale pov\u011b\u0159il funkc\u00ed tajemnice a&nbsp;sv\u011b\u0159il j\u00ed archiv i&nbsp;raz\u00edtko.<\/p>\r\n<p><strong>Konec v\u00e1lky a&nbsp;druh\u00fd dopis Bene\u0161ovi<\/strong><br \/>\r\n Kdy\u017e si man\u017eel\u00e9 Geniu\u0161ovi trochu polep\u0161ili, p\u0159est\u011bhovali se do bubensk\u00e9 He\u0159manovy ulice \u010d. 7. Po p\u0159\u00edchodu Rud\u00e9 arm\u00e1dy do Prahy v\u00a0roce 1945 se zde za\u010daly odehr\u00e1vat dramatick\u00e9 ud\u00e1losti. V&nbsp;byt\u011b se objevili sov\u011bt\u0161t\u00ed agenti a&nbsp;spisovatelku p\u0159emlouvali, aby se vr\u00e1tila do B\u011bloruska. Slibovali j\u00ed vysok\u00fd st\u00e1tn\u00ed plat a&nbsp;solidn\u00ed postaven\u00ed. Jen\u017ee Geniu\u0161ovi nebyli sov\u011bt\u0161t\u00ed ob\u010dan\u00e9 a&nbsp;do Stalinova re\u017eimu necht\u011bli. Jak se tlak stup\u0148oval, nezbylo Geniu\u0161ov\u00fdm nic jin\u00e9ho ne\u017e se v\u00a0byt\u011b uzav\u0159\u00edt a&nbsp;nikomu neotev\u00edrat. Pro p\u0159\u00edpad, \u017ee by voj\u00e1ci za\u010dali rozb\u00edjet dve\u0159e a&nbsp;cht\u011bli je odt\u00e1hnout n\u00e1sil\u00edm, m\u011bli p\u0159ipraven\u00e9 t\u0159i injekce s&nbsp;jedem, pro sebe a&nbsp;syna. Pozd\u011bji Larisa tyto dny pop\u00ed\u0161e ve sv\u00e9 knize vzpom\u00ednek takto: \u201eTak jsme prosed\u011bli t\u00fdden a\u017e do soboty. V\u00a0sobotu jsme vy\u0161li. Do bytu se nahrnuli lid\u00e9, pl\u00e1\u010dou, l\u00edbaj\u00ed n\u00e1s, p\u0159inesli j\u00eddlo a&nbsp;kv\u011btiny. Jedni mysleli, \u017ee jsme utekli, druz\u00ed se b\u00e1li, \u017ee jsme mrtv\u00ed. A&nbsp;pak k\u00a0na\u0161emu velik\u00e9mu domu p\u0159ijelo n\u00e1kladn\u00ed auto s&nbsp;,osvoboditeli\u2018 a&nbsp;voj\u00e1ci dr\u017eeli pod na\u0161imi okny rozta\u017een\u00e9 plachty a&nbsp;velitel\u00e9 zvonili, ale k\u00a0na\u0161emu domu se se\u0161la cel\u00e1 \u010d\u00e1st m\u011bsta, kde jsme bydleli, cel\u00e1 \u010dtvr\u0165, a&nbsp;za\u010dali k\u0159i\u010det, \u017ee nedaj\u00ed pan\u00ed doktorovou, \u017ee jsme jejich lid\u00e9, dob\u0159\u00ed lid\u00e9!\u201c Po nezda\u0159en\u00fdch pokusech o&nbsp;\u00fanos se Larisa Geniu\u0161ov\u00e1 obr\u00e1tila na prezidenta Bene\u0161e s\u00a0prosbou o&nbsp;ochranu a&nbsp;ud\u011blen\u00ed \u010deskoslovensk\u00e9ho ob\u010danstv\u00ed. To cel\u00e1 rodina z\u00edskala v\u00a0\u010dervnu 1947.<\/p>\r\n<p>Na radu dobr\u00fdch p\u0159\u00e1tel Geniu\u0161ovi na\u010das opustili Prahu. MUDr. Geniu\u0161 p\u0159ijal m\u00edsto l\u00e9ka\u0159e ve Vimperku. Hned po \u00fanorov\u00e9m komunistick\u00e9m p\u0159evratu je ale Sov\u011bti na\u0161li i&nbsp;tam. U\u017e za\u010d\u00e1tkem b\u0159ezna 1948 byli man\u017eel\u00e9 zat\u010deni a&nbsp;um\u00edst\u011bni do sklep\u016f vimpersk\u00e9ho z\u00e1mku, pozd\u011bji byli p\u0159em\u00edst\u011bni do v\u011bznice v\u00a0P\u00edsku. Sov\u011btsk\u00e9 org\u00e1ny je obvi\u0148ovaly z\u00a0protisov\u011btsk\u00e9 nacionalistick\u00e9 \u010dinnosti a&nbsp;po\u017eadovaly jejich vyd\u00e1n\u00ed do SSSR. Byl v\u00a0tom ale h\u00e1\u010dek \u2013 jako \u010deskosloven\u0161t\u00ed ob\u010dan\u00e9 nemohli b\u00fdt vyd\u00e1ni ciz\u00ed moci. \u0158e\u0161en\u00ed ale Sov\u011bti ve spolupr\u00e1ci s\u00a0\u010deskoslovensk\u00fdmi komunisty na\u0161li velmi brzy. V\u00a0\u010dervnu 1948 ministerstvo vnitra na\u0159izuje n\u00e1rodn\u00edmu zemsk\u00e9mu v\u00fdboru zru\u0161it rozhodnut\u00ed o&nbsp;ud\u011blen\u00ed ob\u010danstv\u00ed jako \u201ezmate\u010dn\u00e9 a&nbsp;nez\u00e1konn\u00e9\u201c. D\u00e1le zd\u016fraz\u0148uje, \u017ee toto rozhodnut\u00ed v\u016fbec nem\u011bl vydat n\u00e1rodn\u00ed v\u00fdbor, ale podle z\u00e1kona z\u00a0roku 1859 pr\u00e1v\u011b ministerstvo vnitra, proto\u017ee se jedn\u00e1 o&nbsp;osoby \u201epoliticky podez\u0159el\u00e9\u201c. P\u0159itom je\u0161t\u011b v\u00a0kv\u011btnu 1947 ministerstvo vnitra s\u00a0ud\u011blen\u00edm ob\u010danstv\u00ed souhlasilo. Svedlo se to na procesn\u00ed chybu a&nbsp;nebylo co \u0159e\u0161it. V\u00fdm\u011br o&nbsp;vyho\u0161t\u011bn\u00ed MUDr. Jana Geniu\u0161e pak pro zm\u011bnu vyd\u00e1v\u00e1 okresn\u00ed n\u00e1rodn\u00ed v\u00fdbor v&nbsp;Prachatic\u00edch. Ve v\u00fdm\u011bru se mimo jin\u00e9 p\u00ed\u0161e: \u201eNa \u010deskoslovensk\u00e9 st\u00e1tn\u00ed hranice budete hn\u00e1n nucen\u00fdm postrkem [\u2026] Jest V\u00e1s tud\u00ed\u017e z\u00a0d\u016fvodu bezpe\u010dnosti st\u00e1tu vyhostiti.\u201c<\/p>\r\n<p><img loading=\"lazy\" src=\"https:\/\/www.praha7.cz\/wp-content\/uploads\/2018\/10\/Po-navratu-z-gulagu-281x400.jpg\" alt=\"\" width=\"281\" height=\"400\" class=\"alignnone size-medium wp-image-20685\" srcset=\"https:\/\/www.praha7.cz\/wp-content\/uploads\/2018\/10\/Po-navratu-z-gulagu-281x400.jpg 281w, https:\/\/www.praha7.cz\/wp-content\/uploads\/2018\/10\/Po-navratu-z-gulagu-768x1094.jpg 768w, https:\/\/www.praha7.cz\/wp-content\/uploads\/2018\/10\/Po-navratu-z-gulagu-702x1000.jpg 702w, https:\/\/www.praha7.cz\/wp-content\/uploads\/2018\/10\/Po-navratu-z-gulagu.jpg 1490w\" sizes=\"(max-width: 281px) 100vw, 281px\" \/><\/p>\r\n<p><em>Stalinova smrt zkr\u00e1tila Geniu\u0161ov\u00fdm p\u016fvodn\u00ed trest 25 let v\u00a0l\u00e1gru na osm a&nbsp;p\u016fl roku. 1.&nbsp;\u010dervence 1956 byli Jan a&nbsp;Larisa Geniu\u0161ovi podle \u00famluvy OSN propu\u0161t\u011bni jako nesov\u011bt\u0161t\u00ed ob\u010dan\u00e9.<\/em><\/p>\r\n<p>&nbsp;<\/p>\r\n<p><strong>Smutn\u00fd osud<\/strong><br \/>\r\n V\u00a0Minsku na man\u017eele \u010dekal soud, kter\u00fd je za \u201e\u010dinnost v\u00a0protisov\u011btsk\u00fdch nacionalistick\u00fdch organizac\u00edch\u201c poslal na 25 let do gulagu. Jejich jedin\u00fd syn byl odebr\u00e1n \u010desk\u00e9mu poru\u010dn\u00edkovi a&nbsp;um\u00edst\u011bn do sirot\u010dince, pozd\u011bji jej p\u0159evzali p\u0159\u00edbuzn\u00ed z&nbsp;Polska. Z&nbsp;l\u00e1gru se Geniu\u0161ovi dostali a\u017e po Stalinov\u011b smrti a&nbsp;usadili se v\u00a0m\u011bste\u010dku Zelva v\u00a0dom\u011b po rodi\u010d\u00edch Jana, kter\u00fd na\u0161el pr\u00e1ci v\u00a0m\u00edstn\u00ed nemocnici. Larisa odm\u00edtla p\u0159ijmout sov\u011btsk\u00e9 ob\u010danstv\u00ed a&nbsp;mohla ve stejn\u00e9 nemocnici p\u00e1r let pracovat jen jako sestra-hospodyn\u011b. Av\u0161ak s\u00a0podporou spisovatelsk\u00e9ho svazu se j\u00ed ob\u010das poda\u0159ilo publikovat v\u00a0\u010dasopisech a&nbsp;vydat je\u0161t\u011b dv\u011b b\u00e1snick\u00e9 sb\u00edrky. Se sv\u00fdm synem a&nbsp;vnuky se shledali po del\u0161\u00ed dob\u011b, a\u017e kdy\u017e ti coby pol\u0161t\u00ed ob\u010dan\u00e9 dostali povolen\u00ed k\u00a0n\u00e1v\u0161t\u011bv\u011b B\u011bloruska.<\/p>\r\n<p>M\u00edstn\u00ed vl\u00e1dou byli man\u017eel\u00e9 neust\u00e1le \u0161ikanov\u00e1ni a&nbsp;sledov\u00e1ni: do domu jim nast\u011bhovali zv\u011bdavou sousedku a&nbsp;na zahr\u00e1dce postavili ve\u0159ejn\u00e9 z\u00e1chodky. Geniu\u0161ovi dlouho usilovali o&nbsp;n\u00e1vrat do \u010ceskoslovenska, ale marn\u011b. V\u00a0jednom z\u00a0dopis\u016f \u017e\u00e1d\u00e1 zoufal\u00e1 Larisa \u00fa\u0159ady, aby j\u00ed povolily vyst\u011bhovat se kamkoliv, klidn\u011b i&nbsp;k\u00a0Papu\u00e1nc\u016fm. B\u00fdval\u00ed v\u011bzni gulagu se v\u0161ak za hranice dostali pouze jedinkr\u00e1t, a&nbsp;to do polsk\u00e9ho Bia\u0142ystoku za synem. Jan Geniu\u0161 zem\u0159el v\u00a0roce 1979, Larisa Geniu\u0161ov\u00e1 v\u00a0roce 1983.<\/p>\r\n<p>\u00dasp\u011b\u0161n\u00fd zat\u00edm nebyl ani pl\u00e1n na symbolick\u00fd n\u00e1vrat Geniu\u0161ov\u00fdch do \u010cech \u2013 instalace ji\u017e vyroben\u00e9 pam\u00e1tn\u00ed desky na dom\u011b v\u00a0He\u0159manov\u011b ulici. Prob\u011bhlo zde ale nat\u00e1\u010den\u00ed dokument\u00e1rn\u00edho filmu, vzpom\u00ednkov\u00e9 akce se uskute\u010dnily v\u00a0par\u010d\u00edku na \u0158ez\u00e1\u010dov\u011b n\u00e1m\u011bst\u00ed a&nbsp;na z\u00e1mku ve Vimperku byla uspo\u0159\u00e1d\u00e1na v\u00fdstava. Letos, 70 let od vyd\u00e1n\u00ed Geniu\u0161ov\u00fdch do SSSR, by m\u011bl vyj\u00edt \u010desk\u00fd p\u0159eklad knihy memo\u00e1r\u016f Larisy Geniu\u0161ov\u00e9 s\u00a0n\u00e1zvem Zpov\u011b\u010f.\u00a0<\/p>\r\n<hr \/>\r\n<p><strong>Chcete podpo\u0159it \u010desk\u00e9 vyd\u00e1n\u00ed memo\u00e1r\u016f Larisy Geniu\u0161ov\u00e9 s\u00a0n\u00e1zvem Zpov\u011b\u010f p\u0159edb\u011b\u017enou objedn\u00e1vkou sv\u00e9ho v\u00fdtisku? M\u00e1te n\u00e1pad, jak by mohla b\u00fdt pam\u00e1tka Larisy Geniu\u0161ov\u00e9 v\u00a0Praze 7 uct\u011bna? Pi\u0161te na email b\u011blorusk\u00e9ho osv\u011btov\u00e9ho spolku: skaryna@mail.cz.<\/strong><\/p>","protected":false},"excerpt":{"rendered":"Spokojen\u00e1 rodina \u2013 v\u00a0Praze na\u0161li Geniu\u0161ovi nejen vzd\u011bl\u00e1n\u00ed a&nbsp;pr\u00e1ci, ale i&nbsp;skute\u010dnou demokracii. Nikdo se za nimi na ulici neohl\u00ed\u017eel, kdy\u017e mezi sebou mluvili b\u011blorusky. [perex] Okol\u00ed \u0158ez\u00e1\u010dova n\u00e1m\u011bst\u00ed si v\u00a0minulosti vybrala pro \u017eivot \u0159ada liter\u00e1t\u016f. B\u011bloruskou b\u00e1sn\u00ed\u0159ku Larisu Geniu\u0161ovou, kter\u00e1 bydlela v\u00a0He\u0159manov\u011b ulici \u010d. p. 7, znali soused\u00e9 sp\u00ed\u0161 jako pan\u00ed doktorovou. Spisovatelku i&nbsp;jej\u00edho mu\u017ee [&hellip;]","protected":false},"author":76,"featured_media":20680,"comment_status":"closed","ping_status":"open","sticky":false,"template":"","format":"standard","meta":[],"categories":[37],"tags":[],"_links":{"self":[{"href":"https:\/\/www.praha7.cz\/api\/wp\/v2\/posts\/20677"}],"collection":[{"href":"https:\/\/www.praha7.cz\/api\/wp\/v2\/posts"}],"about":[{"href":"https:\/\/www.praha7.cz\/api\/wp\/v2\/types\/post"}],"author":[{"embeddable":true,"href":"https:\/\/www.praha7.cz\/api\/wp\/v2\/users\/76"}],"replies":[{"embeddable":true,"href":"https:\/\/www.praha7.cz\/api\/wp\/v2\/comments?post=20677"}],"version-history":[{"count":7,"href":"https:\/\/www.praha7.cz\/api\/wp\/v2\/posts\/20677\/revisions"}],"predecessor-version":[{"id":20689,"href":"https:\/\/www.praha7.cz\/api\/wp\/v2\/posts\/20677\/revisions\/20689"}],"wp:featuredmedia":[{"embeddable":true,"href":"https:\/\/www.praha7.cz\/api\/wp\/v2\/media\/20680"}],"wp:attachment":[{"href":"https:\/\/www.praha7.cz\/api\/wp\/v2\/media?parent=20677"}],"wp:term":[{"taxonomy":"category","embeddable":true,"href":"https:\/\/www.praha7.cz\/api\/wp\/v2\/categories?post=20677"},{"taxonomy":"post_tag","embeddable":true,"href":"https:\/\/www.praha7.cz\/api\/wp\/v2\/tags?post=20677"}],"curies":[{"name":"wp","href":"https:\/\/api.w.org\/{rel}","templated":true}]}}