    
{"id":20567,"date":"2018-10-24T21:28:53","date_gmt":"2018-10-24T19:28:53","guid":{"rendered":"https:\/\/www.praha7.cz\/?p=20567"},"modified":"2018-10-25T10:28:47","modified_gmt":"2018-10-25T08:28:47","slug":"zlepseni-dopravni-obsluhy-prazske-trznice-behem-vyluky-na-vltavske","status":"publish","type":"post","link":"https:\/\/www.praha7.cz\/zlepseni-dopravni-obsluhy-prazske-trznice-behem-vyluky-na-vltavske\/","title":{"rendered":"Zlep\u0161en\u00ed dopravn\u00ed obsluhy Pra\u017esk\u00e9 tr\u017enice b\u011bhem v\u00fdluky na Vltavsk\u00e9"},"content":{"rendered":"<p>[perex]<\/p>\r\n<p>Pro zlep\u0161en\u00ed dopravn\u00ed obsluhy Pra\u017esk\u00e9 tr\u017enice b\u011bhem dopravn\u00edch v\u00fdluk na Vltavsk\u00e9 se poda\u0159ilo vyjednat zaveden\u00ed polookru\u017en\u00ed linky \u010d. 296. Zkracuje se tak\u00e9 interval linky 156 v&nbsp;rann\u00ed \u0161pi\u010dce. \u00a0<\/p>\r\n<p>[\/perex]<\/p>\r\n<p><strong>Od zah\u00e1jen\u00ed provozu ve \u010dtvrtek 25.&nbsp;\u0159\u00edjna je zavedena polookru\u017en\u00ed linka \u010d\u00edslo 296 v&nbsp;trase: Pra\u017esk\u00e1 tr\u017enice &#8211; D\u011blnick\u00e1 &#8211; Pra\u017esk\u00e1 tr\u017enice.<\/strong><\/p>\r\n<p>Z\u0159izuj\u00ed se zast\u00e1vky:<\/p>\r\n<p>Pra\u017esk\u00e1 tr\u017enice &#8211; n\u00e1stupn\u00ed: v&nbsp;ul. Bubensk\u00e9 n\u00e1b\u0159e\u017e\u00ed, za vstupem do tr\u017enice<\/p>\r\n<p>Jate\u010dn\u00ed: v&nbsp;ul. Jate\u010dn\u00ed, p\u0159ed k\u0159i\u017e. s&nbsp;ul. Osadn\u00ed<\/p>\r\n<p>U Pr\u016fhonu: v&nbsp;ul. Komunard\u016f, v&nbsp;\u00farovni protilehl\u00e9 zast\u00e1vky TRAM<\/p>\r\n<p>D\u011blnick\u00e1: v&nbsp;ul. Komunard\u016f, v&nbsp;zast. TRAM<\/p>\r\n<p>Tusarova: v&nbsp;ul. Komunard\u016f v&nbsp;zast. TRAM<\/p>\r\n<p>&nbsp;<\/p>\r\n<p><strong>Od 25.&nbsp;\u0159\u00edjna je z\u00e1rove\u0148 zkr\u00e1cen interval linky 156 mezi 7:00 &#8211; 9:00 na 20 minut.<\/strong><\/p>\r\n<p>&nbsp;<\/p>\r\n<p>V\u00edce informac\u00ed o\u00a0aktu\u00e1ln\u00edch dopravn\u00edch opat\u0159en\u00edch souvisej\u00edc\u00edch s\u00a0uzav\u0159en\u00edm mostu na Vltavsk\u00e9 naleznete\u00a0<a href=\"https:\/\/www.praha7.cz\/omezeni-tramvaji-na-vltavske\/\">zde<\/a>.<\/p>\r\n<p><a href=\"https:\/\/www.praha7.cz\/wp-content\/uploads\/2018\/10\/j\u00edzdn\u00ed-\u0159\u00e1d-linky\u010d.-296.jpg\"><img loading=\"lazy\" src=\"https:\/\/www.praha7.cz\/wp-content\/uploads\/2018\/10\/j\u00edzdn\u00ed-\u0159\u00e1d-linky\u010d.-296-1415x1000.jpg\" alt=\"\" width=\"640\" height=\"452\" class=\"alignnone size-large wp-image-20604\" srcset=\"https:\/\/www.praha7.cz\/wp-content\/uploads\/2018\/10\/j\u00edzdn\u00ed-\u0159\u00e1d-linky\u010d.-296-1415x1000.jpg 1415w, https:\/\/www.praha7.cz\/wp-content\/uploads\/2018\/10\/j\u00edzdn\u00ed-\u0159\u00e1d-linky\u010d.-296-566x400.jpg 566w, https:\/\/www.praha7.cz\/wp-content\/uploads\/2018\/10\/j\u00edzdn\u00ed-\u0159\u00e1d-linky\u010d.-296-768x543.jpg 768w\" sizes=\"(max-width: 640px) 100vw, 640px\" \/><\/a><\/p>","protected":false},"excerpt":{"rendered":"[perex] Pro zlep\u0161en\u00ed dopravn\u00ed obsluhy Pra\u017esk\u00e9 tr\u017enice b\u011bhem dopravn\u00edch v\u00fdluk na Vltavsk\u00e9 se poda\u0159ilo vyjednat zaveden\u00ed polookru\u017en\u00ed linky \u010d. 296. Zkracuje se tak\u00e9 interval linky 156 v&nbsp;rann\u00ed \u0161pi\u010dce. \u00a0 [\/perex] Od zah\u00e1jen\u00ed provozu ve \u010dtvrtek 25.&nbsp;\u0159\u00edjna je zavedena polookru\u017en\u00ed linka \u010d\u00edslo 296 v&nbsp;trase: Pra\u017esk\u00e1 tr\u017enice &#8211; D\u011blnick\u00e1 &#8211; Pra\u017esk\u00e1 tr\u017enice. Z\u0159izuj\u00ed se zast\u00e1vky: Pra\u017esk\u00e1 tr\u017enice [&hellip;]","protected":false},"author":5,"featured_media":20568,"comment_status":"closed","ping_status":"open","sticky":false,"template":"","format":"standard","meta":[],"categories":[34],"tags":[],"_links":{"self":[{"href":"https:\/\/www.praha7.cz\/api\/wp\/v2\/posts\/20567"}],"collection":[{"href":"https:\/\/www.praha7.cz\/api\/wp\/v2\/posts"}],"about":[{"href":"https:\/\/www.praha7.cz\/api\/wp\/v2\/types\/post"}],"author":[{"embeddable":true,"href":"https:\/\/www.praha7.cz\/api\/wp\/v2\/users\/5"}],"replies":[{"embeddable":true,"href":"https:\/\/www.praha7.cz\/api\/wp\/v2\/comments?post=20567"}],"version-history":[{"count":8,"href":"https:\/\/www.praha7.cz\/api\/wp\/v2\/posts\/20567\/revisions"}],"predecessor-version":[{"id":20605,"href":"https:\/\/www.praha7.cz\/api\/wp\/v2\/posts\/20567\/revisions\/20605"}],"wp:featuredmedia":[{"embeddable":true,"href":"https:\/\/www.praha7.cz\/api\/wp\/v2\/media\/20568"}],"wp:attachment":[{"href":"https:\/\/www.praha7.cz\/api\/wp\/v2\/media?parent=20567"}],"wp:term":[{"taxonomy":"category","embeddable":true,"href":"https:\/\/www.praha7.cz\/api\/wp\/v2\/categories?post=20567"},{"taxonomy":"post_tag","embeddable":true,"href":"https:\/\/www.praha7.cz\/api\/wp\/v2\/tags?post=20567"}],"curies":[{"name":"wp","href":"https:\/\/api.w.org\/{rel}","templated":true}]}}