    
{"id":20553,"date":"2018-10-24T11:37:14","date_gmt":"2018-10-24T09:37:14","guid":{"rendered":"https:\/\/www.praha7.cz\/?p=20553"},"modified":"2018-10-24T11:40:24","modified_gmt":"2018-10-24T09:40:24","slug":"most-na-vltavske-tsk-nyni-podepre-nasledne-bude-treba-postavit-novy","status":"publish","type":"post","link":"https:\/\/www.praha7.cz\/most-na-vltavske-tsk-nyni-podepre-nasledne-bude-treba-postavit-novy\/","title":{"rendered":"Most na Vltavsk\u00e9 TSK nyn\u00ed podep\u0159e, n\u00e1sledn\u011b bude t\u0159eba postavit nov\u00fd"},"content":{"rendered":"<p>[perex]<\/p>\r\n<p>Silni\u010dn\u00ed most na Vltavsk\u00e9, kter\u00fd je od p\u016flnoci kv\u016fli havarijn\u00edmu stavu uzav\u0159en, bude nutn\u00e9 zbourat a&nbsp;postavit nov\u00fd. Z\u00e1rove\u0148 TSK pl\u00e1nuje zbour\u00e1n\u00ed paraleln\u00edho mostu, po kter\u00e9m vede komunikace Bubensk\u00e1 v&nbsp;opa\u010dn\u00e9m sm\u011bru. Technick\u00e1 spr\u00e1va komunikac\u00ed ji\u017e vybrala firmu, kter\u00e1 v&nbsp;n\u00e1sleduj\u00edc\u00edm t\u00fddnu uzav\u0159en\u00fd most podep\u0159e, aby se mohl co nejd\u0159\u00edve otev\u0159\u00edt doprav\u011b. Sou\u010dasn\u011b za\u010dne pracovat na definitivn\u00edm \u0159e\u0161en\u00ed projektu zbour\u00e1n\u00ed a&nbsp;stavby nov\u00fdch most\u016f.<\/p>\r\n<p>[\/perex]<\/p>\r\n<p>V\u00edce informac\u00ed o&nbsp;aktu\u00e1ln\u00edch dopravn\u00edch opat\u0159en\u00edch souvisej\u00edc\u00edch s&nbsp;uzav\u0159en\u00edm mostu naleznete <a href=\"https:\/\/www.praha7.cz\/omezeni-tramvaji-na-vltavske\/\">zde<\/a>.<\/p>","protected":false},"excerpt":{"rendered":"[perex] Silni\u010dn\u00ed most na Vltavsk\u00e9, kter\u00fd je od p\u016flnoci kv\u016fli havarijn\u00edmu stavu uzav\u0159en, bude nutn\u00e9 zbourat a&nbsp;postavit nov\u00fd. Z\u00e1rove\u0148 TSK pl\u00e1nuje zbour\u00e1n\u00ed paraleln\u00edho mostu, po kter\u00e9m vede komunikace Bubensk\u00e1 v&nbsp;opa\u010dn\u00e9m sm\u011bru. Technick\u00e1 spr\u00e1va komunikac\u00ed ji\u017e vybrala firmu, kter\u00e1 v&nbsp;n\u00e1sleduj\u00edc\u00edm t\u00fddnu uzav\u0159en\u00fd most podep\u0159e, aby se mohl co nejd\u0159\u00edve otev\u0159\u00edt doprav\u011b. Sou\u010dasn\u011b za\u010dne pracovat na definitivn\u00edm [&hellip;]","protected":false},"author":5,"featured_media":20521,"comment_status":"closed","ping_status":"open","sticky":false,"template":"","format":"standard","meta":[],"categories":[34],"tags":[],"_links":{"self":[{"href":"https:\/\/www.praha7.cz\/api\/wp\/v2\/posts\/20553"}],"collection":[{"href":"https:\/\/www.praha7.cz\/api\/wp\/v2\/posts"}],"about":[{"href":"https:\/\/www.praha7.cz\/api\/wp\/v2\/types\/post"}],"author":[{"embeddable":true,"href":"https:\/\/www.praha7.cz\/api\/wp\/v2\/users\/5"}],"replies":[{"embeddable":true,"href":"https:\/\/www.praha7.cz\/api\/wp\/v2\/comments?post=20553"}],"version-history":[{"count":5,"href":"https:\/\/www.praha7.cz\/api\/wp\/v2\/posts\/20553\/revisions"}],"predecessor-version":[{"id":20558,"href":"https:\/\/www.praha7.cz\/api\/wp\/v2\/posts\/20553\/revisions\/20558"}],"wp:featuredmedia":[{"embeddable":true,"href":"https:\/\/www.praha7.cz\/api\/wp\/v2\/media\/20521"}],"wp:attachment":[{"href":"https:\/\/www.praha7.cz\/api\/wp\/v2\/media?parent=20553"}],"wp:term":[{"taxonomy":"category","embeddable":true,"href":"https:\/\/www.praha7.cz\/api\/wp\/v2\/categories?post=20553"},{"taxonomy":"post_tag","embeddable":true,"href":"https:\/\/www.praha7.cz\/api\/wp\/v2\/tags?post=20553"}],"curies":[{"name":"wp","href":"https:\/\/api.w.org\/{rel}","templated":true}]}}