    
{"id":20517,"date":"2018-10-23T17:59:21","date_gmt":"2018-10-23T15:59:21","guid":{"rendered":"https:\/\/www.praha7.cz\/?p=20517"},"modified":"2018-10-31T14:15:33","modified_gmt":"2018-10-31T13:15:33","slug":"omezeni-tramvaji-na-vltavske","status":"publish","type":"post","link":"https:\/\/www.praha7.cz\/omezeni-tramvaji-na-vltavske\/","title":{"rendered":"Na Vltavsk\u00e9 nejedou tramvaje. Most, kter\u00fd podj\u00ed\u017ed\u011bj\u00ed, je t\u0159eba preventivn\u011b podep\u0159\u00edt"},"content":{"rendered":"<p>[perex]<\/p>\r\n<p>Stav silni\u010dn\u00edho mostu, kter\u00fd podj\u00ed\u017ed\u011bj\u00ed tramvaje p\u0159\u00edmo u&nbsp;stanice metra Vltavsk\u00e1, se v\u00a0posledn\u00edm m\u011bs\u00edci v\u00fdrazn\u011b zhor\u0161il a&nbsp;provoz na n\u011bm i&nbsp;pod n\u00edm mus\u00ed b\u00fdt kv\u016fli bezpe\u010dnosti preventivn\u011b uzav\u0159en. Komplikace \u010dekaj\u00ed \u0159idi\u010de i&nbsp;cestuj\u00edc\u00ed ve\u0159ejnou dopravou. Uzav\u00edrka podle p\u0159edb\u011b\u017en\u00fdch odhad\u016f potrv\u00e1 minim\u00e1ln\u011b t\u00fdden, most je nezbytn\u00e9 odborn\u011b podep\u0159\u00edt. [\/perex]\u00a0\u00a0<\/p>\r\n<p>Probl\u00e9my m\u00e1 silni\u010dn\u00ed most v\u00a0Bubensk\u00e9 ulici u&nbsp;stanice metra Vltavsk\u00e1, po kter\u00e9m jezd\u00ed auta z\u00a0centra sm\u011brem k&nbsp;V\u00fdstavi\u0161ti. V\u00a0opa\u010dn\u00e9m sm\u011bru, od V\u00fdstavi\u0161t\u011b do centra, jedou auta po vedlej\u0161\u00edm most\u011b, kter\u00e9ho se omezen\u00ed net\u00fdk\u00e1.<\/p>\r\n<p><em>\u201eDnes v\u00a0podve\u010dern\u00edch hodin\u00e1ch\u00a0 n\u00e1s specializovan\u00e1 firma ofici\u00e1ln\u011b informovala o&nbsp;v\u00fdsledc\u00edch, kter\u00e9 p\u0159inesla posledn\u00ed diagnostika tohoto mostu. Aktu\u00e1ln\u00ed m\u011b\u0159en\u00ed ukazuj\u00ed, \u017ee \u010dtvrt\u00e9 pole mostu, tedy to, pod kter\u00fdm proj\u00ed\u017ed\u00ed tramvaje a&nbsp;chod\u00ed chodci, je v&nbsp;havarijn\u00edm stavu a&nbsp;preventivn\u011b kv\u016fli bezpe\u010dnosti je nezbytn\u00e9 okam\u017eit\u011b uzav\u0159\u00edt provoz na most\u011b i&nbsp;pod n\u00edm. Za posledn\u00edch 25&nbsp;dn\u00ed m\u011b\u0159en\u00ed se stav mostu za\u010dal velmi rychle zhor\u0161ovat a&nbsp;praskliny v\u00a0jeho konstrukci, kter\u00e9 d\u016fkladn\u011b u\u017e \u0159adu m\u011bs\u00edc\u016f monitorujeme, se za\u010daly rychle a&nbsp;nebezpe\u010dn\u011b zv\u011bt\u0161ovat,\u201c<\/em> \u0159\u00edk\u00e1 n\u00e1m\u011bstek \u0159editele Technick\u00e9 spr\u00e1vy komunikac\u00ed Mat\u011bj Fichtner.<\/p>\r\n<p>Technick\u00e1 spr\u00e1va komunikac\u00ed okam\u017eit\u011b za\u010dala p\u0159ipravovat podep\u0159en\u00ed mostu. To bude trvat p\u0159ibli\u017en\u011b t\u00fdden, do t\u00e9 doby se nesm\u00ed nikdo pohybovat po most\u011b ani pod n\u00edm. <em>\u201eNa podep\u0159en\u00ed mostu jsme za\u010dali pracovat okam\u017eit\u011b, nejpozd\u011bji z\u00edtra budeme zn\u00e1t dodavatele, kter\u00fd most podep\u0159e, a&nbsp;budeme se sna\u017eit, aby se nejpozd\u011bji do t\u00fddne mohly na Vltavskou vr\u00e1tit tramvaje i&nbsp;p\u011b\u0161\u00ed,\u201c<\/em> \u0159\u00edk\u00e1 gener\u00e1ln\u00ed \u0159editel Technick\u00e9 spr\u00e1vy komunikac\u00ed Petr Smolka.<\/p>\r\n<p>&nbsp;<\/p>\r\n<p><strong>Tramvajov\u00fd provoz od st\u0159edy 24.&nbsp;\u0159\u00edjna 2018 od 1:30 hodin<\/strong><\/p>\r\n<p>Na stanici metra Vltavsk\u00e1 nebudou sm\u011bt kv\u016fli tomuto omezen\u00ed od dne\u0161n\u00ed p\u016flnoci \u017e\u00e1dn\u00e9 tramvaje.<\/p>\r\n<p>\u00daseky bez provozu tramvaj\u00ed:<\/p>\r\n<p>\u00b7\u00a0\u00a0\u00a0\u00a0\u00a0\u00a0\u00a0\u00a0 Strossmayerovo n\u00e1m\u011bst\u00ed \u2013 Vltavsk\u00e1 \u2013 Tussarova\/D\u011blnick\u00e1<\/p>\r\n<p>\u00b7\u00a0\u00a0\u00a0\u00a0\u00a0\u00a0\u00a0\u00a0 T\u011b\u0161nov \u2013 Vltavsk\u00e1<\/p>\r\n<p>Odklony tramvajov\u00fdch linek:<\/p>\r\n<p>\u00b7\u00a0\u00a0\u00a0\u00a0\u00a0\u00a0\u00a0\u00a0 Linky 1 a&nbsp;25 jedou odklonem ze Strossmayerova n\u00e1m\u011bst\u00ed p\u0159es V\u00fdstavi\u0161t\u011b Hole\u0161ovice, N\u00e1dra\u017e\u00ed Hole\u0161ovice a&nbsp;Ortenovo n\u00e1m\u011bst\u00ed na Maniny a&nbsp;d\u00e1le po sv\u00e9 pravideln\u00e9 trase sm\u011brem na Palmovku.<\/p>\r\n<p>\u00b7\u00a0\u00a0\u00a0\u00a0\u00a0\u00a0\u00a0\u00a0 Linka \u010d\u00edslo 14 pojede od B\u00edl\u00e9 labut\u011b p\u0159es Florenc a&nbsp;Karl\u00ednsk\u00e9 n\u00e1m\u011bst\u00ed na Palmovku a&nbsp;d\u00e1le po sv\u00e9 trase do Vyso\u010dan.<\/p>\r\n<p>\u00b7\u00a0\u00a0\u00a0\u00a0\u00a0\u00a0\u00a0\u00a0 Linka \u010d\u00edslo 12 pojede ze Strossmayerova n\u00e1m\u011bst\u00ed odklonem p\u0159es V\u00fdstavi\u0161t\u011b Hole\u0161ovice, N\u00e1dra\u017e\u00ed Hole\u0161ovice a&nbsp;Ortenovo n\u00e1m\u011bst\u00ed na Maniny a&nbsp;d\u00e1le na Palmovku.<\/p>\r\n<p>\u00b7\u00a0\u00a0\u00a0\u00a0\u00a0\u00a0\u00a0\u00a0 Spojen\u00ed k\u00a0hole\u0161ovick\u00e9 tr\u017enici zajist\u00ed p\u0159\u00edvoz P7 mezi Karl\u00ednem a&nbsp;Hole\u0161ovicemi.<\/p>\r\n<p>&nbsp;<\/p>\r\n<p><strong>Od zah\u00e1jen\u00ed provozu ve \u010dtvrtek 25.&nbsp;\u0159\u00edjna je zavedena polookru\u017en\u00ed linka \u010d\u00edslo 296 v&nbsp;trase: Pra\u017esk\u00e1 tr\u017enice &#8211; D\u011blnick\u00e1 &#8211; Pra\u017esk\u00e1 tr\u017enice.<\/strong><\/p>\r\n<p>Z\u0159izuj\u00ed se zast\u00e1vky:<\/p>\r\n<p>Pra\u017esk\u00e1 tr\u017enice &#8211; n\u00e1stupn\u00ed: v&nbsp;ul. Bubensk\u00e9 n\u00e1b\u0159e\u017e\u00ed, za vstupem do tr\u017enice<\/p>\r\n<p>Jate\u010dn\u00ed: v&nbsp;ul. Jate\u010dn\u00ed, p\u0159ed k\u0159i\u017e. s&nbsp;ul. Osadn\u00ed<\/p>\r\n<p>U Pr\u016fhonu: v&nbsp;ul. Komunard\u016f, v&nbsp;\u00farovni protilehl\u00e9 zast\u00e1vky TRAM<\/p>\r\n<p>D\u011blnick\u00e1: v&nbsp;ul. Komunard\u016f, v&nbsp;zast. TRAM<\/p>\r\n<p>Tusarova: v&nbsp;ul. Komunard\u016f v&nbsp;zast. TRAM<\/p>\r\n<p><strong>Od 25.&nbsp;\u0159\u00edjna je z\u00e1rove\u0148 zkr\u00e1cen interval linky 156 mezi 7:00 &#8211; 9:00 na 20 minut.<\/strong><\/p>\r\n<p>&nbsp;<\/p>\r\n<p><strong>N\u00e1hradn\u00ed trasa pro p\u011b\u0161\u00ed<\/strong><\/p>\r\n<p>N\u00e1hradn\u00ed trasa pro p\u011b\u0161\u00ed povede od prostoru p\u0159ed v\u00fdstupem ze stanice\u00a0metra Vltavsk\u00e1 sm\u011brem k\u00a0Bubensk\u00e9 ulici, kde mohou chodci p\u0159ej\u00edt na sv\u011bteln\u011b \u0159\u00edzen\u00e9m p\u0159echodu He\u0159manovy ulice. Standardn\u00ed pr\u016fchod pod mostem pod\u00e9l tramvajov\u00e9 trati bude tak\u00e9 uzav\u0159en.<\/p>\r\n<p>&nbsp;<\/p>\r\n<p><strong>Obj\u00edzdn\u00e9 trasy pro automobily<\/strong><\/p>\r\n<p>\u0158idi\u010di maj\u00ed dv\u011b mo\u017enosti, jak uzav\u0159en\u00fd most objet. Z\u00a0Hl\u00e1vkova mostu mohou sjet na n\u00e1b\u0159e\u017e\u00ed Kapit\u00e1na Jaro\u0161e a&nbsp;pokra\u010dovat Argentinskou do Hole\u0161ovic. Hlavn\u00ed obj\u00edzdn\u00e1 trasa do Veletr\u017en\u00ed ulice povede p\u0159es n\u00e1b\u0159e\u017e\u00ed Kapit\u00e1na Jaro\u0161e a&nbsp;ulici Dukelsk\u00fdch hrdin\u016f.<\/p>\r\n<p>&nbsp;<\/p>\r\n<p><a href=\"http:\/\/www.praha7.cz\/wp-content\/uploads\/2018\/10\/obj\u00ed\u017e\u010fky-Bubensk\u00e1.jpg\"><img loading=\"lazy\" src=\"https:\/\/www.praha7.cz\/wp-content\/uploads\/2018\/10\/obj\u00ed\u017e\u010fky-Bubensk\u00e1-1412x1000.jpg\" alt=\"\" width=\"640\" height=\"453\" class=\"alignnone size-large wp-image-20524\" srcset=\"https:\/\/www.praha7.cz\/wp-content\/uploads\/2018\/10\/obj\u00ed\u017e\u010fky-Bubensk\u00e1-1412x1000.jpg 1412w, https:\/\/www.praha7.cz\/wp-content\/uploads\/2018\/10\/obj\u00ed\u017e\u010fky-Bubensk\u00e1-565x400.jpg 565w, https:\/\/www.praha7.cz\/wp-content\/uploads\/2018\/10\/obj\u00ed\u017e\u010fky-Bubensk\u00e1-768x544.jpg 768w, https:\/\/www.praha7.cz\/wp-content\/uploads\/2018\/10\/obj\u00ed\u017e\u010fky-Bubensk\u00e1.jpg 1931w\" sizes=\"(max-width: 640px) 100vw, 640px\" \/><\/a><\/p>\r\n<p><a href=\"https:\/\/www.praha7.cz\/wp-content\/uploads\/2018\/10\/Vltavsk\u00e1-mhd-sch\u00e9ma.png\"><img loading=\"lazy\" src=\"https:\/\/www.praha7.cz\/wp-content\/uploads\/2018\/10\/Vltavsk\u00e1-mhd-sch\u00e9ma-1000x1000.png\" alt=\"\" width=\"640\" height=\"640\" class=\"alignnone size-large wp-image-20528\" srcset=\"https:\/\/www.praha7.cz\/wp-content\/uploads\/2018\/10\/Vltavsk\u00e1-mhd-sch\u00e9ma-1000x1000.png 1000w, https:\/\/www.praha7.cz\/wp-content\/uploads\/2018\/10\/Vltavsk\u00e1-mhd-sch\u00e9ma-200x200.png 200w, https:\/\/www.praha7.cz\/wp-content\/uploads\/2018\/10\/Vltavsk\u00e1-mhd-sch\u00e9ma-400x400.png 400w, https:\/\/www.praha7.cz\/wp-content\/uploads\/2018\/10\/Vltavsk\u00e1-mhd-sch\u00e9ma-768x768.png 768w, https:\/\/www.praha7.cz\/wp-content\/uploads\/2018\/10\/Vltavsk\u00e1-mhd-sch\u00e9ma.png 1456w\" sizes=\"(max-width: 640px) 100vw, 640px\" \/><\/a><\/p>\r\n<p><a href=\"https:\/\/www.praha7.cz\/wp-content\/uploads\/2018\/10\/j\u00edzdn\u00ed-\u0159\u00e1d-linky\u010d.-296.jpg\"><img loading=\"lazy\" src=\"https:\/\/www.praha7.cz\/wp-content\/uploads\/2018\/10\/j\u00edzdn\u00ed-\u0159\u00e1d-linky\u010d.-296-1415x1000.jpg\" alt=\"\" width=\"640\" height=\"452\" class=\"alignnone size-large wp-image-20604\" srcset=\"https:\/\/www.praha7.cz\/wp-content\/uploads\/2018\/10\/j\u00edzdn\u00ed-\u0159\u00e1d-linky\u010d.-296-1415x1000.jpg 1415w, https:\/\/www.praha7.cz\/wp-content\/uploads\/2018\/10\/j\u00edzdn\u00ed-\u0159\u00e1d-linky\u010d.-296-566x400.jpg 566w, https:\/\/www.praha7.cz\/wp-content\/uploads\/2018\/10\/j\u00edzdn\u00ed-\u0159\u00e1d-linky\u010d.-296-768x543.jpg 768w\" sizes=\"(max-width: 640px) 100vw, 640px\" \/><\/a><\/p>","protected":false},"excerpt":{"rendered":"[perex] Stav silni\u010dn\u00edho mostu, kter\u00fd podj\u00ed\u017ed\u011bj\u00ed tramvaje p\u0159\u00edmo u&nbsp;stanice metra Vltavsk\u00e1, se v\u00a0posledn\u00edm m\u011bs\u00edci v\u00fdrazn\u011b zhor\u0161il a&nbsp;provoz na n\u011bm i&nbsp;pod n\u00edm mus\u00ed b\u00fdt kv\u016fli bezpe\u010dnosti preventivn\u011b uzav\u0159en. Komplikace \u010dekaj\u00ed \u0159idi\u010de i&nbsp;cestuj\u00edc\u00ed ve\u0159ejnou dopravou. Uzav\u00edrka podle p\u0159edb\u011b\u017en\u00fdch odhad\u016f potrv\u00e1 minim\u00e1ln\u011b t\u00fdden, most je nezbytn\u00e9 odborn\u011b podep\u0159\u00edt. [\/perex]\u00a0\u00a0 Probl\u00e9my m\u00e1 silni\u010dn\u00ed most v\u00a0Bubensk\u00e9 ulici u&nbsp;stanice metra Vltavsk\u00e1, [&hellip;]","protected":false},"author":4,"featured_media":20521,"comment_status":"closed","ping_status":"open","sticky":false,"template":"","format":"standard","meta":[],"categories":[34],"tags":[],"_links":{"self":[{"href":"https:\/\/www.praha7.cz\/api\/wp\/v2\/posts\/20517"}],"collection":[{"href":"https:\/\/www.praha7.cz\/api\/wp\/v2\/posts"}],"about":[{"href":"https:\/\/www.praha7.cz\/api\/wp\/v2\/types\/post"}],"author":[{"embeddable":true,"href":"https:\/\/www.praha7.cz\/api\/wp\/v2\/users\/4"}],"replies":[{"embeddable":true,"href":"https:\/\/www.praha7.cz\/api\/wp\/v2\/comments?post=20517"}],"version-history":[{"count":15,"href":"https:\/\/www.praha7.cz\/api\/wp\/v2\/posts\/20517\/revisions"}],"predecessor-version":[{"id":20608,"href":"https:\/\/www.praha7.cz\/api\/wp\/v2\/posts\/20517\/revisions\/20608"}],"wp:featuredmedia":[{"embeddable":true,"href":"https:\/\/www.praha7.cz\/api\/wp\/v2\/media\/20521"}],"wp:attachment":[{"href":"https:\/\/www.praha7.cz\/api\/wp\/v2\/media?parent=20517"}],"wp:term":[{"taxonomy":"category","embeddable":true,"href":"https:\/\/www.praha7.cz\/api\/wp\/v2\/categories?post=20517"},{"taxonomy":"post_tag","embeddable":true,"href":"https:\/\/www.praha7.cz\/api\/wp\/v2\/tags?post=20517"}],"curies":[{"name":"wp","href":"https:\/\/api.w.org\/{rel}","templated":true}]}}