    
{"id":20482,"date":"2018-10-22T11:16:42","date_gmt":"2018-10-22T09:16:42","guid":{"rendered":"https:\/\/www.praha7.cz\/?p=20482"},"modified":"2018-10-22T11:16:42","modified_gmt":"2018-10-22T09:16:42","slug":"ve-stromovce-byla-zahajena-rekonstrukce-cest-na-hrazi-byvaleho-rybnika","status":"publish","type":"post","link":"https:\/\/www.praha7.cz\/ve-stromovce-byla-zahajena-rekonstrukce-cest-na-hrazi-byvaleho-rybnika\/","title":{"rendered":"Ve Stromovce byla zah\u00e1jena rekonstrukce cest na hr\u00e1zi b\u00fdval\u00e9ho rybn\u00edka"},"content":{"rendered":"<p>[perex]<\/p>\r\n<p>Ve Stromovce prob\u011bhne obnova okru\u017en\u00ed mlatov\u00e9 b\u011b\u017eeck\u00e9 trasy na hr\u00e1zi b\u00fdval\u00e9ho rybn\u00edka. Z\u00e1rove\u0148 se zde uskute\u010dn\u00ed rekonstrukce promen\u00e1dy pro p\u011b\u0161\u00ed v&nbsp;historick\u00e9 ose V\u00fdstavi\u0161t\u011b \u2013 \u0160lechtovka, v\u00fdm\u011bna ve\u0159ejn\u00e9ho osv\u011btlen\u00ed \u010di instalace nov\u00e9ho mobili\u00e1\u0159e. Ve dnech od 22.&nbsp;10.&nbsp;do 1.&nbsp;11.&nbsp;budou realizov\u00e1ny stavebn\u00ed v\u00fdkopov\u00e9 pr\u00e1ce na asfaltov\u00e9 komunikaci na hr\u00e1zi, s\u00a0nimi\u017e bude spojeno do\u010dasn\u00e9 omezen\u00ed provozu.<\/p>\r\n<p>[\/perex]<\/p>\r\n<p>V\u00a0r\u00e1mci takzvan\u00e9ho zokruhovan\u00ed ve\u0159ejn\u00e9ho osv\u011btlen\u00ed dojde k&nbsp;v\u00fdm\u011bn\u011b star\u00e9ho osv\u011btlen\u00ed za nov\u00fd typ. Nov\u011b bude nasv\u011btlena i&nbsp;zb\u00fdvaj\u00edc\u00ed \u010d\u00e1st obvodov\u00e9 komunikace lemovan\u00e9 stromo\u0159ad\u00edmi na b\u00fdval\u00e9 hr\u00e1zi. Sou\u010d\u00e1st\u00ed rekonstrukce je tak\u00e9 regenerace podrostov\u00fdch tr\u00e1vn\u00edk\u016f pod\u00e9l obnovovan\u00fdch mlatov\u00fdch cest. N\u00e1sledn\u011b bude na hr\u00e1zi um\u00edst\u011bn tak\u00e9 nov\u00fd mobili\u00e1\u0159. Asfaltov\u00e1 komunikace bude opravena a\u017e po skon\u010den\u00ed velk\u00fdch stavebn\u00edch \u00faprav v&nbsp;centr\u00e1ln\u00ed \u010d\u00e1sti Stromovky.<\/p>\r\n<p>Akci realizuje hl. m. Praha &#8211; Odbor ochrany prost\u0159ed\u00ed. Pr\u00e1ce budou ukon\u010deny s&nbsp;p\u0159\u00edchodem zimy. \u00dapravy budou pokra\u010dovat v\u00a0p\u0159\u00ed\u0161t\u00edm roce.<img loading=\"lazy\" src=\"https:\/\/www.praha7.cz\/wp-content\/uploads\/2018\/10\/Stromovka-pl\u00e1nek-594x400.jpg\" alt=\"\" width=\"594\" height=\"400\" class=\"alignnone size-medium wp-image-20485\" srcset=\"https:\/\/www.praha7.cz\/wp-content\/uploads\/2018\/10\/Stromovka-pl\u00e1nek-594x400.jpg 594w, https:\/\/www.praha7.cz\/wp-content\/uploads\/2018\/10\/Stromovka-pl\u00e1nek.jpg 720w\" sizes=\"(max-width: 594px) 100vw, 594px\" \/><\/p>","protected":false},"excerpt":{"rendered":"[perex] Ve Stromovce prob\u011bhne obnova okru\u017en\u00ed mlatov\u00e9 b\u011b\u017eeck\u00e9 trasy na hr\u00e1zi b\u00fdval\u00e9ho rybn\u00edka. Z\u00e1rove\u0148 se zde uskute\u010dn\u00ed rekonstrukce promen\u00e1dy pro p\u011b\u0161\u00ed v&nbsp;historick\u00e9 ose V\u00fdstavi\u0161t\u011b \u2013 \u0160lechtovka, v\u00fdm\u011bna ve\u0159ejn\u00e9ho osv\u011btlen\u00ed \u010di instalace nov\u00e9ho mobili\u00e1\u0159e. Ve dnech od 22.&nbsp;10.&nbsp;do 1.&nbsp;11.&nbsp;budou realizov\u00e1ny stavebn\u00ed v\u00fdkopov\u00e9 pr\u00e1ce na asfaltov\u00e9 komunikaci na hr\u00e1zi, s\u00a0nimi\u017e bude spojeno do\u010dasn\u00e9 omezen\u00ed provozu. [\/perex] V\u00a0r\u00e1mci [&hellip;]","protected":false},"author":5,"featured_media":20483,"comment_status":"closed","ping_status":"open","sticky":false,"template":"","format":"standard","meta":[],"categories":[34],"tags":[],"_links":{"self":[{"href":"https:\/\/www.praha7.cz\/api\/wp\/v2\/posts\/20482"}],"collection":[{"href":"https:\/\/www.praha7.cz\/api\/wp\/v2\/posts"}],"about":[{"href":"https:\/\/www.praha7.cz\/api\/wp\/v2\/types\/post"}],"author":[{"embeddable":true,"href":"https:\/\/www.praha7.cz\/api\/wp\/v2\/users\/5"}],"replies":[{"embeddable":true,"href":"https:\/\/www.praha7.cz\/api\/wp\/v2\/comments?post=20482"}],"version-history":[{"count":2,"href":"https:\/\/www.praha7.cz\/api\/wp\/v2\/posts\/20482\/revisions"}],"predecessor-version":[{"id":20486,"href":"https:\/\/www.praha7.cz\/api\/wp\/v2\/posts\/20482\/revisions\/20486"}],"wp:featuredmedia":[{"embeddable":true,"href":"https:\/\/www.praha7.cz\/api\/wp\/v2\/media\/20483"}],"wp:attachment":[{"href":"https:\/\/www.praha7.cz\/api\/wp\/v2\/media?parent=20482"}],"wp:term":[{"taxonomy":"category","embeddable":true,"href":"https:\/\/www.praha7.cz\/api\/wp\/v2\/categories?post=20482"},{"taxonomy":"post_tag","embeddable":true,"href":"https:\/\/www.praha7.cz\/api\/wp\/v2\/tags?post=20482"}],"curies":[{"name":"wp","href":"https:\/\/api.w.org\/{rel}","templated":true}]}}