    
{"id":20269,"date":"2018-10-11T15:28:45","date_gmt":"2018-10-11T13:28:45","guid":{"rendered":"https:\/\/www.praha7.cz\/?p=20269"},"modified":"2018-10-11T15:29:51","modified_gmt":"2018-10-11T13:29:51","slug":"rekonstrukce-stanice-vltavska","status":"publish","type":"post","link":"https:\/\/www.praha7.cz\/rekonstrukce-stanice-vltavska\/","title":{"rendered":"Rekonstrukce stanice Vltavsk\u00e1"},"content":{"rendered":"<p>[perex]<\/p>\r\n<p>Stanice metra Vltavsk\u00e1 a&nbsp;jej\u00ed bezprost\u0159edn\u00ed okol\u00ed proch\u00e1z\u00ed rozs\u00e1hl\u00fdmi \u00fapravami, kter\u00e9 realizuje Dopravn\u00ed podnik hl. m. Prahy ve spolupr\u00e1ci s\u00a0M\u010c Praha&nbsp;7. C\u00edlem je ud\u011blat prostor tohoto vyt\u00ed\u017een\u00e9ho uzlu MHD pro cestuj\u00edc\u00ed p\u0159ehledn\u011bj\u0161\u00ed, p\u0159\u00edstupn\u011bj\u0161\u00ed a&nbsp;celkov\u011b p\u0159\u00edv\u011btiv\u011bj\u0161\u00ed.<\/p>\r\n<p>[\/perex]<\/p>\r\n<p>Vzhledem k&nbsp;dlouhodob\u011b neut\u011b\u0161en\u00e9mu stavu stanice metra Vltavsk\u00e1 a&nbsp;jej\u00edho bezprost\u0159edn\u00edho okol\u00ed p\u0159ipravila M\u010c Praha&nbsp;7 v&nbsp;sou\u010dinnosti s&nbsp;Dopravn\u00edm podnikem hl. m. Prahy revitalizaci t\u00e9to lokality. Odborem rozvoje Prahy&nbsp;7 byla provedena anal\u00fdza sou\u010dasn\u00e9ho stavu a&nbsp;vypracov\u00e1n n\u00e1vrh mo\u017en\u00fdch \u00faprav. Navr\u017eeno bylo zlep\u0161en\u00ed p\u0159ehlednosti prostoru odstran\u011bn\u00edm bari\u00e9r, o\u017eiven\u00ed zanedban\u00fdch m\u00edst, sjednocen\u00ed a&nbsp;dopln\u011bn\u00ed mobili\u00e1\u0159e a&nbsp;zlep\u0161en\u00ed stavu n\u011bkter\u00fdch st\u00e1vaj\u00edc\u00edch ploch a&nbsp;konstrukc\u00ed. Na z\u00e1klad\u011b zpracovan\u00e9 anal\u00fdzy a&nbsp;vst\u0159\u00edcn\u00e9ho postoje Dopravn\u00edho podniku hl. m. Prahy do\u0161lo k&nbsp;realizaci d\u00edl\u010d\u00edch \u00faprav a&nbsp;p\u0159\u00edprav\u011b rozs\u00e1hlej\u0161\u00edch z\u00e1sah\u016f, jejich\u017e sou\u010d\u00e1st\u00ed je i&nbsp;rekonstrukce nadzemn\u00ed \u010d\u00e1sti objektu stanice metra Vltavsk\u00e1, oprava font\u00e1ny Faun Vltavsk\u00e1 a&nbsp;\u00fapravy p\u0159ilehl\u00e9ho okol\u00ed.<\/p>\r\n<p>Aktu\u00e1ln\u011b prob\u00edh\u00e1 rekonstrukce oken a&nbsp;dal\u0161\u00edch \u010d\u00e1st\u00ed objektu stanice a&nbsp;tak\u00e9 okoln\u00edch ploch a&nbsp;schodi\u0161\u0165. Na tuto etapu nav\u00e1\u017ee rekonstrukce font\u00e1ny Faun Vltavsk\u00e1 a&nbsp;jej\u00edho okol\u00ed. Podoba objektu v\u010detn\u011b vazeb na okoln\u00ed ve\u0159ejn\u00fd prostor z\u016fstane po rekonstrukci zachov\u00e1na.<\/p>\r\n<p>Cel\u00e1 akce je rozd\u011blena do \u010dty\u0159 etap. Prvn\u00ed ji\u017e prob\u011bhlou etapou byla demolice nepot\u0159ebn\u00e9 l\u00e1vky pro p\u011b\u0161\u00ed a&nbsp;oprava to\u010dit\u00e9ho schodi\u0161t\u011b u&nbsp;vestibulu metra, kter\u00e1 prob\u011bhla v&nbsp;lo\u0148sk\u00e9m roce. Druhou etapou je oprava nadzemn\u00ed \u010d\u00e1sti objektu a&nbsp;schodi\u0161\u0165, kter\u00e1 pr\u00e1v\u011b prob\u00edh\u00e1. T\u0159et\u00ed etapou je oprava font\u00e1ny Faun Vltavsk\u00e1, kter\u00e1 by m\u011bla b\u00fdt zah\u00e1jena do konce roku 2018, na n\u00ed po\u010d\u00e1tkem roku 2019 nav\u00e1\u017ee etapa \u010dtvrt\u00e1, kter\u00e1 bude v\u011bnov\u00e1na \u00faprav\u00e1m prostoru p\u0159ed font\u00e1nou (takzvan\u00e9mu atriu) a&nbsp;tramvajov\u00fdm zast\u00e1vk\u00e1m.<\/p>\r\n<p>Sou\u010d\u00e1st\u00ed \u010dtvrt\u00e9 etapy je tak\u00e9 nov\u00e9 \u0159e\u0161en\u00ed a&nbsp;rekonstrukce povrch\u016f v\u0161ech vn\u011bj\u0161\u00edch ploch atria.\u00a0 Plochy budou n\u00e1sledn\u011b streetartov\u011b pojaty, o&nbsp;konkr\u00e9tn\u00ed podob\u011b by m\u011bla rozhodnout otev\u0159en\u00e1 sout\u011b\u017e. P\u0159\u00edpravu sout\u011b\u017ee pl\u00e1nuje Praha&nbsp;7 ve spolupr\u00e1ci s&nbsp;Dopravn\u00edm podnikem na p\u0159\u00ed\u0161t\u00ed rok, v&nbsp;n\u00e1vaznosti na pr\u016fb\u011bh \u010dtvrt\u00e9 etapy \u00faprav. Jeliko\u017e o&nbsp;ztv\u00e1rn\u011bn\u00ed ploch eviduje m\u011bstsk\u00e1 \u010d\u00e1st ji\u017e v&nbsp;tuto chv\u00edli ze strany um\u011blc\u016f velk\u00fd z\u00e1jem, a&nbsp;to nejen v&nbsp;prostoru vn\u011bj\u0161\u00edho atria, ale i&nbsp;\u0161ir\u0161\u00edho \u00fazem\u00ed lokality Vltavsk\u00e1, p\u0159edpokl\u00e1d\u00e1me obs\u00e1hlej\u0161\u00ed diskuzi nad mo\u017en\u00fdm v\u00fdtvarn\u00fdm pojet\u00edm t\u00e9to oblasti.<\/p>","protected":false},"excerpt":{"rendered":"[perex] Stanice metra Vltavsk\u00e1 a&nbsp;jej\u00ed bezprost\u0159edn\u00ed okol\u00ed proch\u00e1z\u00ed rozs\u00e1hl\u00fdmi \u00fapravami, kter\u00e9 realizuje Dopravn\u00ed podnik hl. m. Prahy ve spolupr\u00e1ci s\u00a0M\u010c Praha&nbsp;7. C\u00edlem je ud\u011blat prostor tohoto vyt\u00ed\u017een\u00e9ho uzlu MHD pro cestuj\u00edc\u00ed p\u0159ehledn\u011bj\u0161\u00ed, p\u0159\u00edstupn\u011bj\u0161\u00ed a&nbsp;celkov\u011b p\u0159\u00edv\u011btiv\u011bj\u0161\u00ed. [\/perex] Vzhledem k&nbsp;dlouhodob\u011b neut\u011b\u0161en\u00e9mu stavu stanice metra Vltavsk\u00e1 a&nbsp;jej\u00edho bezprost\u0159edn\u00edho okol\u00ed p\u0159ipravila M\u010c Praha&nbsp;7 v&nbsp;sou\u010dinnosti s&nbsp;Dopravn\u00edm podnikem hl. m. Prahy [&hellip;]","protected":false},"author":5,"featured_media":20273,"comment_status":"closed","ping_status":"open","sticky":false,"template":"","format":"standard","meta":[],"categories":[34,74],"tags":[],"_links":{"self":[{"href":"https:\/\/www.praha7.cz\/api\/wp\/v2\/posts\/20269"}],"collection":[{"href":"https:\/\/www.praha7.cz\/api\/wp\/v2\/posts"}],"about":[{"href":"https:\/\/www.praha7.cz\/api\/wp\/v2\/types\/post"}],"author":[{"embeddable":true,"href":"https:\/\/www.praha7.cz\/api\/wp\/v2\/users\/5"}],"replies":[{"embeddable":true,"href":"https:\/\/www.praha7.cz\/api\/wp\/v2\/comments?post=20269"}],"version-history":[{"count":2,"href":"https:\/\/www.praha7.cz\/api\/wp\/v2\/posts\/20269\/revisions"}],"predecessor-version":[{"id":20276,"href":"https:\/\/www.praha7.cz\/api\/wp\/v2\/posts\/20269\/revisions\/20276"}],"wp:featuredmedia":[{"embeddable":true,"href":"https:\/\/www.praha7.cz\/api\/wp\/v2\/media\/20273"}],"wp:attachment":[{"href":"https:\/\/www.praha7.cz\/api\/wp\/v2\/media?parent=20269"}],"wp:term":[{"taxonomy":"category","embeddable":true,"href":"https:\/\/www.praha7.cz\/api\/wp\/v2\/categories?post=20269"},{"taxonomy":"post_tag","embeddable":true,"href":"https:\/\/www.praha7.cz\/api\/wp\/v2\/tags?post=20269"}],"curies":[{"name":"wp","href":"https:\/\/api.w.org\/{rel}","templated":true}]}}