    
{"id":19924,"date":"2018-10-02T11:24:20","date_gmt":"2018-10-02T09:24:20","guid":{"rendered":"https:\/\/www.praha7.cz\/?p=19924"},"modified":"2018-10-02T11:39:49","modified_gmt":"2018-10-02T09:39:49","slug":"deti-z-prahy-7-budou-mit-detskou-skupinu-pod-bitvou-u-lipan","status":"publish","type":"post","link":"https:\/\/www.praha7.cz\/deti-z-prahy-7-budou-mit-detskou-skupinu-pod-bitvou-u-lipan\/","title":{"rendered":"D\u011bti z&nbsp;Prahy&nbsp;7 budou m\u00edt d\u011btskou skupinu pod Bitvou u&nbsp;Lipan"},"content":{"rendered":"<p>[perex]<\/p>\r\n<p>M\u011bstsk\u00e1 \u010d\u00e1st Praha&nbsp;7 a&nbsp;V\u00fdstavi\u0161t\u011b Praha otev\u00edraj\u00ed d\u011btskou skupinu pod slavnou Bitvou u&nbsp;Lipan. V\u00a0objektu na V\u00fdstavi\u0161ti, kde je um\u00edst\u011bno Maroldovo panorama, byly upraveny prostory pro p\u0159ed\u0161koln\u00ed vzd\u011bl\u00e1v\u00e1n\u00ed dvan\u00e1cti d\u011bt\u00ed od dvou let. Z\u00e1pisy prob\u011bhnou ve dnech 3.&nbsp;a&nbsp;4.&nbsp;\u0159\u00edjna v\u00a0M\u0160 U&nbsp;Stud\u00e1nky 4.<\/p>\r\n<p>[\/perex]<\/p>\r\n<p><em>\u201eZa uplynul\u00e9 volebn\u00ed obdob\u00ed jsme roz\u0161\u00ed\u0159ili kapacity na\u0161ich \u0161kolek o&nbsp;250 m\u00edst. D\u00edky tomu se rodi\u010de v\u00a0Praze 7 nemus\u00ed b\u00e1t, \u017ee se jejich d\u011bti do \u0161kolky nedostanou. Letos p\u0159ij\u00edm\u00e1me v\u0161echny d\u011bti, kter\u00e9 se p\u0159ihl\u00e1s\u00ed. Vzhledem k\u00a0tomu, \u017ee po\u010dty d\u011bt\u00ed st\u00e1le nar\u016fstaj\u00ed, je t\u0159eba d\u00e1le hledat mo\u017enosti, kam je um\u00edstit,\u201c<\/em> uvedl <em><strong>starosta Prahy&nbsp;7 a&nbsp;kandid\u00e1t na prim\u00e1tora za hnut\u00ed PRAHA SOB\u011a Jan \u010ci\u017einsk\u00fd<\/strong><\/em>.\u00a0\u00a0\u00a0<\/p>\r\n<p>Praha&nbsp;7 se dohodla na spolupr\u00e1ci s\u00a0V\u00fdstavi\u0161t\u011bm Praha, kter\u00e9 zrealizovalo \u00fapravy prostoru v\u00a0objektu Maroldova panoramatu pro pot\u0159eby d\u011btsk\u00e9 skupiny.<\/p>\r\n<p>D\u011btsk\u00e1 skupina Panorama je ur\u010dena pro 12 d\u011bt\u00ed od 2 let a\u017e do p\u0159ed\u0161koln\u00edho v\u011bku. Z\u00e1pisy prob\u011bhnou ve dnech 3.\u00a0a\u00a04.\u00a0\u0159\u00edjna 2018 od 13:30 do 16:00 hodin v\u00a0kancel\u00e1\u0159i z\u00e1stupkyn\u011b \u0159editele v\u00a0budov\u011b Mate\u0159sk\u00e9 \u0161koly U\u00a0Stud\u00e1nky 4.\u00a0Otev\u0159en\u00ed d\u011btsk\u00e9 skupiny je pl\u00e1nov\u00e1no na p\u0159elomu roku. V\u00edce informac\u00ed k\u00a0z\u00e1pisu naleznete <a href=\"https:\/\/www.praha7.cz\/zapis-do-detske-skupiny-panorama\/\">zde<\/a>.<\/p>\r\n<p><em>\u201eO\u010dek\u00e1v\u00e1me, \u017ee k\u00a0z\u00e1pisu p\u0159ijdou sp\u00ed\u0161e mlad\u0161\u00ed d\u011bti, jeliko\u017e ty star\u0161\u00ed jsou ji\u017e ve \u0161kolk\u00e1ch. V\u011b\u0159\u00edm, \u017ee vyt\u00ed\u017een\u00fdm rodi\u010d\u016fm tato mo\u017enost pom\u016f\u017ee a&nbsp;d\u011bti budou r\u00e1dy tr\u00e1vit \u010das v\u00a0zaj\u00edmav\u00e9m prost\u0159ed\u00ed,\u201c<\/em> doplnil <em><strong>starosta \u010ci\u017einsk\u00fd<\/strong><\/em>.<\/p>\r\n<p>Praha&nbsp;7 letos v\u00a0z\u00e1\u0159\u00ed ji\u017e otev\u0159ela novou \u0161kolku Visionary pro 40 d\u011bt\u00ed a&nbsp;novou t\u0159\u00eddu mate\u0159sk\u00e9 \u0161kolky pro 22 d\u011bt\u00ed ve Vod\u00e1rensk\u00e9 v\u011b\u017ei na Letn\u00e9. Od ledna 2019 se bude otev\u00edrat polodenn\u00ed t\u0159\u00edda pro 15 d\u011bt\u00ed v\u00a0M\u0160 Na V\u00fd\u0161in\u00e1ch.\u00a0 \u00a0\u00a0<\/p>","protected":false},"excerpt":{"rendered":"[perex] M\u011bstsk\u00e1 \u010d\u00e1st Praha&nbsp;7 a&nbsp;V\u00fdstavi\u0161t\u011b Praha otev\u00edraj\u00ed d\u011btskou skupinu pod slavnou Bitvou u&nbsp;Lipan. V\u00a0objektu na V\u00fdstavi\u0161ti, kde je um\u00edst\u011bno Maroldovo panorama, byly upraveny prostory pro p\u0159ed\u0161koln\u00ed vzd\u011bl\u00e1v\u00e1n\u00ed dvan\u00e1cti d\u011bt\u00ed od dvou let. Z\u00e1pisy prob\u011bhnou ve dnech 3.&nbsp;a&nbsp;4.&nbsp;\u0159\u00edjna v\u00a0M\u0160 U&nbsp;Stud\u00e1nky 4. [\/perex] \u201eZa uplynul\u00e9 volebn\u00ed obdob\u00ed jsme roz\u0161\u00ed\u0159ili kapacity na\u0161ich \u0161kolek o&nbsp;250 m\u00edst. D\u00edky tomu se [&hellip;]","protected":false},"author":5,"featured_media":19932,"comment_status":"closed","ping_status":"open","sticky":false,"template":"","format":"standard","meta":[],"categories":[34,74],"tags":[],"_links":{"self":[{"href":"https:\/\/www.praha7.cz\/api\/wp\/v2\/posts\/19924"}],"collection":[{"href":"https:\/\/www.praha7.cz\/api\/wp\/v2\/posts"}],"about":[{"href":"https:\/\/www.praha7.cz\/api\/wp\/v2\/types\/post"}],"author":[{"embeddable":true,"href":"https:\/\/www.praha7.cz\/api\/wp\/v2\/users\/5"}],"replies":[{"embeddable":true,"href":"https:\/\/www.praha7.cz\/api\/wp\/v2\/comments?post=19924"}],"version-history":[{"count":4,"href":"https:\/\/www.praha7.cz\/api\/wp\/v2\/posts\/19924\/revisions"}],"predecessor-version":[{"id":19929,"href":"https:\/\/www.praha7.cz\/api\/wp\/v2\/posts\/19924\/revisions\/19929"}],"wp:featuredmedia":[{"embeddable":true,"href":"https:\/\/www.praha7.cz\/api\/wp\/v2\/media\/19932"}],"wp:attachment":[{"href":"https:\/\/www.praha7.cz\/api\/wp\/v2\/media?parent=19924"}],"wp:term":[{"taxonomy":"category","embeddable":true,"href":"https:\/\/www.praha7.cz\/api\/wp\/v2\/categories?post=19924"},{"taxonomy":"post_tag","embeddable":true,"href":"https:\/\/www.praha7.cz\/api\/wp\/v2\/tags?post=19924"}],"curies":[{"name":"wp","href":"https:\/\/api.w.org\/{rel}","templated":true}]}}